{"id":101,"date":"2020-09-10T00:02:50","date_gmt":"2020-09-09T21:02:50","guid":{"rendered":"http:\/\/www.habertelgraf.com\/?p=101"},"modified":"2020-09-10T00:06:53","modified_gmt":"2020-09-09T21:06:53","slug":"abdullah-agar-silah-arkadasi-sehit-sezgin-erdogan-i-anlatti","status":"publish","type":"post","link":"http:\/\/www.habertelgraf.com\/?p=101","title":{"rendered":"Abdullah A\u011far silah arkada\u015f\u0131 \u015fehit Sezgin Erdo\u011fan \u0131 anlatt\u0131"},"content":{"rendered":"\n<p class=\"has-drop-cap has-normal-font-size\">Ter\u00f6r ve g\u00fcvenlik uzman\u0131 Abdullah A\u011far \u015fehit silah arkada\u015flar\u0131 i\u00e7in duygu dolu bir payla\u015f\u0131m yapt\u0131 <\/p>\n\n\n\n<p>\u00c7\u00f6lde \u015fehit bir komutan.<br>Tu\u011fgeneral Sezgin Erdo\u011fan<\/p>\n\n\n\n<p>Ay ve g\u00fcn\u00fc hat\u0131rlam\u0131yorum. Y\u0131l 1993, Yer Bolu Komd Tugay\u0131. Sabah sporunda iki TE\u011eMEN yan\u0131m\u0131za geldi. Biri Sezgin ERDO\u011eAN di\u011feri Bekir \u00d6ZT\u00dcRK.<br>Sezgin&#8217;nin g\u00f6be\u011fi \u00e7ok dikkat \u00e7ekiciydi. \u201cG\u00f6bekli Te\u011fmen mi olur\u201d dedim, \u201cHadi gel kol \u00e7ekelim.\u201d \u00c7ektik.<br>Bekir daha sportmen ve atak g\u00f6r\u00fcn\u00fcyordu. Ona teklif etmedim.<br>\u201cSize bu g\u00fcne kadar ne \u00f6\u011frendiysem b\u0131kmadan, yorulmadan \u00f6\u011fretece\u011fim, ama hi\u00e7 acele etmeyeceksiniz, \u00f6\u011frenmeye haz\u0131r m\u0131s\u0131n\u0131z?\u201d diye sordum.<br>Te\u011fmen te\u011fmen heyecanla cevap verdiler.<br>Onlar art\u0131k benim \u2018K\u00dc\u00c7\u00dcK GENERALLER\u0130M\u2019di.<br>Akl\u0131ma \u00f6\u011fretilecek bir \u015fey gelince haberciye &#8220;\u00c7a\u011f\u0131r benim K\u00fc\u00e7\u00fck Generallerimi&#8221; derdim. Ko\u015fa ko\u015fa, heyecanla gelir, dinler, \u00f6\u011frenir ve uygularlard\u0131.<br>B\u00f6l\u00fck komutanlar\u0131 bu hususta tembihliydi ve onlar\u0131 desteklerlerdi.<br>Sonra da\u011fda bir operasyonda Te\u011fmen Bekir, gece harekat\u0131 i\u00e7in s\u0131zma yapan b\u00f6l\u00fc\u011f\u00fc pusuya d\u00fc\u015f\u00fcrecek ter\u00f6rist grupla temas sa\u011flad\u0131. Manevray\u0131 \u00e7at\u0131\u015fmay\u0131 \u00e7ok g\u00fczel sevk ve idare ediyordu, ama komutanl\u0131k i\u015fte, bir ara bir m\u00fcdahalede bulunmak istedim.<br>Dedi ki telsizden soluk solu\u011fa, b\u0131\u00e7k\u0131n, bitirim, delice bir kararl\u0131l\u0131kla; &#8220;\u00d6\u011fretti\u011fin her\u015feyi uygulayaca\u011f\u0131m, ama baz\u0131s\u0131na daha s\u0131ra gelmedi, acele etme, biliyorum komutan\u0131m&#8221; diye beni bir g\u00fczel azarlad\u0131.<br>\u201cBeremi yere \u00e7arpt\u0131m\u201d bu f\u0131r\u00e7aya, \u201cOldu bu i\u015f, ba\u015fard\u0131m.\u201d<br>B\u00f6l\u00fck s\u0131zd\u0131, temas sa\u011flayan kol zayiats\u0131z, hem de kar\u015f\u0131 taraftan ter\u00f6rist indirerek g\u00f6revini yapt\u0131.<br>\u0130\u015fte benim Sezgin Erdo\u011fan\u2019la g\u00f6reve ba\u015flayan bu k\u00fc\u00e7\u00fck generalim Te\u011fmen Bekir \u00d6ZT\u00dcRK, daha sonra Bing\u00f6l\u2019de \u015fehit oldu.<br>Di\u011fer k\u00fc\u00e7\u00fck generalim Te\u011fmen Sezgin Erdo\u011fan ise yoluna devam etti. G\u00f6rev yapmad\u0131\u011f\u0131 komando birli\u011fi, \u00d6zel Kuvvetler, da\u011f ta\u015f, Cudi Gabar kalmad\u0131.<br>\u00c7ok s\u0131k de\u011fil ama g\u00f6r\u00fc\u015f\u00fcrd\u00fck. En son kurban Bayram\u0131nda arad\u0131. Uzun uzun konu\u015ftuk.<br>Y\u0131llar sonra ilk Tb. Komutan\u0131na her seferinde s\u00f6ylediklerini yine s\u00f6yledi. Nas\u0131l mutlu oldu\u011fumu anlatamam.<br>Bekir Te\u011fmen \u00e7ok erken gitmi\u015fti de, sen de \u00e7ok erken gittin be, benim G\u00f6bekli Te\u011fmenim.<br>Anlayaca\u011f\u0131n\u0131z el verdi\u011fim K\u00fc\u00e7\u00fck General Te\u011fmenlerimin hepsi gitti.<br>Ruhunuz \u015fad olsun.<br>Em. Albay Erdin\u00e7 \u00d6zt\u00fcrk<br>Biz da\u011fdaki tim komutanlar\u0131n\u0131n sayg\u0131 duydu\u011fu, de\u011fer verdi\u011fi Komando B\u00f6l\u00fck ve Tabur Komutan\u0131<\/p>\n\n\n\n<figure class=\"wp-block-embed-twitter wp-block-embed is-type-rich is-provider-twitter\"><div class=\"wp-block-embed__wrapper\">\n<blockquote class=\"twitter-tweet\" data-width=\"550\" data-dnt=\"true\"><p lang=\"tr\" dir=\"ltr\">\u00c7\u00f6lde \u015fehit bir komutan.<br>Tu\u011fgeneral Sezgin Erdo\u011fan <a href=\"https:\/\/t.co\/Y62OFDyOWY\">pic.twitter.com\/Y62OFDyOWY<\/a><\/p>&mdash; Abdullah A\u011far (@abdullahagar2) <a href=\"https:\/\/twitter.com\/abdullahagar2\/status\/1303732712646340609?ref_src=twsrc%5Etfw\">September 9, 2020<\/a><\/blockquote><script async src=\"https:\/\/platform.twitter.com\/widgets.js\" charset=\"utf-8\"><\/script>\n<\/div><\/figure>\n","protected":false},"excerpt":{"rendered":"<p>Ter\u00f6r ve g\u00fcvenlik uzman\u0131 Abdullah A\u011far \u015fehit silah arkada\u015flar\u0131 i\u00e7in duygu dolu bir payla\u015f\u0131m yapt\u0131 \u00c7\u00f6lde \u015fehit bir komutan.Tu\u011fgeneral Sezgin Erdo\u011fan Ay ve g\u00fcn\u00fc hat\u0131rlam\u0131yorum. Y\u0131l 1993, Yer Bolu Komd Tugay\u0131. Sabah sporunda iki TE\u011eMEN yan\u0131m\u0131za geldi. Biri Sezgin ERDO\u011eAN di\u011feri Bekir \u00d6ZT\u00dcRK.Sezgin&#8217;nin g\u00f6be\u011fi \u00e7ok dikkat \u00e7ekiciydi. \u201cG\u00f6bekli Te\u011fmen mi olur\u201d dedim, \u201cHadi gel kol &hellip;<\/p>\n","protected":false},"author":1,"featured_media":53,"comment_status":"open","ping_status":"open","sticky":false,"template":"","format":"standard","meta":[],"categories":[1],"tags":[],"_links":{"self":[{"href":"http:\/\/www.habertelgraf.com\/index.php?rest_route=\/wp\/v2\/posts\/101"}],"collection":[{"href":"http:\/\/www.habertelgraf.com\/index.php?rest_route=\/wp\/v2\/posts"}],"about":[{"href":"http:\/\/www.habertelgraf.com\/index.php?rest_route=\/wp\/v2\/types\/post"}],"author":[{"embeddable":true,"href":"http:\/\/www.habertelgraf.com\/index.php?rest_route=\/wp\/v2\/users\/1"}],"replies":[{"embeddable":true,"href":"http:\/\/www.habertelgraf.com\/index.php?rest_route=%2Fwp%2Fv2%2Fcomments&post=101"}],"version-history":[{"count":3,"href":"http:\/\/www.habertelgraf.com\/index.php?rest_route=\/wp\/v2\/posts\/101\/revisions"}],"predecessor-version":[{"id":104,"href":"http:\/\/www.habertelgraf.com\/index.php?rest_route=\/wp\/v2\/posts\/101\/revisions\/104"}],"wp:featuredmedia":[{"embeddable":true,"href":"http:\/\/www.habertelgraf.com\/index.php?rest_route=\/wp\/v2\/media\/53"}],"wp:attachment":[{"href":"http:\/\/www.habertelgraf.com\/index.php?rest_route=%2Fwp%2Fv2%2Fmedia&parent=101"}],"wp:term":[{"taxonomy":"category","embeddable":true,"href":"http:\/\/www.habertelgraf.com\/index.php?rest_route=%2Fwp%2Fv2%2Fcategories&post=101"},{"taxonomy":"post_tag","embeddable":true,"href":"http:\/\/www.habertelgraf.com\/index.php?rest_route=%2Fwp%2Fv2%2Ftags&post=101"}],"curies":[{"name":"wp","href":"https:\/\/api.w.org\/{rel}","templated":true}]}}