{"id":105,"date":"2020-09-10T00:57:09","date_gmt":"2020-09-09T21:57:09","guid":{"rendered":"http:\/\/www.habertelgraf.com\/?p=105"},"modified":"2020-09-11T02:44:01","modified_gmt":"2020-09-10T23:44:01","slug":"bu-kadar-sapigin-ayni-anda-cikmasina-inanalim-mi-simdi","status":"publish","type":"post","link":"http:\/\/www.habertelgraf.com\/?p=105","title":{"rendered":"Bu kadar sap\u0131\u011f\u0131n ayn\u0131 anda ortaya \u00e7\u0131kmas\u0131na inanal\u0131m m\u0131 \u015fimdi?"},"content":{"rendered":"\n<p class=\"has-medium-font-size\"><\/p>\n\n\n\n<p class=\"has-medium-font-size\">\u0130slami tarikatlar &#8211; cemaatler ile ilgili konuyu iki farkl\u0131 ba\u015fl\u0131kta tart\u0131\u015fmam\u0131z laz\u0131m.<\/p>\n\n\n\n<p class=\"has-medium-font-size\"><strong>1. Ba\u015fl\u0131k<\/strong>: Her konu her yerde konu\u015fulmaz! Her \u015fey her ortamda s\u00f6ylenmez kural\u0131n\u0131 \u00e7i\u011fneyenler&#8230;<\/p>\n\n\n\n<p class=\"has-medium-font-size\"><strong>2. Ba\u015fl\u0131k<\/strong>: ajanlar <\/p>\n\n\n\n<p>Birinci ba\u015fl\u0131kta olanlar yanl\u0131\u015f bir yol izliyorlar. Stratejik hata yap\u0131yorlar.  Asans\u00f6rde kad\u0131nla erkek bir arada olur mu? Travestiye Kur&#8217;an \u00f6\u011fretilir mi? Gibi &#8220;\u015fimdi bunu kim sana sordu?&#8221; diyece\u011fimiz konular\u0131 toplum \u00f6n\u00fcnde medyada konu\u015fuyorlar.<\/p>\n\n\n\n<p>Kimi ilgi \u00e7ekmek i\u00e7in, kimi belki bu konuda biri merak etmi\u015ftir ona da cevap vereyim diyerek b\u00f6yle konulara giriyor. <\/p>\n\n\n\n<p>Durup dururken&#8230; <\/p>\n\n\n\n<p>Kimse sormam\u0131\u015fken&#8230; <\/p>\n\n\n\n<p>Asans\u00f6rde bir kad\u0131nla yaln\u0131z ba\u015f\u0131na kalmak halvet midir, de\u011fil midir tart\u0131\u015fmas\u0131n\u0131 ortaya \u00e7\u0131kar\u0131nca insanlar do\u011fal olarak soruyor: <\/p>\n\n\n\n<p>-&#8220;Yahu bu m\u00fcsl\u00fcmanlar sap\u0131k m\u0131?&#8221;<\/p>\n\n\n\n<p>S\u00fcrekli d\u00f6rt kad\u0131nla evlilikten, cinsellikten bahseden bir din de\u011fil \u0130slam.<\/p>\n\n\n\n<p>B\u00f6yle bir M\u00fcsl\u00fcman da yok!<\/p>\n\n\n\n<p>O zaman bu ortaya \u00e7\u0131kan hocalar ne anlat\u0131yor? Ulu orta konu\u015fulmamas\u0131 gereken konular\u0131 hem de kimse sormam\u0131\u015fken neden g\u00fcndeme getiriyor?<\/p>\n\n\n\n<p>As\u0131l mesele ikinci kesim, yani ajanlar&#8230; <\/p>\n\n\n\n<p>Tekke ve zaviyelerin kapat\u0131lmas\u0131yla birlikte tarikatlar\u0131n b\u00f6ylesine denetimsiz \u015fekilde hareket etmesi aralar\u0131na kolayca ajan-provokat\u00f6rlerin s\u0131zmalar\u0131na neden oluyor. <\/p>\n\n\n\n<p>Ve bu da beraberinde g\u00fcnlerce tart\u0131\u015f\u0131lan ama asl\u0131nda tarikatle \u0130slamla alakas\u0131 olmayan olaylar\u0131 getiriyor. <\/p>\n\n\n\n<p>En son U\u015fakki Vakf\u0131&#8217;n\u0131n 2016 y\u0131l\u0131nda yalanlad\u0131\u011f\u0131 ama buna ra\u011fmen ben  \u015feyhim diye ortaya \u00e7\u0131kan\u0131n yapt\u0131klar\u0131n\u0131 fazla uzatmayay\u0131m. Zaten biliyorsunuz.<\/p>\n\n\n\n<p>Almanya&#8217;dan, Birle\u015fik Arap Emirlikleri&#8217;nden paralar geliyor. <\/p>\n\n\n\n<p>Birden maddi g\u00fcce sahip oluyor. \u00c7evresine bir \u015fekilde m\u00fcrit topluyor. Sonras\u0131 malum.<\/p>\n\n\n\n<p>\u0130stanbul&#8217;da \u00dcmraniye&#8217;de bir dernek s\u00f6z\u00fcmona \u00e7ocuklara Kur&#8217;an \u00f6\u011fretiyor. 3 tane karde\u015f ayn\u0131 anda sap\u0131kl\u0131k yap\u0131yor. <\/p>\n\n\n\n<p>\u015eimdi ger\u00e7ekten akl\u0131n\u0131z al\u0131yor mu? 3 tane karde\u015f var A\u011fabey, ortanca karde\u015f, k\u00fc\u00e7\u00fck karde\u015f. <\/p>\n\n\n\n<p>\u00dc\u00e7\u00fc de sap\u0131k!<\/p>\n\n\n\n<p>\u00dc\u00e7\u00fc de ayn\u0131 anda dernek kuruyor. \u00dc\u00e7\u00fc de \u00e7ocuklar\u0131 taciz ediyor. <\/p>\n\n\n\n<p>\u015eimdi buna inanal\u0131m m\u0131 yani!? <\/p>\n\n\n\n<p>Ba\u015fl\u0131yor bir tarikatlar sap\u0131k m\u0131 yeti\u015ftiriyor tart\u0131\u015fmas\u0131. <\/p>\n\n\n\n<p>Akyaz\u0131&#8217;daki olay tesad\u00fcf m\u00fc? <\/p>\n\n\n\n<p>B\u00fct\u00fcn bunlar\u0131n ayn\u0131 anda meydana gelmesi tesad\u00fcf m\u00fc? <\/p>\n\n\n\n<p>B\u00fct\u00fcn bu sap\u0131klar durdu durdu da 2015 sonras\u0131 m\u0131 peydah oldu? <\/p>\n\n\n\n<p>2015&#8217;e kadar hi\u00e7 sap\u0131k yoktu da birden b\u00fct\u00fcn sap\u0131klar cemaatlere mi girdi? Ya da tersten d\u00fc\u015f\u00fcnelim: 30 y\u0131l boyunca bu adamlar bekledi \u015fimdiye kadar hi\u00e7 sap\u0131kl\u0131k yapmad\u0131lar. 2015&#8217;ten sonra bir \u015fey oldu bunlara&#8230; <\/p>\n\n\n\n<p>Hepsi sap\u0131kla\u015ft\u0131. <\/p>\n\n\n\n<p>Buna m\u0131 inanal\u0131m? <\/p>\n\n\n\n<p>B\u00f6yle bir d\u00fcnya yok! Kimse bu adamlar \u00f6ylesine cemaate girmi\u015f diyemez.   Bunlar kanaatimce g\u00f6revli. <\/p>\n\n\n\n<p>Bug\u00fcn ger\u00e7ek tarikatlar 15 Temmuz&#8217;da kimse s\u00f6ylemeden ilk soka\u011fa \u00e7\u0131kanlar. Hem de o gece kiminle m\u00fccadele ettiler? \u0130slamla alakas\u0131 olmayan ad\u0131 cemaat olan bir ba\u015fka yap\u0131ya kar\u015f\u0131 \u00e7\u0131kt\u0131lar. <\/p>\n\n\n\n<p>Yani bir tarafta ger\u00e7ekten din i\u00e7in ko\u015fturan din i\u00e7in ya\u015fayan insan-\u0131 k\u00e2mil olmak i\u00e7in u\u011fra\u015fan insanlar&#8230; <\/p>\n\n\n\n<p>Di\u011fer tarafta &#8220;Ben cemaatim, ben tarikat\u0131m&#8221; diyerek sap\u0131kl\u0131k, hainlik, ter\u00f6ristlik yapacak insanlar. <\/p>\n\n\n\n<p>\u015eimdi ben ger\u00e7ekten bu i\u015fe inanay\u0131m m\u0131?<\/p>\n\n\n\n<p>\u00c7ok \u00e7ekti bu \u00fclke&#8230; <\/p>\n\n\n\n<p>T\u00fcrkiye Cumhuriyeti pasaportu ta\u015f\u0131y\u0131p asl\u0131nda ba\u015fka \u00fclke ad\u0131na \u00e7al\u0131\u015fanlar\u0131 g\u00f6rd\u00fc bu \u00fclke. <\/p>\n\n\n\n<p>Dinim \u0130slam deyip ba\u015fka dinlere \u00e7al\u0131\u015fan\u0131 g\u00f6rd\u00fc bu \u00fclke&#8230; <\/p>\n\n\n\n<p>\u0130slam&#8217;a hizmet ediyorum deyip \u0130slam&#8217;\u0131n alt\u0131n\u0131 oyan\u0131 g\u00f6rd\u00fc. <\/p>\n\n\n\n<p>E \u015fimdi &#8220;ben tarikat \u015feyhiyim, Ben cemaat a\u011fabeyiyim&#8221; deyip de ba\u015fka baz\u0131 odaklara hizmet edenleri g\u00f6r\u00fcnce \u015fa\u015f\u0131racak m\u0131y\u0131z? <\/p>\n\n\n\n<p>Maalesef m\u00fctedeyyin kesim \u00e7ok b\u00fcy\u00fck yanl\u0131\u015f i\u00e7erisinde. <\/p>\n\n\n\n<p>Hatta bu yanl\u0131\u015f\u0131m ana unsuru muhafazakar &#8211; m\u00fctedeyyin kesim.<\/p>\n\n\n\n<p>Neden mi? \u00c7\u00fcnk\u00fc ge\u00e7en g\u00fcn C\u00fcbbeli Ahmet CNN de s\u00f6yledi; &#8220;d\u00fczg\u00fcn bir tarikat ehli kad\u0131na el \u00f6pt\u00fcrmez.&#8221; kad\u0131n\u0131 b\u0131rak\u0131n erke\u011fe de \u00f6pt\u00fcrmez! <\/p>\n\n\n\n<p>E\u011fer d\u00fczg\u00fcn bir adamsa zaten \u0130slam&#8217;a uygun ya\u015famas\u0131 laz\u0131m. <\/p>\n\n\n\n<p>\u00d6nce din sonra tarikat! <\/p>\n\n\n\n<p>Yani \u00f6nce \u015feriat sonra tarikat! <\/p>\n\n\n\n<p>\u015eeriat olmayan yerde tarikat m\u0131 olur? <\/p>\n\n\n\n<p>Peki hal b\u00f6yleyken &#8220;ben hocaya kendimi okutay\u0131m falanca efendiye gideyim bir \u00fcfleteyim&#8221; diye niye \u00e7al\u0131yorsunuz kap\u0131lar\u0131n\u0131?<\/p>\n\n\n\n<p>\u0130nsanlarda insan\u00fcst\u00fc g\u00fc\u00e7 arama saplant\u0131s\u0131ndan vazge\u00e7meyecek misiniz? Peygamberlik Hazreti Muhammed (SAV) ile bitti.<\/p>\n\n\n\n<p>\u015eimdiki sahte \u015feyhler ise mehdilik alimlik \u00fczerinden i\u015f g\u00f6r\u00fcyor. <\/p>\n\n\n\n<p>Buna kar\u015f\u0131 da dikkatli olmak laz\u0131m. <\/p>\n\n\n\n<p>\u0130slam t\u00fcm kurallar\u0131 Allah taraf\u0131ndan eksiksiz kusursuz bir \u015fekilde olu\u015fturulmu\u015f bir din. <\/p>\n\n\n\n<p>\u0130slam da bir eksiklik yok.<\/p>\n\n\n\n<p>\u0130slam&#8217;\u0131 bize aktaran alimlerde bir eksiklik yok. <\/p>\n\n\n\n<p>Eksiklik \u0130slam&#8217;\u0131 do\u011fru \u00f6\u011frenmeyen bizlerde&#8230; <\/p>\n\n\n\n<p>Tarikat, cemaat, topluluk&#8230;  Amac\u0131ndan sapmad\u0131\u011f\u0131 s\u00fcrece hi\u00e7biri k\u00f6t\u00fc de\u011fil. Ama ama\u00e7lar\u0131 ad\u0131 \u00fcst\u00fcnde do\u011fru yola ula\u015fmak s\u0131rat-\u0131 m\u00fcstakimi aramak olmal\u0131. <\/p>\n\n\n\n<p>E\u011fer b\u00f6yle de\u011filse; namazdan, abdestten, tesbihten ba\u015fka \u015feyler \u00f6neriliyorsa o zaman bu i\u015fin i\u00e7inde bir i\u015f var diyerek M\u00fcsl\u00fcman\u0131n da takkesini \u00f6n\u00fcne al\u0131p bir d\u00fc\u015f\u00fcnmesi laz\u0131m. <\/p>\n\n\n\n<p>Uzun sakal, ye\u015fil c\u00fcbbe, kocaman sar\u0131k dinin \u00f6ncelikli gereklilikleri de\u011fil. Her \u015fey bir yana keramet g\u00f6stermek, su i\u00e7ine muska getirmek, avucunun i\u00e7ine hurma dal\u0131 koymak yani a\u00e7\u0131k\u00e7a ill\u00fczyon yapmak kimsenin iyi M\u00fcsl\u00fcman oldu\u011funu g\u00f6stermiyor. <\/p>\n\n\n\n<p>En b\u00fcy\u00fck keramet g\u00fcnah i\u015flemeden ya\u015fayabilmektir. <\/p>\n\n\n\n<p>O y\u00fczden sahte \u015feyh, sat\u0131l\u0131k tarikat tart\u0131\u015fmalar\u0131na girerken \u00f6nce d\u00fc\u015f\u00fcn\u00fcp sonra hareket etmeli.<\/p>\n","protected":false},"excerpt":{"rendered":"<p>\u0130slami tarikatlar &#8211; cemaatler ile ilgili konuyu iki farkl\u0131 ba\u015fl\u0131kta tart\u0131\u015fmam\u0131z laz\u0131m. 1. Ba\u015fl\u0131k: Her konu her yerde konu\u015fulmaz! Her \u015fey her ortamda s\u00f6ylenmez kural\u0131n\u0131 \u00e7i\u011fneyenler&#8230; 2. Ba\u015fl\u0131k: ajanlar Birinci ba\u015fl\u0131kta olanlar yanl\u0131\u015f bir yol izliyorlar. Stratejik hata yap\u0131yorlar. Asans\u00f6rde kad\u0131nla erkek bir arada olur mu? Travestiye Kur&#8217;an \u00f6\u011fretilir mi? Gibi &#8220;\u015fimdi bunu kim sana &hellip;<\/p>\n","protected":false},"author":3,"featured_media":0,"comment_status":"open","ping_status":"open","sticky":false,"template":"","format":"standard","meta":[],"categories":[6],"tags":[9,10],"_links":{"self":[{"href":"http:\/\/www.habertelgraf.com\/index.php?rest_route=\/wp\/v2\/posts\/105"}],"collection":[{"href":"http:\/\/www.habertelgraf.com\/index.php?rest_route=\/wp\/v2\/posts"}],"about":[{"href":"http:\/\/www.habertelgraf.com\/index.php?rest_route=\/wp\/v2\/types\/post"}],"author":[{"embeddable":true,"href":"http:\/\/www.habertelgraf.com\/index.php?rest_route=\/wp\/v2\/users\/3"}],"replies":[{"embeddable":true,"href":"http:\/\/www.habertelgraf.com\/index.php?rest_route=%2Fwp%2Fv2%2Fcomments&post=105"}],"version-history":[{"count":3,"href":"http:\/\/www.habertelgraf.com\/index.php?rest_route=\/wp\/v2\/posts\/105\/revisions"}],"predecessor-version":[{"id":108,"href":"http:\/\/www.habertelgraf.com\/index.php?rest_route=\/wp\/v2\/posts\/105\/revisions\/108"}],"wp:attachment":[{"href":"http:\/\/www.habertelgraf.com\/index.php?rest_route=%2Fwp%2Fv2%2Fmedia&parent=105"}],"wp:term":[{"taxonomy":"category","embeddable":true,"href":"http:\/\/www.habertelgraf.com\/index.php?rest_route=%2Fwp%2Fv2%2Fcategories&post=105"},{"taxonomy":"post_tag","embeddable":true,"href":"http:\/\/www.habertelgraf.com\/index.php?rest_route=%2Fwp%2Fv2%2Ftags&post=105"}],"curies":[{"name":"wp","href":"https:\/\/api.w.org\/{rel}","templated":true}]}}