{"id":114,"date":"2020-09-10T17:11:46","date_gmt":"2020-09-10T14:11:46","guid":{"rendered":"http:\/\/www.habertelgraf.com\/?p=114"},"modified":"2020-09-11T00:17:19","modified_gmt":"2020-09-10T21:17:19","slug":"114","status":"publish","type":"post","link":"http:\/\/www.habertelgraf.com\/?p=114","title":{"rendered":"Adana B\u00fcy\u00fck\u015fehir Belediye meclisinde yumruklar konu\u015ftu"},"content":{"rendered":"\n<p>Adana B\u00fcy\u00fck\u015fehir Belediye meclisinde cumhur ittifak\u0131 \u00fcyelerine fiili sald\u0131r\u0131 yap\u0131ld\u0131<\/p>\n\n\n\n<p class=\"has-medium-font-size\">Belediye Ba\u015fkan\u0131 Zeydan Karalar konu\u015furken iki meclis \u00fcyesi aras\u0131nda s\u00f6zl\u00fc sata\u015fma kavgaya d\u00f6n\u00fc\u015ft\u00fc<\/p>\n\n\n\n<p>Adana meclisinde kavga \u00e7\u0131kt\u0131. <\/p>\n\n\n\n<p>g\u00f6r\u00fc\u015fmeler s\u0131ras\u0131nda ortal\u0131k kar\u0131\u015ft\u0131<\/p>\n\n\n\n<p><\/p>\n\n\n\n<figure class=\"wp-block-embed-youtube wp-block-embed is-type-video is-provider-youtube wp-embed-aspect-16-9 wp-has-aspect-ratio\"><div class=\"wp-block-embed__wrapper\">\n<iframe loading=\"lazy\" title=\"Adana BB mecliste cumhur ittifak\u0131 \u00fcyelerine fiili sald\u0131r\u0131\" width=\"960\" height=\"540\" src=\"https:\/\/www.youtube.com\/embed\/_fWd-4E1_gM?feature=oembed\" frameborder=\"0\" allow=\"accelerometer; autoplay; encrypted-media; gyroscope; picture-in-picture\" allowfullscreen><\/iframe>\n<\/div><\/figure>\n\n\n\n<p><\/p>\n\n\n\n<p><\/p>\n","protected":false},"excerpt":{"rendered":"<p>Adana B\u00fcy\u00fck\u015fehir Belediye meclisinde cumhur ittifak\u0131 \u00fcyelerine fiili sald\u0131r\u0131 yap\u0131ld\u0131 Belediye Ba\u015fkan\u0131 Zeydan Karalar konu\u015furken iki meclis \u00fcyesi aras\u0131nda s\u00f6zl\u00fc sata\u015fma kavgaya d\u00f6n\u00fc\u015ft\u00fc Adana meclisinde kavga \u00e7\u0131kt\u0131. g\u00f6r\u00fc\u015fmeler s\u0131ras\u0131nda ortal\u0131k kar\u0131\u015ft\u0131<\/p>\n","protected":false},"author":1,"featured_media":0,"comment_status":"open","ping_status":"open","sticky":false,"template":"","format":"video","meta":[],"categories":[1],"tags":[],"_links":{"self":[{"href":"http:\/\/www.habertelgraf.com\/index.php?rest_route=\/wp\/v2\/posts\/114"}],"collection":[{"href":"http:\/\/www.habertelgraf.com\/index.php?rest_route=\/wp\/v2\/posts"}],"about":[{"href":"http:\/\/www.habertelgraf.com\/index.php?rest_route=\/wp\/v2\/types\/post"}],"author":[{"embeddable":true,"href":"http:\/\/www.habertelgraf.com\/index.php?rest_route=\/wp\/v2\/users\/1"}],"replies":[{"embeddable":true,"href":"http:\/\/www.habertelgraf.com\/index.php?rest_route=%2Fwp%2Fv2%2Fcomments&post=114"}],"version-history":[{"count":2,"href":"http:\/\/www.habertelgraf.com\/index.php?rest_route=\/wp\/v2\/posts\/114\/revisions"}],"predecessor-version":[{"id":116,"href":"http:\/\/www.habertelgraf.com\/index.php?rest_route=\/wp\/v2\/posts\/114\/revisions\/116"}],"wp:attachment":[{"href":"http:\/\/www.habertelgraf.com\/index.php?rest_route=%2Fwp%2Fv2%2Fmedia&parent=114"}],"wp:term":[{"taxonomy":"category","embeddable":true,"href":"http:\/\/www.habertelgraf.com\/index.php?rest_route=%2Fwp%2Fv2%2Fcategories&post=114"},{"taxonomy":"post_tag","embeddable":true,"href":"http:\/\/www.habertelgraf.com\/index.php?rest_route=%2Fwp%2Fv2%2Ftags&post=114"}],"curies":[{"name":"wp","href":"https:\/\/api.w.org\/{rel}","templated":true}]}}