{"id":117,"date":"2020-09-10T17:14:05","date_gmt":"2020-09-10T14:14:05","guid":{"rendered":"http:\/\/www.habertelgraf.com\/?p=117"},"modified":"2020-09-11T00:16:53","modified_gmt":"2020-09-10T21:16:53","slug":"meclis-baskani-sentoptan-macrona-hitlerli-cevap","status":"publish","type":"post","link":"http:\/\/www.habertelgraf.com\/?p=117","title":{"rendered":"MECL\u0130S BA\u015eKANI \u015eENTOP\u2019TAN MACRON\u2019A \u201cH\u0130TLER\u2019L\u0130\u201d CEVAP\u2026"},"content":{"rendered":"\n<p><\/p>\n\n\n\n<p>\u201cFRANSA, DO\u011eU AKDEN\u0130Z\u2019DE NE ARIYOR, H\u0130TLER\u0130N YAPTI\u011eININ BENZER\u0130 BU DE\u011e\u0130L M\u0130?<\/p>\n\n\n\n<p>TBMM Ba\u015fkan\u0131 Mustafa \u015eentop, Fransa Cumhurba\u015fkan\u0131 Emmanuel Macron\u2019un T\u00fcrkiye\u2019ye y\u00f6nelik s\u00f6zlerine, \u0130zmir\u2019deki Bayrak M\u00fczesi\u2019nin a\u00e7\u0131l\u0131\u015f\u0131nda d\u00fcn yapt\u0131\u011f\u0131 konu\u015fman\u0131n \u201cHitler-Fransa\u201d benzetmesi yapt\u0131\u011f\u0131 b\u00f6l\u00fcm\u00fc payla\u015farak yan\u0131t verdi. <\/p>\n\n\n\n<figure class=\"wp-block-embed-twitter wp-block-embed is-type-rich is-provider-twitter\"><div class=\"wp-block-embed__wrapper\">\n<blockquote class=\"twitter-tweet\" data-width=\"550\" data-dnt=\"true\"><p lang=\"tr\" dir=\"ltr\">T\u00fcrkiye\u2019ye Nazi Almanya\u2019s\u0131 benzetmesi yapmak, tarihi tersinden okumakt\u0131r. Ba\u015fka \u00fclkelerin topra\u011f\u0131nda g\u00f6z\u00fc olan zihniyeti birilerine benzeteceksek, bu Do\u011fu Akdeniz\u2019deki Macron ve Fransa\u2019d\u0131r. <a href=\"https:\/\/t.co\/pPoHcS4lnV\">pic.twitter.com\/pPoHcS4lnV<\/a><\/p>&mdash; Prof. Dr. Mustafa \u015eentop (@MustafaSentop) <a href=\"https:\/\/twitter.com\/MustafaSentop\/status\/1304048286790283264?ref_src=twsrc%5Etfw\">September 10, 2020<\/a><\/blockquote><script async src=\"https:\/\/platform.twitter.com\/widgets.js\" charset=\"utf-8\"><\/script>\n<\/div><\/figure>\n\n\n\n<p>\u015eentop, \u015fahsi twitter hesab\u0131ndan ger\u00e7ekle\u015ftirdi\u011fi payla\u015f\u0131mda, \u201cT\u00fcrkiye\u2019ye Nazi Almanya\u2019s\u0131 benzetmesi yapmak, tarihi tersinden okumakt\u0131r. Ba\u015fka \u00fclkelerin topra\u011f\u0131nda g\u00f6z\u00fc olan zihniyeti birilerine benzeteceksek, bu Do\u011fu Akdeniz\u2019deki Macron ve Fransa\u2019d\u0131r\u201d diyerek \u015funlar\u0131 s\u00f6yledi:<\/p>\n\n\n\n<p>\u201cMacron, Nazi Almanya\u2019s\u0131yla bir benzetme yap\u0131yor T\u00fcrkiye\u2019ye. \u00c7ok tuhaf, tarihi tersinden okumaya \u00e7al\u0131\u015f\u0131yor. Nazi Almanya\u2019s\u0131 ile ilgili en temel problem neydi, o zamanki Almanya, Nazi Almanya\u2019s\u0131 kendi s\u0131n\u0131rlar\u0131na raz\u0131 de\u011fildi. Uluslararas\u0131 hukuka g\u00f6re sahip olduklar\u0131 haklara, yetkilere raz\u0131 de\u011fillerdi. Ba\u015fka \u00fclkelerin topra\u011f\u0131nda, ba\u015fka \u00fclkelerin hak ve menfaatlerinde g\u00f6zleri vard\u0131. Onun i\u00e7in sa\u011fa sola sald\u0131rd\u0131lar. Peki bug\u00fcn Fransa Do\u011fu Akdeniz\u2019de ne ar\u0131yor? Kendi \u00fclke topraklar\u0131 m\u0131, kendi deniz alan\u0131 m\u0131, kendi ekonomik b\u00f6lgesi mi? Yok. De\u011fil. \u0130\u015fte Hitlerin yapt\u0131\u011f\u0131n\u0131n benzeri bu de\u011fil mi? Ba\u015fka \u00fclkelerin hak ve menfaat alanlar\u0131nda faaliyet g\u00f6stermek. Ba\u015fka \u00fclkelerin haklar\u0131n\u0131 \u00e7almaya, onlar\u0131 kullanmalar\u0131na engel olmaya \u00e7al\u0131\u015fmak de\u011fil mi Hitlerin temel meselesi, temel problemi. \u0130\u015fte o zaman e\u011fer bir Nazi anlay\u0131\u015f\u0131yla Hitlerle alaka kurulacaksa bug\u00fcn Fransa\u2019n\u0131n yapmaya \u00e7al\u0131\u015ft\u0131\u011f\u0131 bu yay\u0131lmac\u0131, yeni s\u00f6m\u00fcrgecilik anlay\u0131\u015f\u0131n\u0131n uzant\u0131lar\u0131na bakmak laz\u0131m.\u201d<\/p>\n","protected":false},"excerpt":{"rendered":"<p>\u201cFRANSA, DO\u011eU AKDEN\u0130Z\u2019DE NE ARIYOR, H\u0130TLER\u0130N YAPTI\u011eININ BENZER\u0130 BU DE\u011e\u0130L M\u0130? TBMM Ba\u015fkan\u0131 Mustafa \u015eentop, Fransa Cumhurba\u015fkan\u0131 Emmanuel Macron\u2019un T\u00fcrkiye\u2019ye y\u00f6nelik s\u00f6zlerine, \u0130zmir\u2019deki Bayrak M\u00fczesi\u2019nin a\u00e7\u0131l\u0131\u015f\u0131nda d\u00fcn yapt\u0131\u011f\u0131 konu\u015fman\u0131n \u201cHitler-Fransa\u201d benzetmesi yapt\u0131\u011f\u0131 b\u00f6l\u00fcm\u00fc payla\u015farak yan\u0131t verdi. \u015eentop, \u015fahsi twitter hesab\u0131ndan ger\u00e7ekle\u015ftirdi\u011fi payla\u015f\u0131mda, \u201cT\u00fcrkiye\u2019ye Nazi Almanya\u2019s\u0131 benzetmesi yapmak, tarihi tersinden okumakt\u0131r. Ba\u015fka \u00fclkelerin topra\u011f\u0131nda g\u00f6z\u00fc olan &hellip;<\/p>\n","protected":false},"author":1,"featured_media":52,"comment_status":"open","ping_status":"open","sticky":false,"template":"","format":"standard","meta":[],"categories":[1],"tags":[],"_links":{"self":[{"href":"http:\/\/www.habertelgraf.com\/index.php?rest_route=\/wp\/v2\/posts\/117"}],"collection":[{"href":"http:\/\/www.habertelgraf.com\/index.php?rest_route=\/wp\/v2\/posts"}],"about":[{"href":"http:\/\/www.habertelgraf.com\/index.php?rest_route=\/wp\/v2\/types\/post"}],"author":[{"embeddable":true,"href":"http:\/\/www.habertelgraf.com\/index.php?rest_route=\/wp\/v2\/users\/1"}],"replies":[{"embeddable":true,"href":"http:\/\/www.habertelgraf.com\/index.php?rest_route=%2Fwp%2Fv2%2Fcomments&post=117"}],"version-history":[{"count":2,"href":"http:\/\/www.habertelgraf.com\/index.php?rest_route=\/wp\/v2\/posts\/117\/revisions"}],"predecessor-version":[{"id":119,"href":"http:\/\/www.habertelgraf.com\/index.php?rest_route=\/wp\/v2\/posts\/117\/revisions\/119"}],"wp:featuredmedia":[{"embeddable":true,"href":"http:\/\/www.habertelgraf.com\/index.php?rest_route=\/wp\/v2\/media\/52"}],"wp:attachment":[{"href":"http:\/\/www.habertelgraf.com\/index.php?rest_route=%2Fwp%2Fv2%2Fmedia&parent=117"}],"wp:term":[{"taxonomy":"category","embeddable":true,"href":"http:\/\/www.habertelgraf.com\/index.php?rest_route=%2Fwp%2Fv2%2Fcategories&post=117"},{"taxonomy":"post_tag","embeddable":true,"href":"http:\/\/www.habertelgraf.com\/index.php?rest_route=%2Fwp%2Fv2%2Ftags&post=117"}],"curies":[{"name":"wp","href":"https:\/\/api.w.org\/{rel}","templated":true}]}}