{"id":131,"date":"2020-09-11T00:24:52","date_gmt":"2020-09-10T21:24:52","guid":{"rendered":"http:\/\/www.habertelgraf.com\/?p=131"},"modified":"2021-12-01T12:39:19","modified_gmt":"2021-12-01T09:39:19","slug":"pkk-nin-istihbarat-sorumlusu-yakalandi","status":"publish","type":"post","link":"http:\/\/www.habertelgraf.com\/?p=131","title":{"rendered":"PKK n\u0131n istihbarat sorumlusu yakaland\u0131"},"content":{"rendered":"\n<p>PKK\/KCK\u2013PYD\/YPG ter\u00f6r \u00f6rg\u00fct\u00fc mensubu M.O. isimli \u015fahs\u0131n Suriye\u2019de bulundu\u011fu<br>d\u00f6nemde \u00f6rg\u00fct\u00fcn s\u00f6zde istihbarat ve \u00f6zel kuvvet yap\u0131lanmalar\u0131nda faaliyet g\u00f6sterdi\u011fi, 2020<br>y\u0131l\u0131 A\u011fustos ay\u0131 i\u00e7erisinde illegal yollardan T\u00fcrkiye\u2019ye geldi\u011fi, belirlendi. <\/p>\n\n\n\n<p>\u00f6n\u00fcm\u00fczdeki g\u00fcnlerde yine<br>illegal yollardan Yunanistan\u2019a ge\u00e7meyi planlad\u0131\u011f\u0131 ve ilimiz Esenler \u0130l\u00e7esinde bulunan adreste<br>kald\u0131\u011f\u0131 tespit edildi<\/p>\n\n\n\n<figure class=\"wp-block-embed is-type-video is-provider-youtube wp-block-embed-youtube wp-embed-aspect-16-9 wp-has-aspect-ratio\"><div class=\"wp-block-embed__wrapper\">\n<iframe loading=\"lazy\" title=\"PKK&#039;n\u0131n istihbarat sorumlusu yakaland\u0131\" width=\"960\" height=\"540\" src=\"https:\/\/www.youtube.com\/embed\/YNWRSYaSh3U?feature=oembed\" frameborder=\"0\" allow=\"accelerometer; autoplay; encrypted-media; gyroscope; picture-in-picture\" allowfullscreen><\/iframe>\n<\/div><\/figure>\n\n\n\n<p> 10.09.2020 tarihinde ger\u00e7ekle\u015ftirilen operasyonda M.O. isimli \u015fah\u0131s<br>yakalanarak g\u00f6zalt\u0131na al\u0131nd\u0131 <\/p>\n","protected":false},"excerpt":{"rendered":"<p>PKK\/KCK\u2013PYD\/YPG ter\u00f6r \u00f6rg\u00fct\u00fc mensubu M.O. isimli \u015fahs\u0131n Suriye\u2019de bulundu\u011fud\u00f6nemde \u00f6rg\u00fct\u00fcn s\u00f6zde istihbarat ve \u00f6zel kuvvet yap\u0131lanmalar\u0131nda faaliyet g\u00f6sterdi\u011fi, 2020y\u0131l\u0131 A\u011fustos ay\u0131 i\u00e7erisinde illegal yollardan T\u00fcrkiye\u2019ye geldi\u011fi, belirlendi. \u00f6n\u00fcm\u00fczdeki g\u00fcnlerde yineillegal yollardan Yunanistan\u2019a ge\u00e7meyi planlad\u0131\u011f\u0131 ve ilimiz Esenler \u0130l\u00e7esinde bulunan adrestekald\u0131\u011f\u0131 tespit edildi 10.09.2020 tarihinde ger\u00e7ekle\u015ftirilen operasyonda M.O. isimli \u015fah\u0131syakalanarak g\u00f6zalt\u0131na al\u0131nd\u0131<\/p>\n","protected":false},"author":1,"featured_media":54,"comment_status":"open","ping_status":"open","sticky":false,"template":"","format":"standard","meta":[],"categories":[2],"tags":[],"_links":{"self":[{"href":"http:\/\/www.habertelgraf.com\/index.php?rest_route=\/wp\/v2\/posts\/131"}],"collection":[{"href":"http:\/\/www.habertelgraf.com\/index.php?rest_route=\/wp\/v2\/posts"}],"about":[{"href":"http:\/\/www.habertelgraf.com\/index.php?rest_route=\/wp\/v2\/types\/post"}],"author":[{"embeddable":true,"href":"http:\/\/www.habertelgraf.com\/index.php?rest_route=\/wp\/v2\/users\/1"}],"replies":[{"embeddable":true,"href":"http:\/\/www.habertelgraf.com\/index.php?rest_route=%2Fwp%2Fv2%2Fcomments&post=131"}],"version-history":[{"count":2,"href":"http:\/\/www.habertelgraf.com\/index.php?rest_route=\/wp\/v2\/posts\/131\/revisions"}],"predecessor-version":[{"id":592,"href":"http:\/\/www.habertelgraf.com\/index.php?rest_route=\/wp\/v2\/posts\/131\/revisions\/592"}],"wp:featuredmedia":[{"embeddable":true,"href":"http:\/\/www.habertelgraf.com\/index.php?rest_route=\/wp\/v2\/media\/54"}],"wp:attachment":[{"href":"http:\/\/www.habertelgraf.com\/index.php?rest_route=%2Fwp%2Fv2%2Fmedia&parent=131"}],"wp:term":[{"taxonomy":"category","embeddable":true,"href":"http:\/\/www.habertelgraf.com\/index.php?rest_route=%2Fwp%2Fv2%2Fcategories&post=131"},{"taxonomy":"post_tag","embeddable":true,"href":"http:\/\/www.habertelgraf.com\/index.php?rest_route=%2Fwp%2Fv2%2Ftags&post=131"}],"curies":[{"name":"wp","href":"https:\/\/api.w.org\/{rel}","templated":true}]}}