{"id":147,"date":"2020-09-11T16:52:09","date_gmt":"2020-09-11T13:52:09","guid":{"rendered":"http:\/\/www.habertelgraf.com\/?p=147"},"modified":"2020-09-11T17:18:58","modified_gmt":"2020-09-11T14:18:58","slug":"bursa-buyuksehir-belediyesinden-duygulu-paylasim","status":"publish","type":"post","link":"http:\/\/www.habertelgraf.com\/?p=147","title":{"rendered":"Bursa B\u00fcy\u00fck\u015fehir Belediyesinden duygulu payla\u015f\u0131m"},"content":{"rendered":"\n<p>Bursa B\u00fcy\u00fck\u015fehir Belediyesinden duygulu payla\u015f\u0131m geldi. Sosyal Medyada Bursa payla\u015f\u0131mlar\u0131na belediye de kat\u0131ld\u0131<\/p>\n\n\n\n<p><\/p>\n\n\n\n<p>Bursa B\u00fcy\u00fck\u015fehir Belediyesinden duygulu payla\u015f\u0131m<\/p>\n\n\n\n<p><\/p>\n\n\n\n<figure class=\"wp-block-embed-twitter wp-block-embed is-type-rich is-provider-twitter\"><div class=\"wp-block-embed__wrapper\">\n<blockquote class=\"twitter-tweet\" data-width=\"550\" data-dnt=\"true\"><p lang=\"tr\" dir=\"ltr\">G\u00f6nl\u00fcm\u00fcz\u00fc fetheden Bursa&#39;y\u0131 d\u00fc\u015fman i\u015fgalinden kurtaranlara minnettar\u0131z&#8230; Bursa&#39;m\u0131z\u0131n d\u00fc\u015fman i\u015fgalinden kurtulu\u015funun 98. y\u0131l\u0131 kutlu olsun. <a href=\"https:\/\/twitter.com\/hashtag\/11Eyl%C3%BCl?src=hash&amp;ref_src=twsrc%5Etfw\">#11Eyl\u00fcl<\/a> <a href=\"https:\/\/twitter.com\/hashtag\/Bursan%C4%B1nKurtulu%C5%9Fu?src=hash&amp;ref_src=twsrc%5Etfw\">#Bursan\u0131nKurtulu\u015fu<\/a> <a href=\"https:\/\/t.co\/dd3DrzCQ46\">pic.twitter.com\/dd3DrzCQ46<\/a><\/p>&mdash; Bursa B\u00fcy\u00fck\u015fehir Belediyesi (@bursabuyuksehir) <a href=\"https:\/\/twitter.com\/bursabuyuksehir\/status\/1304317633609826309?ref_src=twsrc%5Etfw\">September 11, 2020<\/a><\/blockquote><script async src=\"https:\/\/platform.twitter.com\/widgets.js\" charset=\"utf-8\"><\/script>\n<\/div><\/figure>\n","protected":false},"excerpt":{"rendered":"<p>Bursa B\u00fcy\u00fck\u015fehir Belediyesinden duygulu payla\u015f\u0131m geldi. Sosyal Medyada Bursa payla\u015f\u0131mlar\u0131na belediye de kat\u0131ld\u0131 Bursa B\u00fcy\u00fck\u015fehir Belediyesinden duygulu payla\u015f\u0131m<\/p>\n","protected":false},"author":1,"featured_media":0,"comment_status":"open","ping_status":"open","sticky":false,"template":"","format":"standard","meta":[],"categories":[5],"tags":[],"_links":{"self":[{"href":"http:\/\/www.habertelgraf.com\/index.php?rest_route=\/wp\/v2\/posts\/147"}],"collection":[{"href":"http:\/\/www.habertelgraf.com\/index.php?rest_route=\/wp\/v2\/posts"}],"about":[{"href":"http:\/\/www.habertelgraf.com\/index.php?rest_route=\/wp\/v2\/types\/post"}],"author":[{"embeddable":true,"href":"http:\/\/www.habertelgraf.com\/index.php?rest_route=\/wp\/v2\/users\/1"}],"replies":[{"embeddable":true,"href":"http:\/\/www.habertelgraf.com\/index.php?rest_route=%2Fwp%2Fv2%2Fcomments&post=147"}],"version-history":[{"count":1,"href":"http:\/\/www.habertelgraf.com\/index.php?rest_route=\/wp\/v2\/posts\/147\/revisions"}],"predecessor-version":[{"id":148,"href":"http:\/\/www.habertelgraf.com\/index.php?rest_route=\/wp\/v2\/posts\/147\/revisions\/148"}],"wp:attachment":[{"href":"http:\/\/www.habertelgraf.com\/index.php?rest_route=%2Fwp%2Fv2%2Fmedia&parent=147"}],"wp:term":[{"taxonomy":"category","embeddable":true,"href":"http:\/\/www.habertelgraf.com\/index.php?rest_route=%2Fwp%2Fv2%2Fcategories&post=147"},{"taxonomy":"post_tag","embeddable":true,"href":"http:\/\/www.habertelgraf.com\/index.php?rest_route=%2Fwp%2Fv2%2Ftags&post=147"}],"curies":[{"name":"wp","href":"https:\/\/api.w.org\/{rel}","templated":true}]}}