{"id":150,"date":"2020-09-11T17:14:01","date_gmt":"2020-09-11T14:14:01","guid":{"rendered":"http:\/\/www.habertelgraf.com\/?p=150"},"modified":"2020-09-11T17:14:03","modified_gmt":"2020-09-11T14:14:03","slug":"ekrem-imamoglu-uzerinden-sosyal-medya-savaslari","status":"publish","type":"post","link":"http:\/\/www.habertelgraf.com\/?p=150","title":{"rendered":"Ekrem \u0130mamo\u011flu \u00fczerinden sosyal medya sava\u015flar\u0131"},"content":{"rendered":"\n<p>\u0130BB Ba\u015fkan\u0131 Ekrem \u0130mamo\u011flu Tv de a\u00e7\u0131klamalar da bulundu. <\/p>\n\n\n\n<p>ancak ayn\u0131 videoyla yap\u0131lan payla\u015f\u0131mlar ak\u0131llarda soru i\u015faret b\u0131rakt\u0131.<\/p>\n\n\n\n<p>ayn\u0131 videoyu payla\u015fan kullan\u0131c\u0131lar mesai saatleri tart\u015f\u0131mas\u0131 \u00fczerinden yine \u0130stanbul sorunlar\u0131 yerine T\u00fcrkiye&#8217;nin y\u00f6netimi ile ilgili yorumlar yazd\u0131<\/p>\n\n\n\n<figure class=\"wp-block-embed-twitter wp-block-embed is-type-rich is-provider-twitter\"><div class=\"wp-block-embed__wrapper\">\n<blockquote class=\"twitter-tweet\" data-width=\"550\" data-dnt=\"true\"><p lang=\"tr\" dir=\"ltr\">\u0130BB Ba\u015fkan\u0131 Ekrem \u0130mamo\u011flu: &quot;\u00d6n\u00fcm\u00fczdeki hafta \u0130stanbul\u2019a \u00f6zel \u00e7\u00f6z\u00fcmlerle sahaya \u00e7\u0131k\u0131yoruz. Bunun i\u00e7inde mesai saatleri d\u00fczenlemesi de var.\u201d <a href=\"https:\/\/t.co\/FKldEqyx0v\">pic.twitter.com\/FKldEqyx0v<\/a><\/p>&mdash; \u0130BB Haber (@ibbhaberleri) <a href=\"https:\/\/twitter.com\/ibbhaberleri\/status\/1304312188329496577?ref_src=twsrc%5Etfw\">September 11, 2020<\/a><\/blockquote><script async src=\"https:\/\/platform.twitter.com\/widgets.js\" charset=\"utf-8\"><\/script>\n<\/div><\/figure>\n\n\n\n<p>baz\u0131 kullan\u0131c\u0131lar ise \u0130mamo\u011flu na daha \u00f6nce s\u00f6z\u00fcn\u00fc etti\u011fi Fazilet dura\u011f\u0131 iddias\u0131 \u00fczerinden y\u00fcklendi<\/p>\n\n\n\n<figure class=\"wp-block-embed-twitter wp-block-embed is-type-rich is-provider-twitter\"><div class=\"wp-block-embed__wrapper\">\n<blockquote class=\"twitter-tweet\" data-width=\"550\" data-dnt=\"true\"><p lang=\"tr\" dir=\"ltr\">\u0130BB Ba\u015fkan\u0131 Ekrem \u0130mamo\u011flu ve Fazilet dura\u011f\u0131 deyip kahkakay\u0131 basanlar kimler?\ud83d\ude01<br>47 saniyelik videoda i\u015fine giden vatanda\u015flara hakaret var,2 somut yalan var ve en \u00f6nemlisi<br>(hi\u00e7bir yolcunun binmedi\u011fi duraktan)yolcular\u0131n bindi\u011fini iddia edip kan\u0131n donmas\u0131 var <a href=\"https:\/\/t.co\/6RO3Do2J9x\">pic.twitter.com\/6RO3Do2J9x<\/a><\/p>&mdash; Derya\u2019ca (@Onlyseaa) <a href=\"https:\/\/twitter.com\/Onlyseaa\/status\/1304371185954816001?ref_src=twsrc%5Etfw\">September 11, 2020<\/a><\/blockquote><script async src=\"https:\/\/platform.twitter.com\/widgets.js\" charset=\"utf-8\"><\/script>\n<\/div><\/figure>\n","protected":false},"excerpt":{"rendered":"<p>\u0130BB Ba\u015fkan\u0131 Ekrem \u0130mamo\u011flu Tv de a\u00e7\u0131klamalar da bulundu. ancak ayn\u0131 videoyla yap\u0131lan payla\u015f\u0131mlar ak\u0131llarda soru i\u015faret b\u0131rakt\u0131. ayn\u0131 videoyu payla\u015fan kullan\u0131c\u0131lar mesai saatleri tart\u015f\u0131mas\u0131 \u00fczerinden yine \u0130stanbul sorunlar\u0131 yerine T\u00fcrkiye&#8217;nin y\u00f6netimi ile ilgili yorumlar yazd\u0131 baz\u0131 kullan\u0131c\u0131lar ise \u0130mamo\u011flu na daha \u00f6nce s\u00f6z\u00fcn\u00fc etti\u011fi Fazilet dura\u011f\u0131 iddias\u0131 \u00fczerinden y\u00fcklendi<\/p>\n","protected":false},"author":1,"featured_media":63,"comment_status":"open","ping_status":"open","sticky":false,"template":"","format":"standard","meta":[],"categories":[5],"tags":[],"_links":{"self":[{"href":"http:\/\/www.habertelgraf.com\/index.php?rest_route=\/wp\/v2\/posts\/150"}],"collection":[{"href":"http:\/\/www.habertelgraf.com\/index.php?rest_route=\/wp\/v2\/posts"}],"about":[{"href":"http:\/\/www.habertelgraf.com\/index.php?rest_route=\/wp\/v2\/types\/post"}],"author":[{"embeddable":true,"href":"http:\/\/www.habertelgraf.com\/index.php?rest_route=\/wp\/v2\/users\/1"}],"replies":[{"embeddable":true,"href":"http:\/\/www.habertelgraf.com\/index.php?rest_route=%2Fwp%2Fv2%2Fcomments&post=150"}],"version-history":[{"count":1,"href":"http:\/\/www.habertelgraf.com\/index.php?rest_route=\/wp\/v2\/posts\/150\/revisions"}],"predecessor-version":[{"id":151,"href":"http:\/\/www.habertelgraf.com\/index.php?rest_route=\/wp\/v2\/posts\/150\/revisions\/151"}],"wp:featuredmedia":[{"embeddable":true,"href":"http:\/\/www.habertelgraf.com\/index.php?rest_route=\/wp\/v2\/media\/63"}],"wp:attachment":[{"href":"http:\/\/www.habertelgraf.com\/index.php?rest_route=%2Fwp%2Fv2%2Fmedia&parent=150"}],"wp:term":[{"taxonomy":"category","embeddable":true,"href":"http:\/\/www.habertelgraf.com\/index.php?rest_route=%2Fwp%2Fv2%2Fcategories&post=150"},{"taxonomy":"post_tag","embeddable":true,"href":"http:\/\/www.habertelgraf.com\/index.php?rest_route=%2Fwp%2Fv2%2Ftags&post=150"}],"curies":[{"name":"wp","href":"https:\/\/api.w.org\/{rel}","templated":true}]}}