{"id":153,"date":"2020-09-11T17:22:22","date_gmt":"2020-09-11T14:22:22","guid":{"rendered":"http:\/\/www.habertelgraf.com\/?p=153"},"modified":"2020-09-12T12:20:22","modified_gmt":"2020-09-12T09:20:22","slug":"ligler-baslarken-haberler","status":"publish","type":"post","link":"http:\/\/www.habertelgraf.com\/?p=153","title":{"rendered":"Ligler ba\u015flarken haberler&#8230;"},"content":{"rendered":"\n<p>T\u00fcrkiye Futbol Federasyonu ba\u015fkan\u0131 Nihat \u00d6zdemir, Futbol Federasyonu olarak &#8216;\u00f6nce sa\u011fl\u0131k&#8217; ilkemizden hareketle, sporcu ve insan sa\u011fl\u0131\u011f\u0131 i\u00e7in her t\u00fcrl\u00fc haz\u0131rl\u0131\u011f\u0131m\u0131z\u0131 yapt\u0131k.&#8221; dedi.<\/p>\n\n\n\n<p>Be\u015fikta\u015f&#8217;tan ayr\u0131ld\u0131ktan sonra herhangi bir kul\u00fcple anla\u015fmayan Abdullah Avc\u0131, yeni sezonda yay\u0131nc\u0131 kurulu\u015fta yorumculuk yapacak.<\/p>\n\n\n\n<p>Galatasaray, Kayserispor&#8217;un 25 ya\u015f\u0131ndaki orta saha oyuncusu Hasan H\u00fcseyin Acar i\u00e7in g\u00f6r\u00fc\u015fmelere ba\u015flad\u0131.<\/p>\n\n\n\n<p>Vedat Muriqi resmen Lazio\u2019ya gitti, Fenerbah\u00e7e onun yerini b\u00fcy\u00fck ses getirecek bir y\u0131ld\u0131zla doldurmak i\u00e7in kollar\u0131 s\u0131vad\u0131.<\/p>\n\n\n\n<p>S\u00fcper Lig ekiplerinden Konyaspor&#8217;da teknik direkt\u00f6r B\u00fclent Korkmaz ayr\u0131l\u0131k karar\u0131 ald\u0131.<\/p>\n","protected":false},"excerpt":{"rendered":"<p>T\u00fcrkiye Futbol Federasyonu ba\u015fkan\u0131 Nihat \u00d6zdemir, Futbol Federasyonu olarak &#8216;\u00f6nce sa\u011fl\u0131k&#8217; ilkemizden hareketle, sporcu ve insan sa\u011fl\u0131\u011f\u0131 i\u00e7in her t\u00fcrl\u00fc haz\u0131rl\u0131\u011f\u0131m\u0131z\u0131 yapt\u0131k.&#8221; dedi. Be\u015fikta\u015f&#8217;tan ayr\u0131ld\u0131ktan sonra herhangi bir kul\u00fcple anla\u015fmayan Abdullah Avc\u0131, yeni sezonda yay\u0131nc\u0131 kurulu\u015fta yorumculuk yapacak. Galatasaray, Kayserispor&#8217;un 25 ya\u015f\u0131ndaki orta saha oyuncusu Hasan H\u00fcseyin Acar i\u00e7in g\u00f6r\u00fc\u015fmelere ba\u015flad\u0131. Vedat Muriqi resmen Lazio\u2019ya &hellip;<\/p>\n","protected":false},"author":1,"featured_media":35,"comment_status":"open","ping_status":"open","sticky":false,"template":"","format":"standard","meta":[],"categories":[4],"tags":[],"_links":{"self":[{"href":"http:\/\/www.habertelgraf.com\/index.php?rest_route=\/wp\/v2\/posts\/153"}],"collection":[{"href":"http:\/\/www.habertelgraf.com\/index.php?rest_route=\/wp\/v2\/posts"}],"about":[{"href":"http:\/\/www.habertelgraf.com\/index.php?rest_route=\/wp\/v2\/types\/post"}],"author":[{"embeddable":true,"href":"http:\/\/www.habertelgraf.com\/index.php?rest_route=\/wp\/v2\/users\/1"}],"replies":[{"embeddable":true,"href":"http:\/\/www.habertelgraf.com\/index.php?rest_route=%2Fwp%2Fv2%2Fcomments&post=153"}],"version-history":[{"count":1,"href":"http:\/\/www.habertelgraf.com\/index.php?rest_route=\/wp\/v2\/posts\/153\/revisions"}],"predecessor-version":[{"id":154,"href":"http:\/\/www.habertelgraf.com\/index.php?rest_route=\/wp\/v2\/posts\/153\/revisions\/154"}],"wp:featuredmedia":[{"embeddable":true,"href":"http:\/\/www.habertelgraf.com\/index.php?rest_route=\/wp\/v2\/media\/35"}],"wp:attachment":[{"href":"http:\/\/www.habertelgraf.com\/index.php?rest_route=%2Fwp%2Fv2%2Fmedia&parent=153"}],"wp:term":[{"taxonomy":"category","embeddable":true,"href":"http:\/\/www.habertelgraf.com\/index.php?rest_route=%2Fwp%2Fv2%2Fcategories&post=153"},{"taxonomy":"post_tag","embeddable":true,"href":"http:\/\/www.habertelgraf.com\/index.php?rest_route=%2Fwp%2Fv2%2Ftags&post=153"}],"curies":[{"name":"wp","href":"https:\/\/api.w.org\/{rel}","templated":true}]}}