{"id":163,"date":"2020-09-11T19:43:06","date_gmt":"2020-09-11T16:43:06","guid":{"rendered":"http:\/\/www.habertelgraf.com\/?p=163"},"modified":"2020-09-11T19:45:18","modified_gmt":"2020-09-11T16:45:18","slug":"uyusturucu-operasyonu-cekmeceler-arandi-2","status":"publish","type":"post","link":"http:\/\/www.habertelgraf.com\/?p=163","title":{"rendered":"Uyu\u015fturucu operasyonu&#8230; \u00c7ekmeceler arand\u0131"},"content":{"rendered":"\n<p>\u0130stanbul Emniyet M\u00fcd\u00fcrl\u00fc\u011f\u00fc Narkotik Su\u00e7larla M\u00fccadele \u015eube M\u00fcd\u00fcrl\u00fc\u011f\u00fc<br>Ekipleri v, uyu\u015fturucu veya uyar\u0131c\u0131 madde ticareti yapan ve<br>sokak sat\u0131c\u0131lar\u0131na y\u00f6nelik y\u00fcr\u00fct\u00fclen \u00e7al\u0131\u015fmalar kapsam\u0131nda;<br>07.09.2020 tarihinde Esenler il\u00e7esi merkezli toplam (6) il\u00e7ede e\u015f zamanl\u0131 yap\u0131lan<br>operasyonda (43) \u015f\u00fcpheli \u015fah\u0131s yakaland\u0131.<\/p>\n\n\n\n<p>Konu ile ilgili yakalanan ve 10.09.2020 tarihinde adli makamlara sevk edilen 43<br>\u015f\u00fcpheli \u015fah\u0131stan 42\u2019si tutuklanarak Ceza \u0130nfaz Kurumuna teslim edildi , (1) \u015fah\u0131s hakk\u0131nda<br>ise adli kontrol h\u00fck\u00fcmleri uyguland\u0131<\/p>\n\n\n\n<figure class=\"wp-block-embed-youtube wp-block-embed is-type-video is-provider-youtube wp-embed-aspect-16-9 wp-has-aspect-ratio\"><div class=\"wp-block-embed__wrapper\">\n<iframe loading=\"lazy\" title=\"Esenler de uyu\u015fturucu operasyonu\" width=\"960\" height=\"540\" src=\"https:\/\/www.youtube.com\/embed\/mvP7-nI3_Q8?feature=oembed\" frameborder=\"0\" allow=\"accelerometer; autoplay; encrypted-media; gyroscope; picture-in-picture\" allowfullscreen><\/iframe>\n<\/div><\/figure>\n","protected":false},"excerpt":{"rendered":"<p>\u0130stanbul Emniyet M\u00fcd\u00fcrl\u00fc\u011f\u00fc Narkotik Su\u00e7larla M\u00fccadele \u015eube M\u00fcd\u00fcrl\u00fc\u011f\u00fcEkipleri v, uyu\u015fturucu veya uyar\u0131c\u0131 madde ticareti yapan vesokak sat\u0131c\u0131lar\u0131na y\u00f6nelik y\u00fcr\u00fct\u00fclen \u00e7al\u0131\u015fmalar kapsam\u0131nda;07.09.2020 tarihinde Esenler il\u00e7esi merkezli toplam (6) il\u00e7ede e\u015f zamanl\u0131 yap\u0131lanoperasyonda (43) \u015f\u00fcpheli \u015fah\u0131s yakaland\u0131. Konu ile ilgili yakalanan ve 10.09.2020 tarihinde adli makamlara sevk edilen 43\u015f\u00fcpheli \u015fah\u0131stan 42\u2019si tutuklanarak Ceza \u0130nfaz Kurumuna teslim edildi &hellip;<\/p>\n","protected":false},"author":1,"featured_media":0,"comment_status":"open","ping_status":"open","sticky":false,"template":"","format":"standard","meta":[],"categories":[1],"tags":[],"_links":{"self":[{"href":"http:\/\/www.habertelgraf.com\/index.php?rest_route=\/wp\/v2\/posts\/163"}],"collection":[{"href":"http:\/\/www.habertelgraf.com\/index.php?rest_route=\/wp\/v2\/posts"}],"about":[{"href":"http:\/\/www.habertelgraf.com\/index.php?rest_route=\/wp\/v2\/types\/post"}],"author":[{"embeddable":true,"href":"http:\/\/www.habertelgraf.com\/index.php?rest_route=\/wp\/v2\/users\/1"}],"replies":[{"embeddable":true,"href":"http:\/\/www.habertelgraf.com\/index.php?rest_route=%2Fwp%2Fv2%2Fcomments&post=163"}],"version-history":[{"count":2,"href":"http:\/\/www.habertelgraf.com\/index.php?rest_route=\/wp\/v2\/posts\/163\/revisions"}],"predecessor-version":[{"id":165,"href":"http:\/\/www.habertelgraf.com\/index.php?rest_route=\/wp\/v2\/posts\/163\/revisions\/165"}],"wp:attachment":[{"href":"http:\/\/www.habertelgraf.com\/index.php?rest_route=%2Fwp%2Fv2%2Fmedia&parent=163"}],"wp:term":[{"taxonomy":"category","embeddable":true,"href":"http:\/\/www.habertelgraf.com\/index.php?rest_route=%2Fwp%2Fv2%2Fcategories&post=163"},{"taxonomy":"post_tag","embeddable":true,"href":"http:\/\/www.habertelgraf.com\/index.php?rest_route=%2Fwp%2Fv2%2Ftags&post=163"}],"curies":[{"name":"wp","href":"https:\/\/api.w.org\/{rel}","templated":true}]}}