{"id":170,"date":"2020-09-12T13:53:06","date_gmt":"2020-09-12T10:53:06","guid":{"rendered":"http:\/\/www.habertelgraf.com\/?p=170"},"modified":"2020-09-12T13:53:08","modified_gmt":"2020-09-12T10:53:08","slug":"iletisim-baskani-fahrettin-altunun-12-eylul-1980-darbesinin-yildonumune-iliskin-aciklamasi","status":"publish","type":"post","link":"http:\/\/www.habertelgraf.com\/?p=170","title":{"rendered":"\u0130leti\u015fim Ba\u015fkan\u0131 Fahrettin Altun\u2019un 12 Eyl\u00fcl 1980 darbesinin y\u0131ld\u00f6n\u00fcm\u00fcne ili\u015fkin a\u00e7\u0131klamas\u0131"},"content":{"rendered":"\n<p><em>\u0130leti\u015fim Ba\u015fkan\u0131 Fahrettin Altun\u2019un 12 Eyl\u00fcl 1980 darbesinin y\u0131ld\u00f6n\u00fcm\u00fcne ili\u015fkin a\u00e7\u0131klamas\u0131:<\/em><\/p>\n\n\n\n<p>Haf\u0131zalar\u0131m\u0131zda yerini koruyan ve 40 y\u0131l \u00f6nce ger\u00e7ekle\u015fen kanl\u0131 #12Eyl\u00fcl darbesi; milletimizin ba\u011f\u0131ms\u0131zl\u0131k ve demokrasi m\u00fccadelesinde t\u00fcrl\u00fc ac\u0131 ve me\u015fakkatler bar\u0131nd\u0131ran \u00f6nemli bir olay\u0131d\u0131r. Bug\u00fcn\u00fc anlamak; 27 May\u0131s\u2019\u0131, 12 Eyl\u00fcl\u2019\u00fc, 28 \u015eubat\u2019\u0131, 15 Temmuz\u2019u do\u011fru anlamaktan ge\u00e7iyor.<\/p>\n\n\n\n<p>\u0130radesine sahip \u00e7\u0131kan milletin darbeler ve darbecilere kar\u015f\u0131 verdikleri e\u015fsiz m\u00fccadele; ge\u00e7mi\u015ften 15 Temmuz\u2019a ta\u015f\u0131nm\u0131\u015f, bu bilin\u00e7 ve iman her daim darbecilerin, milli irade d\u00fc\u015fmanlar\u0131n\u0131n ve darbe sevicilerin y\u0131k\u0131m\u0131n\u0131 beraberinde getirmi\u015ftir.<\/p>\n\n\n\n<h1>12Eyl\u00fcl \u00f6ncesinde darbeye zemin haz\u0131rlamak i\u00e7in y\u00fckseltilen \u015fiddet ortam\u0131nda kaybetti\u011fimiz insanlar\u0131 bug\u00fcn b\u00fcy\u00fck \u00fcz\u00fcnt\u00fcyle hat\u0131rl\u0131yoruz. Sadece bir avu\u00e7 darbecinin ve vesayet oda\u011f\u0131n\u0131n kazan\u00e7l\u0131 \u00e7\u0131kt\u0131\u011f\u0131 kanl\u0131 d\u00f6nemin sorumlular\u0131 milletin vicdan\u0131nda her daim lanetle an\u0131lacakt\u0131r.<\/h1>\n\n\n\n<p>Cumhurba\u015fkan\u0131m\u0131z Recep Tayyip Erdo\u011fan liderli\u011finde T\u00fcrkiye darbeler ve darbecilerle m\u00fccadelede, tarihimizin en g\u00fc\u00e7l\u00fc d\u00f6nemini ya\u015famaktad\u0131r. Buna ra\u011fmen bug\u00fcn bile baz\u0131 kesimlerin darbeyi lanetleme bahanesiyle milli irade d\u00fc\u015fmanl\u0131\u011f\u0131 yapmalar\u0131n\u0131 da ibretle izliyoruz.<\/p>\n\n\n\n<p>\u0130ster i\u00e7eride ister d\u0131\u015far\u0131da milli irade d\u00fc\u015fmanl\u0131\u011f\u0131 yapanlar\u0131n en temel meselesinin b\u00fcy\u00fck, g\u00fc\u00e7l\u00fc ve tam ba\u011f\u0131ms\u0131z T\u00fcrkiye y\u00fcr\u00fcy\u00fc\u015f\u00fcn\u00fc engelleme, k\u00fcresel bir g\u00fc\u00e7 olma yar\u0131\u015f\u0131ndaki \u00fclkemizi durdurma gayreti oldu\u011funu biliyoruz. Yine biliyoruz ki, milletimiz bu d\u00fc\u015fmanl\u0131\u011fa ge\u00e7it vermez.<\/p>\n\n\n\n<p>Milletimizin g\u00fc\u00e7l\u00fc iradesi darbelere, darbecilere, onlar\u0131n d\u0131\u015far\u0131daki hamilerine ve siyasal alandaki i\u015fbirlik\u00e7ilerine gereken dersi vermeye muktedirdir.<\/p>\n\n\n\n<p>S\u00d6Z DE KARAR DA AZ\u0130Z M\u0130LLET\u0130M\u0130Z\u0130ND\u0130R.<\/p>\n\n\n\n<figure class=\"wp-block-embed-twitter wp-block-embed is-type-rich is-provider-twitter\"><div class=\"wp-block-embed__wrapper\">\n<blockquote class=\"twitter-tweet\" data-width=\"550\" data-dnt=\"true\"><p lang=\"tr\" dir=\"ltr\">Haf\u0131zalar\u0131m\u0131zda yerini koruyan ve 40 y\u0131l \u00f6nce ger\u00e7ekle\u015fen kanl\u0131 <a href=\"https:\/\/twitter.com\/hashtag\/12Eyl%C3%BCl?src=hash&amp;ref_src=twsrc%5Etfw\">#12Eyl\u00fcl<\/a> darbesi; milletimizin ba\u011f\u0131ms\u0131zl\u0131k ve demokrasi m\u00fccadelesinde t\u00fcrl\u00fc ac\u0131 ve me\u015fakkatler bar\u0131nd\u0131ran \u00f6nemli bir olay\u0131d\u0131r. Bug\u00fcn\u00fc anlamak; 27 May\u0131s\u2019\u0131, 12 Eyl\u00fcl\u2019\u00fc, 28 \u015eubat\u2019\u0131, 15 Temmuz\u2019u do\u011fru anlamaktan ge\u00e7iyor.<\/p>&mdash; Fahrettin Altun (@fahrettinaltun) <a href=\"https:\/\/twitter.com\/fahrettinaltun\/status\/1304729019720634368?ref_src=twsrc%5Etfw\">September 12, 2020<\/a><\/blockquote><script async src=\"https:\/\/platform.twitter.com\/widgets.js\" charset=\"utf-8\"><\/script>\n<\/div><\/figure>\n\n\n\n<p>\u0130radesine sahip \u00e7\u0131kan milletin darbeler ve darbecilere kar\u015f\u0131 verdikleri e\u015fsiz m\u00fccadele; ge\u00e7mi\u015ften 15 Temmuz\u2019a ta\u015f\u0131nm\u0131\u015f, bu bilin\u00e7 ve iman her daim darbecilerin, milli irade d\u00fc\u015fmanlar\u0131n\u0131n ve darbe sevicilerin y\u0131k\u0131m\u0131n\u0131 beraberinde getirmi\u015ftir.<\/p>\n\n\n\n<h1>12Eyl\u00fcl \u00f6ncesinde darbeye zemin haz\u0131rlamak i\u00e7in y\u00fckseltilen \u015fiddet ortam\u0131nda kaybetti\u011fimiz insanlar\u0131 bug\u00fcn b\u00fcy\u00fck \u00fcz\u00fcnt\u00fcyle hat\u0131rl\u0131yoruz. Sadece bir avu\u00e7 darbecinin ve vesayet oda\u011f\u0131n\u0131n kazan\u00e7l\u0131 \u00e7\u0131kt\u0131\u011f\u0131 kanl\u0131 d\u00f6nemin sorumlular\u0131 milletin vicdan\u0131nda her daim lanetle an\u0131lacakt\u0131r.<\/h1>\n\n\n\n<p>Cumhurba\u015fkan\u0131m\u0131z Recep Tayyip Erdo\u011fan liderli\u011finde T\u00fcrkiye darbeler ve darbecilerle m\u00fccadelede, tarihimizin en g\u00fc\u00e7l\u00fc d\u00f6nemini ya\u015famaktad\u0131r. Buna ra\u011fmen bug\u00fcn bile baz\u0131 kesimlerin darbeyi lanetleme bahanesiyle milli irade d\u00fc\u015fmanl\u0131\u011f\u0131 yapmalar\u0131n\u0131 da ibretle izliyoruz.<\/p>\n\n\n\n<p>\u0130ster i\u00e7eride ister d\u0131\u015far\u0131da milli irade d\u00fc\u015fmanl\u0131\u011f\u0131 yapanlar\u0131n en temel meselesinin b\u00fcy\u00fck, g\u00fc\u00e7l\u00fc ve tam ba\u011f\u0131ms\u0131z T\u00fcrkiye y\u00fcr\u00fcy\u00fc\u015f\u00fcn\u00fc engelleme, k\u00fcresel bir g\u00fc\u00e7 olma yar\u0131\u015f\u0131ndaki \u00fclkemizi durdurma gayreti oldu\u011funu biliyoruz. Yine biliyoruz ki, milletimiz bu d\u00fc\u015fmanl\u0131\u011fa ge\u00e7it vermez.<\/p>\n\n\n\n<p>Milletimizin g\u00fc\u00e7l\u00fc iradesi darbelere, darbecilere, onlar\u0131n d\u0131\u015far\u0131daki hamilerine ve siyasal alandaki i\u015fbirlik\u00e7ilerine gereken dersi vermeye muktedirdir.<\/p>\n\n\n\n<p>S\u00d6Z DE KARAR DA AZ\u0130Z M\u0130LLET\u0130M\u0130Z\u0130ND\u0130R.<\/p>\n\n\n\n<figure class=\"wp-block-embed-twitter wp-block-embed is-type-rich is-provider-twitter\"><div class=\"wp-block-embed__wrapper\">\n<blockquote class=\"twitter-tweet\" data-width=\"550\" data-dnt=\"true\"><p lang=\"tr\" dir=\"ltr\">Haf\u0131zalar\u0131m\u0131zda yerini koruyan ve 40 y\u0131l \u00f6nce ger\u00e7ekle\u015fen kanl\u0131 <a href=\"https:\/\/twitter.com\/hashtag\/12Eyl%C3%BCl?src=hash&amp;ref_src=twsrc%5Etfw\">#12Eyl\u00fcl<\/a> darbesi; milletimizin ba\u011f\u0131ms\u0131zl\u0131k ve demokrasi m\u00fccadelesinde t\u00fcrl\u00fc ac\u0131 ve me\u015fakkatler bar\u0131nd\u0131ran \u00f6nemli bir olay\u0131d\u0131r. Bug\u00fcn\u00fc anlamak; 27 May\u0131s\u2019\u0131, 12 Eyl\u00fcl\u2019\u00fc, 28 \u015eubat\u2019\u0131, 15 Temmuz\u2019u do\u011fru anlamaktan ge\u00e7iyor.<\/p>&mdash; Fahrettin Altun (@fahrettinaltun) <a href=\"https:\/\/twitter.com\/fahrettinaltun\/status\/1304729019720634368?ref_src=twsrc%5Etfw\">September 12, 2020<\/a><\/blockquote><script async src=\"https:\/\/platform.twitter.com\/widgets.js\" charset=\"utf-8\"><\/script>\n<\/div><\/figure>\n\n\n\n<p><\/p>\n","protected":false},"excerpt":{"rendered":"<p>\u0130leti\u015fim Ba\u015fkan\u0131 Fahrettin Altun\u2019un 12 Eyl\u00fcl 1980 darbesinin y\u0131ld\u00f6n\u00fcm\u00fcne ili\u015fkin a\u00e7\u0131klamas\u0131: Haf\u0131zalar\u0131m\u0131zda yerini koruyan ve 40 y\u0131l \u00f6nce ger\u00e7ekle\u015fen kanl\u0131 #12Eyl\u00fcl darbesi; milletimizin ba\u011f\u0131ms\u0131zl\u0131k ve demokrasi m\u00fccadelesinde t\u00fcrl\u00fc ac\u0131 ve me\u015fakkatler bar\u0131nd\u0131ran \u00f6nemli bir olay\u0131d\u0131r. Bug\u00fcn\u00fc anlamak; 27 May\u0131s\u2019\u0131, 12 Eyl\u00fcl\u2019\u00fc, 28 \u015eubat\u2019\u0131, 15 Temmuz\u2019u do\u011fru anlamaktan ge\u00e7iyor. \u0130radesine sahip \u00e7\u0131kan milletin darbeler ve darbecilere &hellip;<\/p>\n","protected":false},"author":1,"featured_media":0,"comment_status":"open","ping_status":"open","sticky":false,"template":"","format":"standard","meta":[],"categories":[1],"tags":[],"_links":{"self":[{"href":"http:\/\/www.habertelgraf.com\/index.php?rest_route=\/wp\/v2\/posts\/170"}],"collection":[{"href":"http:\/\/www.habertelgraf.com\/index.php?rest_route=\/wp\/v2\/posts"}],"about":[{"href":"http:\/\/www.habertelgraf.com\/index.php?rest_route=\/wp\/v2\/types\/post"}],"author":[{"embeddable":true,"href":"http:\/\/www.habertelgraf.com\/index.php?rest_route=\/wp\/v2\/users\/1"}],"replies":[{"embeddable":true,"href":"http:\/\/www.habertelgraf.com\/index.php?rest_route=%2Fwp%2Fv2%2Fcomments&post=170"}],"version-history":[{"count":2,"href":"http:\/\/www.habertelgraf.com\/index.php?rest_route=\/wp\/v2\/posts\/170\/revisions"}],"predecessor-version":[{"id":174,"href":"http:\/\/www.habertelgraf.com\/index.php?rest_route=\/wp\/v2\/posts\/170\/revisions\/174"}],"wp:attachment":[{"href":"http:\/\/www.habertelgraf.com\/index.php?rest_route=%2Fwp%2Fv2%2Fmedia&parent=170"}],"wp:term":[{"taxonomy":"category","embeddable":true,"href":"http:\/\/www.habertelgraf.com\/index.php?rest_route=%2Fwp%2Fv2%2Fcategories&post=170"},{"taxonomy":"post_tag","embeddable":true,"href":"http:\/\/www.habertelgraf.com\/index.php?rest_route=%2Fwp%2Fv2%2Ftags&post=170"}],"curies":[{"name":"wp","href":"https:\/\/api.w.org\/{rel}","templated":true}]}}