{"id":172,"date":"2020-09-12T16:00:19","date_gmt":"2020-09-12T13:00:19","guid":{"rendered":"http:\/\/www.habertelgraf.com\/?p=172"},"modified":"2020-09-12T16:00:21","modified_gmt":"2020-09-12T13:00:21","slug":"erdogan-dan-12eylul-mesaji","status":"publish","type":"post","link":"http:\/\/www.habertelgraf.com\/?p=172","title":{"rendered":"Erdo\u011fan dan 12Eyl\u00fcl mesaj\u0131"},"content":{"rendered":"\n<p>Cumhurba\u015fkan\u0131 Erdogan:<\/p>\n\n\n\n<p>&#8220;Hi\u00e7 \u015f\u00fcphe yok ki 15 Temmuz gecesi birileri yine ayn\u0131 mekanlarda &#8216;Bizim \u00e7ocuklar yine ba\u015fard\u0131.&#8217; demek i\u00e7in bekliyordu.&#8221;<\/p>\n\n\n\n<h1><\/h1>\n\n\n\n<figure class=\"wp-block-embed-youtube wp-block-embed is-type-video is-provider-youtube wp-embed-aspect-16-9 wp-has-aspect-ratio\"><div class=\"wp-block-embed__wrapper\">\n<iframe loading=\"lazy\" title=\"12 Eyl\u00fcl mesaj\u0131 veren cumhurba\u015fkan\u0131ndan 15 Temmuz vurgusu\" width=\"960\" height=\"540\" src=\"https:\/\/www.youtube.com\/embed\/5UWpChXOqMA?feature=oembed\" frameborder=\"0\" allow=\"accelerometer; autoplay; encrypted-media; gyroscope; picture-in-picture\" allowfullscreen><\/iframe>\n<\/div><\/figure>\n","protected":false},"excerpt":{"rendered":"<p>Cumhurba\u015fkan\u0131 Erdogan: &#8220;Hi\u00e7 \u015f\u00fcphe yok ki 15 Temmuz gecesi birileri yine ayn\u0131 mekanlarda &#8216;Bizim \u00e7ocuklar yine ba\u015fard\u0131.&#8217; demek i\u00e7in bekliyordu.&#8221;<\/p>\n","protected":false},"author":1,"featured_media":0,"comment_status":"open","ping_status":"open","sticky":false,"template":"","format":"standard","meta":[],"categories":[1],"tags":[],"_links":{"self":[{"href":"http:\/\/www.habertelgraf.com\/index.php?rest_route=\/wp\/v2\/posts\/172"}],"collection":[{"href":"http:\/\/www.habertelgraf.com\/index.php?rest_route=\/wp\/v2\/posts"}],"about":[{"href":"http:\/\/www.habertelgraf.com\/index.php?rest_route=\/wp\/v2\/types\/post"}],"author":[{"embeddable":true,"href":"http:\/\/www.habertelgraf.com\/index.php?rest_route=\/wp\/v2\/users\/1"}],"replies":[{"embeddable":true,"href":"http:\/\/www.habertelgraf.com\/index.php?rest_route=%2Fwp%2Fv2%2Fcomments&post=172"}],"version-history":[{"count":1,"href":"http:\/\/www.habertelgraf.com\/index.php?rest_route=\/wp\/v2\/posts\/172\/revisions"}],"predecessor-version":[{"id":173,"href":"http:\/\/www.habertelgraf.com\/index.php?rest_route=\/wp\/v2\/posts\/172\/revisions\/173"}],"wp:attachment":[{"href":"http:\/\/www.habertelgraf.com\/index.php?rest_route=%2Fwp%2Fv2%2Fmedia&parent=172"}],"wp:term":[{"taxonomy":"category","embeddable":true,"href":"http:\/\/www.habertelgraf.com\/index.php?rest_route=%2Fwp%2Fv2%2Fcategories&post=172"},{"taxonomy":"post_tag","embeddable":true,"href":"http:\/\/www.habertelgraf.com\/index.php?rest_route=%2Fwp%2Fv2%2Ftags&post=172"}],"curies":[{"name":"wp","href":"https:\/\/api.w.org\/{rel}","templated":true}]}}