{"id":175,"date":"2020-09-12T20:26:57","date_gmt":"2020-09-12T17:26:57","guid":{"rendered":"http:\/\/www.habertelgraf.com\/?p=175"},"modified":"2020-09-12T23:31:33","modified_gmt":"2020-09-12T20:31:33","slug":"super-ligden-haber-telgraf","status":"publish","type":"post","link":"http:\/\/www.habertelgraf.com\/?p=175","title":{"rendered":"S\u00fcper ligden haber telgraf"},"content":{"rendered":"\n<p>Emre Bel\u00f6zo\u011flu&#8217;nun 2 forvet transferi yapacaklar\u0131n\u0131 s\u00f6yledi\u011fini belirten T\u00fcmer Metin, &#8220;Emre geldi, masam\u0131za oturdu. Sohbet ettik, dertle\u015ftik, bilgi ak\u0131\u015f\u0131 oldu aram\u0131zda. Onun m\u00fcsaadesiyle anlatabilece\u011fim \u015fekilde \u015f\u00f6yle; B\u00fcy\u00fck bir ihtimalle Muriqi gitti a\u011fabey dedi, 5-6 milyon euroluk bir transfer yapabilme kayna\u011f\u0131 elde edece\u011fiz dedi. 3&#8217;te biri oluyor gelirin. Ben de Muriqi olsa bile bir santrfor laz\u0131m dedim. Bir tane 30 yapacak, arkas\u0131ndan da 15 yapacak 2 tane santrfor, 3. haftaya kalmadan tak\u0131ma monte edece\u011fiz, oyuncular haz\u0131r abi dedi. \u0130smi s\u00f6yledi, bence de 30 gol\u00fc rahat atar. Ben gidin Gomis&#8217;i al\u0131n Arabistan&#8217;dan, o olmaz a\u011fabey dedi.&#8221; diye konu\u015ftu.<\/p>\n\n\n\n<p>Be\u015fikta\u015f, her konuda anla\u015fma sa\u011flad\u0131\u011f\u0131 Josef de Souza&#8217;y\u0131 yar\u0131n \u00f6zel jetle \u0130stanbul&#8217;a getirilecek. Be\u015fikta\u015f&#8217;a imza atmas\u0131 beklenen Josef de Souza, Instagram profil foto\u011fraf\u0131n\u0131 Be\u015fikta\u015f formal\u0131 bir g\u00f6rsel yapt\u0131.<\/p>\n\n\n\n<p>Be\u015fikta\u015f Kul\u00fcb\u00fc, Teknik Direkt\u00f6r Sergen Yal\u00e7\u0131n&#8217;\u0131n koronavir\u00fcs testinin pozitif \u00e7\u0131kt\u0131\u011f\u0131n\u0131 a\u00e7\u0131klad\u0131.<\/p>\n\n\n\n<p>Trabzonspor, milli ma\u00e7 sonras\u0131 Trabzon&#8217;a gelmeyen Alexander S\u00f6rloth i\u00e7in Alman ekibi Leipzig&#8217;den teklif geldi\u011fini duyurdu.<\/p>\n\n\n\n<p>Eski hakem Deniz \u00c7oban&#8217;\u0131n yapt\u0131\u011f\u0131 a\u00e7\u0131klamaya g\u00f6re bu hafta g\u00f6revli olan 3 hakemin Covid-19 testi pozitif \u00e7\u0131kt\u0131.<\/p>\n\n\n\n<p>Trabzonspor Y\u00f6netimi, Be\u015fikta\u015f ma\u00e7\u0131 \u00f6ncesi ya\u015fanan Alexander S\u00f6rloth krizi sonras\u0131 ola\u011fan\u00fcst\u00fc toplant\u0131ya girdi.<\/p>\n\n\n\n<p><\/p>\n\n\n\n<p>Be\u015fikta\u015f, Trabzonspor ma\u00e7\u0131 kamp kadrosunu a\u00e7\u0131klad\u0131. Kadroda N&#8217;Koudou ile yeni transfer Montero yer almad\u0131.<\/p>\n\n\n\n<p>Galatasaray&#8217;da tak\u0131mdan g\u00f6nderilmesi g\u00fcndemde olan Younes Belhanda ile ilgili olarak yeni geli\u015fmeler ya\u015fan\u0131yor. Fasl\u0131 10 numaran\u0131n 3 farkl\u0131 \u00fclkeden talibi var.<\/p>\n\n\n\n<p>S\u00fcper Lig&#8217;in yeni ekibi Karag\u00fcmr\u00fck, ilk ma\u00e7\u0131nda Yeni Malatyaspor&#8217;u 3-0 gibi net bir skorla ma\u011flup etti.<\/p>\n\n\n\n<p>S\u00fcper Lig&#8217;in a\u00e7\u0131l\u0131\u015f haftas\u0131nda Alanyaspor, deplasmanda Sivasspor&#8217;u 2-0 ma\u011flup etti ve sezona 3 puanla ba\u015flad\u0131.<\/p>\n\n\n\n<p><\/p>\n\n\n\n<p>S\u00fcper Lig ekiplerinden G\u00f6ztepe, transfer \u00e7al\u0131\u015fmalar\u0131n\u0131 s\u00fcrd\u00fcr\u00fcrken g\u00f6z\u00fcn\u00fc Be\u015fikta\u015fl\u0131 Lens&#8217;e dikti. \u0130zmir ekibi Hollandal\u0131 y\u0131ld\u0131z i\u00e7in teklifini sundu.<\/p>\n","protected":false},"excerpt":{"rendered":"<p>Emre Bel\u00f6zo\u011flu&#8217;nun 2 forvet transferi yapacaklar\u0131n\u0131 s\u00f6yledi\u011fini belirten T\u00fcmer Metin, &#8220;Emre geldi, masam\u0131za oturdu. Sohbet ettik, dertle\u015ftik, bilgi ak\u0131\u015f\u0131 oldu aram\u0131zda. Onun m\u00fcsaadesiyle anlatabilece\u011fim \u015fekilde \u015f\u00f6yle; B\u00fcy\u00fck bir ihtimalle Muriqi gitti a\u011fabey dedi, 5-6 milyon euroluk bir transfer yapabilme kayna\u011f\u0131 elde edece\u011fiz dedi. 3&#8217;te biri oluyor gelirin. Ben de Muriqi olsa bile bir santrfor laz\u0131m &hellip;<\/p>\n","protected":false},"author":1,"featured_media":35,"comment_status":"open","ping_status":"open","sticky":false,"template":"","format":"standard","meta":[],"categories":[4],"tags":[],"_links":{"self":[{"href":"http:\/\/www.habertelgraf.com\/index.php?rest_route=\/wp\/v2\/posts\/175"}],"collection":[{"href":"http:\/\/www.habertelgraf.com\/index.php?rest_route=\/wp\/v2\/posts"}],"about":[{"href":"http:\/\/www.habertelgraf.com\/index.php?rest_route=\/wp\/v2\/types\/post"}],"author":[{"embeddable":true,"href":"http:\/\/www.habertelgraf.com\/index.php?rest_route=\/wp\/v2\/users\/1"}],"replies":[{"embeddable":true,"href":"http:\/\/www.habertelgraf.com\/index.php?rest_route=%2Fwp%2Fv2%2Fcomments&post=175"}],"version-history":[{"count":1,"href":"http:\/\/www.habertelgraf.com\/index.php?rest_route=\/wp\/v2\/posts\/175\/revisions"}],"predecessor-version":[{"id":176,"href":"http:\/\/www.habertelgraf.com\/index.php?rest_route=\/wp\/v2\/posts\/175\/revisions\/176"}],"wp:featuredmedia":[{"embeddable":true,"href":"http:\/\/www.habertelgraf.com\/index.php?rest_route=\/wp\/v2\/media\/35"}],"wp:attachment":[{"href":"http:\/\/www.habertelgraf.com\/index.php?rest_route=%2Fwp%2Fv2%2Fmedia&parent=175"}],"wp:term":[{"taxonomy":"category","embeddable":true,"href":"http:\/\/www.habertelgraf.com\/index.php?rest_route=%2Fwp%2Fv2%2Fcategories&post=175"},{"taxonomy":"post_tag","embeddable":true,"href":"http:\/\/www.habertelgraf.com\/index.php?rest_route=%2Fwp%2Fv2%2Ftags&post=175"}],"curies":[{"name":"wp","href":"https:\/\/api.w.org\/{rel}","templated":true}]}}