{"id":183,"date":"2020-09-12T21:55:10","date_gmt":"2020-09-12T18:55:10","guid":{"rendered":"http:\/\/www.habertelgraf.com\/?p=183"},"modified":"2020-09-12T21:55:31","modified_gmt":"2020-09-12T18:55:31","slug":"berat-albayrak-12-eylul-paylasimi","status":"publish","type":"post","link":"http:\/\/www.habertelgraf.com\/?p=183","title":{"rendered":"Berat Albayrak 12 Eyl\u00fcl payla\u015f\u0131m\u0131"},"content":{"rendered":"\n<p>Hazine ve Maliye Bakan\u0131 Berat Albayrak, sosyal medya hesab\u0131ndan 12 Eyl\u00fcl payla\u015f\u0131m\u0131nda bulundu.<\/p>\n\n\n\n<p><\/p>\n\n\n\n<p>&#8220;40 y\u0131l&#8230;<\/p>\n\n\n\n<p>40 y\u0131l \u00f6nce bug\u00fcn demokrasi tarihimize kara bir leke olarak ge\u00e7en 12 Eyl\u00fcl darbesini unutmad\u0131k, unutmayaca\u011f\u0131z!<\/p>\n\n\n\n<p>O g\u00fcnleri ve ya\u015fananlar\u0131 anlatan bu filmi \u00f6zellikle de bilmeyen ve g\u00f6rmeyen herkesin izlemesini tavsiye ederim.&#8221;<\/p>\n\n\n\n<figure class=\"wp-block-embed-twitter wp-block-embed is-type-rich is-provider-twitter\"><div class=\"wp-block-embed__wrapper\">\n<blockquote class=\"twitter-tweet\" data-width=\"550\" data-dnt=\"true\"><p lang=\"tr\" dir=\"ltr\">40 y\u0131l&#8230;<br>40 y\u0131l \u00f6nce bug\u00fcn demokrasi tarihimize kara bir leke olarak ge\u00e7en 12 Eyl\u00fcl darbesini unutmad\u0131k, unutmayaca\u011f\u0131z!<br><br>O g\u00fcnleri ve ya\u015fananlar\u0131 anlatan bu filmi \u00f6zellikle de bilmeyen ve g\u00f6rmeyen herkesin izlemesini tavsiye ederim. <a href=\"https:\/\/t.co\/9VwndstZfd\">https:\/\/t.co\/9VwndstZfd<\/a><\/p>&mdash; Berat Albayrak (@BeratAlbayrak) <a href=\"https:\/\/twitter.com\/BeratAlbayrak\/status\/1304781740918046720?ref_src=twsrc%5Etfw\">September 12, 2020<\/a><\/blockquote><script async src=\"https:\/\/platform.twitter.com\/widgets.js\" charset=\"utf-8\"><\/script>\n<\/div><\/figure>\n","protected":false},"excerpt":{"rendered":"<p>Hazine ve Maliye Bakan\u0131 Berat Albayrak, sosyal medya hesab\u0131ndan 12 Eyl\u00fcl payla\u015f\u0131m\u0131nda bulundu. &#8220;40 y\u0131l&#8230; 40 y\u0131l \u00f6nce bug\u00fcn demokrasi tarihimize kara bir leke olarak ge\u00e7en 12 Eyl\u00fcl darbesini unutmad\u0131k, unutmayaca\u011f\u0131z! O g\u00fcnleri ve ya\u015fananlar\u0131 anlatan bu filmi \u00f6zellikle de bilmeyen ve g\u00f6rmeyen herkesin izlemesini tavsiye ederim.&#8221;<\/p>\n","protected":false},"author":1,"featured_media":0,"comment_status":"open","ping_status":"open","sticky":false,"template":"","format":"standard","meta":[],"categories":[3],"tags":[],"_links":{"self":[{"href":"http:\/\/www.habertelgraf.com\/index.php?rest_route=\/wp\/v2\/posts\/183"}],"collection":[{"href":"http:\/\/www.habertelgraf.com\/index.php?rest_route=\/wp\/v2\/posts"}],"about":[{"href":"http:\/\/www.habertelgraf.com\/index.php?rest_route=\/wp\/v2\/types\/post"}],"author":[{"embeddable":true,"href":"http:\/\/www.habertelgraf.com\/index.php?rest_route=\/wp\/v2\/users\/1"}],"replies":[{"embeddable":true,"href":"http:\/\/www.habertelgraf.com\/index.php?rest_route=%2Fwp%2Fv2%2Fcomments&post=183"}],"version-history":[{"count":1,"href":"http:\/\/www.habertelgraf.com\/index.php?rest_route=\/wp\/v2\/posts\/183\/revisions"}],"predecessor-version":[{"id":184,"href":"http:\/\/www.habertelgraf.com\/index.php?rest_route=\/wp\/v2\/posts\/183\/revisions\/184"}],"wp:attachment":[{"href":"http:\/\/www.habertelgraf.com\/index.php?rest_route=%2Fwp%2Fv2%2Fmedia&parent=183"}],"wp:term":[{"taxonomy":"category","embeddable":true,"href":"http:\/\/www.habertelgraf.com\/index.php?rest_route=%2Fwp%2Fv2%2Fcategories&post=183"},{"taxonomy":"post_tag","embeddable":true,"href":"http:\/\/www.habertelgraf.com\/index.php?rest_route=%2Fwp%2Fv2%2Ftags&post=183"}],"curies":[{"name":"wp","href":"https:\/\/api.w.org\/{rel}","templated":true}]}}