{"id":193,"date":"2020-09-12T22:06:41","date_gmt":"2020-09-12T19:06:41","guid":{"rendered":"http:\/\/www.habertelgraf.com\/?p=193"},"modified":"2020-09-12T22:06:42","modified_gmt":"2020-09-12T19:06:42","slug":"uv-isinlariyla-koronavirus-temizlenir-mi","status":"publish","type":"post","link":"http:\/\/www.habertelgraf.com\/?p=193","title":{"rendered":"UV \u0131\u015f\u0131nlar\u0131yla Koronavir\u00fcs temizlenir mi?"},"content":{"rendered":"\n<p>Koronavir\u00fcsle m\u00fccadele kapsam\u0131nda bir T\u00fcrk firmas\u0131 \u00f6nemli bir ba\u015far\u0131ya imza att\u0131. \u015eirket, KOSGEB&#8217;den ald\u0131\u011f\u0131 destekle ultraviyole \u0131\u015f\u0131nlar\u0131yla kapal\u0131 alanlar\u0131 koronavir\u00fcsten temizleyen cihaz geli\u015ftirdi.<\/p>\n\n\n\n<p>Bir T\u00fcrk firmas\u0131 kapal\u0131 ve kalabal\u0131k ortamlar\u0131, ultraviyole \u0131\u015f\u0131nlar\u0131yla koronavir\u00fcsten ar\u0131nd\u0131ran hava sterilizasyon cihaz\u0131 geli\u015ftirdi\u011fini duyurdu. UvTRAP Genel M\u00fcd\u00fcr\u00fc Serdar Uluta\u015f, \u201cBu cihaz, ortamdaki vir\u00fcsl\u00fc havay\u0131 \u00f6nce kendi i\u00e7ine \u00e7ekiyor, ard\u0131ndan i\u00e7indeki UV \u0131\u015f\u0131nlar\u0131yla vir\u00fcsl\u00fc havay\u0131 tamamen ar\u0131nd\u0131r\u0131p, temiz hava olarak tekrar ortama veriyor. Bu sayede cihaz bize koronavir\u00fcs ile m\u00fccadelede son derece \u00f6nemli bir avantaj sa\u011fl\u0131yor\u201d dedi.<\/p>\n\n\n\n<p><\/p>\n\n\n\n<p>ancak bu a\u00e7\u0131klamalar kafalarda soru i\u015faret b\u0131rakt\u0131. <\/p>\n\n\n\n<p>Vir\u00fcs\u00fcn UV \u0131\u015f\u0131nlar\u0131yla temizlenmesi konusu t\u0131p d\u00fcnyas\u0131nda halen tart\u0131\u015f\u0131lan bir konu<\/p>\n","protected":false},"excerpt":{"rendered":"<p>Koronavir\u00fcsle m\u00fccadele kapsam\u0131nda bir T\u00fcrk firmas\u0131 \u00f6nemli bir ba\u015far\u0131ya imza att\u0131. \u015eirket, KOSGEB&#8217;den ald\u0131\u011f\u0131 destekle ultraviyole \u0131\u015f\u0131nlar\u0131yla kapal\u0131 alanlar\u0131 koronavir\u00fcsten temizleyen cihaz geli\u015ftirdi. Bir T\u00fcrk firmas\u0131 kapal\u0131 ve kalabal\u0131k ortamlar\u0131, ultraviyole \u0131\u015f\u0131nlar\u0131yla koronavir\u00fcsten ar\u0131nd\u0131ran hava sterilizasyon cihaz\u0131 geli\u015ftirdi\u011fini duyurdu. UvTRAP Genel M\u00fcd\u00fcr\u00fc Serdar Uluta\u015f, \u201cBu cihaz, ortamdaki vir\u00fcsl\u00fc havay\u0131 \u00f6nce kendi i\u00e7ine \u00e7ekiyor, ard\u0131ndan i\u00e7indeki &hellip;<\/p>\n","protected":false},"author":1,"featured_media":0,"comment_status":"open","ping_status":"open","sticky":false,"template":"","format":"standard","meta":[],"categories":[3],"tags":[],"_links":{"self":[{"href":"http:\/\/www.habertelgraf.com\/index.php?rest_route=\/wp\/v2\/posts\/193"}],"collection":[{"href":"http:\/\/www.habertelgraf.com\/index.php?rest_route=\/wp\/v2\/posts"}],"about":[{"href":"http:\/\/www.habertelgraf.com\/index.php?rest_route=\/wp\/v2\/types\/post"}],"author":[{"embeddable":true,"href":"http:\/\/www.habertelgraf.com\/index.php?rest_route=\/wp\/v2\/users\/1"}],"replies":[{"embeddable":true,"href":"http:\/\/www.habertelgraf.com\/index.php?rest_route=%2Fwp%2Fv2%2Fcomments&post=193"}],"version-history":[{"count":1,"href":"http:\/\/www.habertelgraf.com\/index.php?rest_route=\/wp\/v2\/posts\/193\/revisions"}],"predecessor-version":[{"id":194,"href":"http:\/\/www.habertelgraf.com\/index.php?rest_route=\/wp\/v2\/posts\/193\/revisions\/194"}],"wp:attachment":[{"href":"http:\/\/www.habertelgraf.com\/index.php?rest_route=%2Fwp%2Fv2%2Fmedia&parent=193"}],"wp:term":[{"taxonomy":"category","embeddable":true,"href":"http:\/\/www.habertelgraf.com\/index.php?rest_route=%2Fwp%2Fv2%2Fcategories&post=193"},{"taxonomy":"post_tag","embeddable":true,"href":"http:\/\/www.habertelgraf.com\/index.php?rest_route=%2Fwp%2Fv2%2Ftags&post=193"}],"curies":[{"name":"wp","href":"https:\/\/api.w.org\/{rel}","templated":true}]}}