{"id":195,"date":"2020-09-12T22:11:09","date_gmt":"2020-09-12T19:11:09","guid":{"rendered":"http:\/\/www.habertelgraf.com\/?p=195"},"modified":"2020-09-12T22:11:10","modified_gmt":"2020-09-12T19:11:10","slug":"ak-partye-100-bin-uye-katildi","status":"publish","type":"post","link":"http:\/\/www.habertelgraf.com\/?p=195","title":{"rendered":"Ak Part&#8217;ye 100 bin \u00fcye kat\u0131ld\u0131"},"content":{"rendered":"\n<p><strong>AK Parti \u0130stanbul Te\u015fkilat\u0131, AK Parti Genel Ba\u015fkan\u0131 ve Cumhurba\u015fkan\u0131 Recep Tayyip Erdo\u011fan\u2019\u0131n \u201cG\u00f6n\u00fcl Seferberli\u011fi\u201d \u00e7a\u011fr\u0131s\u0131 \u00fczerine ba\u015flatt\u0131\u011f\u0131 \u201c100 Bin Yeni \u00dcye\u201d kampanyas\u0131nda, sadece 40 g\u00fcnde 106 bin 155 yeni \u00fcye kazand\u0131rarak \u00f6nemli bir rekora imza att\u0131. Yeni \u00fcyelerle g\u00fc\u00e7lenen AK Parti\u2019nin, T\u00fcrkiye\u2019yi kalk\u0131nd\u0131racak ve gelece\u011fe ta\u015f\u0131yacak hedeflere emin ad\u0131mlarla ula\u015ft\u0131raca\u011f\u0131n\u0131 vurgulayan Erdo\u011fan, \u201c\u0130stanbul \u0130l Te\u015fkilat\u0131m\u0131z\u0131n partimize kazand\u0131rd\u0131\u011f\u0131 100 bin yeni \u00fcyemize, b\u00fcy\u00fck AK Parti ailesine ho\u015f geldiniz diyorum. Yeni \u00fcyelerin partimize kazand\u0131r\u0131lmas\u0131nda eme\u011fi ge\u00e7en \u0130stanbul \u0130l Ba\u015fkan\u0131m\u0131z\u0131 ve t\u00fcm te\u015fkilat mensuplar\u0131m\u0131z\u0131 tebrik ediyorum. \u00dcye \u00e7al\u0131\u015fmalar\u0131m\u0131z\u0131 y\u00fcr\u00fct\u00fcrken, her yeni kayd\u0131n, partimizle beraber \u00fclkemizi de g\u00fc\u00e7lendirdi\u011fini asla akl\u0131m\u0131zdan \u00e7\u0131karmayaca\u011f\u0131z. Hep birlikte \u00e7ok daha fazla \u00e7al\u0131\u015farak, \u00f6nce 2023\u2019te, sonra 2024\u2019te \u0130stanbul halk\u0131n\u0131n tevecc\u00fch\u00fcn\u00fc rekor oy oranlar\u0131yla sand\u0131\u011fa yans\u0131taca\u011f\u0131m\u0131za y\u00fcrekten inan\u0131yorum\u201d dedi.<\/strong><\/p>\n\n\n\n<p>AK Parti Genel Ba\u015fkan\u0131 ve Cumhurba\u015fkan\u0131 Recep Tayyip Erdo\u011fan, \u201cG\u00f6n\u00fcl Seferberli\u011fi\u201d \u00e7a\u011fr\u0131s\u0131 \u00fczerine sadece 40 g\u00fcnde 106 bin 155 yeni \u00fcye kazand\u0131ran AK Parti \u0130stanbul Te\u015fkilat\u0131 ile bulu\u015ftu. AK Parti \u0130stanbul \u0130l Ba\u015fkan\u0131 Bayram \u015eenocak\u2019\u0131n ev sahipli\u011finde Hali\u00e7 Kongre Merkezi\u2019nde d\u00fczenlenen \u201c100 Bin Yeni \u00dcye Program\u0131\u201dna Cumhurba\u015fkan\u0131 Erdo\u011fan\u2019\u0131n yan\u0131 s\u0131ra; AK Parti Genel Ba\u015fkanvekili Numan Kurtulmu\u015f, Cumhurba\u015fkan\u0131 Yard\u0131mc\u0131s\u0131 Fuat Oktay, AK Parti Genel Ba\u015fkan Yard\u0131mc\u0131lar\u0131 Erkan Kandemir, Fatma Bet\u00fcl Sayan Kaya ve Vedat Demir\u00f6z, \u0130stanbul Milletvekilleri, 3 Kademe \u0130l Y\u00f6netimi, 3 Kademe \u0130l\u00e7e Ba\u015fkanlar\u0131 ve Y\u00f6netimleri, Belediye Ba\u015fkanlar\u0131, Meclis \u00dcyeleri, 3 Kademe Mahalle Ba\u015fkanlar\u0131 ve yeni \u00fcyeler kat\u0131ld\u0131.<\/p>\n\n\n\n<p><strong>ERDO\u011eAN: \u201c\u0130STANBUL TE\u015eK\u0130LATIMIZ BA\u015eARILI VE BEREKETL\u0130 B\u0130R \u00c7ALI\u015eMAYA \u0130MZA ATTI\u201d<\/strong><\/p>\n\n\n\n<p>Bu program\u0131 100 bin yeni \u00fcyemizle birlikte yapmay\u0131 \u00e7ok arzu ettiklerini ancak salg\u0131n s\u00fcrecinin el vermedi\u011fini belirten Erdo\u011fan, \u201cG\u00f6n\u00fcller bir olduktan sonra, fiziki mesafelerin \u00f6neminin kalmad\u0131\u011f\u0131na inan\u0131yoruz. Bizleri bir araya getiren \u0130l Ba\u015fkan\u0131m\u0131za ve ekibine te\u015fekk\u00fcrlerimi sunuyor, Rabbim muhabbetimizi, dayan\u0131\u015fmam\u0131z\u0131 daim eylesin diye dua ediyorum. \u0130stanbul \u0130l Te\u015fkilat\u0131m\u0131z\u0131n partimize kazand\u0131rd\u0131\u011f\u0131 100 bin yeni \u00fcyemize, b\u00fcy\u00fck AK Parti ailesine ho\u015f geldiniz diyorum. Yeni \u00fcyelerin partimize kazand\u0131r\u0131lmas\u0131nda eme\u011fi ge\u00e7en t\u00fcm te\u015fkilat mensuplar\u0131m\u0131z\u0131 tebrik ediyorum. \u2018\u00dcye Say\u0131m\u0131z Art\u0131yor Ailemiz B\u00fcy\u00fcyor\u2019 slogan\u0131yla y\u00fcr\u00fctt\u00fc\u011f\u00fcm\u00fcz bu \u00e7al\u0131\u015fman\u0131n bereketli bir \u015fekilde neticelendi\u011fini g\u00f6r\u00fcyoruz. Salg\u0131nla m\u00fccadele kurallar\u0131, bizi \u00fcye \u00e7al\u0131\u015fmalar\u0131nda yeni y\u00f6ntemler geli\u015ftirmeye y\u00f6neltti. Her \u015feyin dijitalle\u015fti\u011fi bir devirde, siyasetin bunun d\u0131\u015f\u0131nda kalmas\u0131 elbette m\u00fcmk\u00fcn de\u011fildir. Biz de \u00fcye ba\u015fvurular\u0131n\u0131 internet \u00fczerinden alacak bir sistem kurduk. Yeni \u00fcyelerimizden 11 bininin \u00f6n ba\u015fvurular\u0131n\u0131 \u201c <a href=\"https:\/\/akuyelikistanbul.org\/pages\/login\">akuyelikistanbul.org<\/a> \u201d internet sitesi arac\u0131l\u0131\u011f\u0131yla ald\u0131k. Buradan ba\u015fvuran vatanda\u015flar\u0131m\u0131z\u0131 bizzat evinde ziyaret ederek \u00fcye kay\u0131tlar\u0131n\u0131 kesinle\u015ftirdik. Salg\u0131n sebebiyle y\u00fcz y\u00fcze ileti\u015fimin zorla\u015ft\u0131\u011f\u0131, d\u00fcnyan\u0131n bir\u00e7ok \u00fclkesinde hayat\u0131n neredeyse durma noktas\u0131na geldi\u011fi bir d\u00f6nemde, \u0130stanbul Te\u015fkilat\u0131m\u0131z\u0131n bu kampanyas\u0131 \u00e7ok daha de\u011ferlidir, anlaml\u0131d\u0131r. \u00d6n\u00fcm\u00fczdeki s\u00fcre\u00e7te, TAMAM diye sloganla\u015ft\u0131rd\u0131\u011f\u0131m\u0131z Temizlik, Maske, Mesafe tedbirlerini harfiyen uygulayarak partimize yeni \u00fcyeler kazand\u0131rma \u00e7al\u0131\u015fmalar\u0131na devam edece\u011fiz\u201d dedi.<\/p>\n\n\n\n<p><strong>ERDO\u011eAN: \u201cM\u0130LLET\u0130N PART\u0130S\u0130 AK PART\u0130\u2019DE, TER\u00d6R VE \u015e\u0130DDETTEN UZAK HERKESE YER VAR\u201d<\/strong><\/p>\n\n\n\n<p>AK Parti\u2019nin 10,5 milyonu a\u015fk\u0131n \u00fcyesiyle T\u00fcrkiye\u2019nin birinci, d\u00fcnyan\u0131n say\u0131l\u0131 partilerinden biri oldu\u011funu vurgulayan Erdo\u011fan, \u201c\u00dclkemizin t\u00fcm renklerini kucaklayan, b\u00fct\u00fcn farkl\u0131l\u0131klar\u0131n\u0131 ku\u015fatan bu hareket, T\u00fcrkiye\u2019nin en geni\u015f ailesidir. Biz sadece \u00fcye say\u0131s\u0131na g\u00f6re de\u011fil, ayn\u0131 zamanda temsil kabiliyeti bak\u0131m\u0131ndan da a\u00e7\u0131k ara birinci partiyiz. AK Parti\u2019nin g\u00fc\u00e7l\u00fc olmas\u0131 ve g\u00fc\u00e7l\u00fc kalmas\u0131, T\u00fcrkiye\u2019nin birlik, b\u00fct\u00fcnl\u00fck ve selameti a\u00e7\u0131s\u0131ndan hayati \u00f6neme sahiptir. Bu hareket ne kadar b\u00fcy\u00fcrse, T\u00fcrk demokrasisi de o derece g\u00fc\u00e7lenecektir. Bu hareket ne kadar g\u00fc\u00e7lenirse, T\u00fcrkiye\u2019nin kalk\u0131nma gayretleri de o derece h\u0131zl\u0131 neticeye ula\u015f\u0131r. AK Parti, \u00f6zellikle gen\u00e7 ku\u015faklarla kadrosunu ne kadar tahkim ederse, T\u00fcrkiye\u2019nin gelece\u011fi o derece ayd\u0131nl\u0131k olacakt\u0131r. \u00dcye \u00e7al\u0131\u015fmalar\u0131m\u0131z\u0131 y\u00fcr\u00fct\u00fcrken, her yeni kayd\u0131n, partimizle beraber \u00fclkemizi de g\u00fc\u00e7lendirdi\u011fini asla akl\u0131m\u0131zdan \u00e7\u0131karmayaca\u011f\u0131z. \u2018G\u00f6n\u00fclden Yaparsan G\u00f6n\u00fcller Kazan\u0131rs\u0131n\u2019 d\u00fcsturuyla 83 milyonun her bir ferdini kucaklamaya \u00e7al\u0131\u015faca\u011f\u0131z. Bu partiyi kuran da 18 y\u0131l boyunca iktidarda tutan da milletimizin bizatihi kendisidir. \u2018\u00d6nce millet, \u00f6nce memleket\u2019 diyen, \u2018T\u00fcrkiye Eksenli\u2019 hareket eden herkese elimizi uzatmak durumunday\u0131z. AK Parti \u00e7at\u0131s\u0131 alt\u0131nda, ter\u00f6r ve \u015fiddetle aras\u0131na mesafe koyan herkese, her t\u00fcrl\u00fc g\u00f6r\u00fc\u015fe yer vard\u0131r\u201d dedi.<\/p>\n\n\n\n<p><strong>ERDO\u011eAN: \u201cMESELE TAYY\u0130P ERDO\u011eAN\u2019IN \u0130KBAL\u0130 DE\u011e\u0130L, T\u00dcRK\u0130YE\u2019N\u0130N \u0130ST\u0130KBAL\u0130D\u0130R\u201d<\/strong><\/p>\n\n\n\n<p>T\u00fcrkiye\u2019nin Do\u011fu Akdeniz, Ege ba\u015fta olmak \u00fczere hakl\u0131 davalar\u0131ndan asla vazge\u00e7meyece\u011fini vurgulayan Erdo\u011fan, \u201cT\u00fcrkiye olarak ayn\u0131 anda birden \u00e7ok cephede \u00e7etin bir m\u00fccadele y\u00fcr\u00fct\u00fcyoruz. Sadece s\u0131n\u0131rlar\u0131m\u0131z i\u00e7inde de\u011fil, Irak\u2019tan Suriye\u2019ye, Akdeniz\u2019den Ege\u2019ye kadar geni\u015f bir alanda emperyalizmin farkl\u0131 y\u00fczleriyle muhatap oluyoruz. Bir as\u0131r \u00f6nce Anadolu\u2019yu i\u015fgal edenlerle, bug\u00fcn Libya\u2019da, Do\u011fu Akdeniz\u2019de kar\u015f\u0131m\u0131za dikilenler aras\u0131nda, niyet ve saik bak\u0131m\u0131ndan hi\u00e7bir fark yoktur. \u00dclkemizi ter\u00f6rle, bask\u0131yla, ekonomik tetik\u00e7ileriyle hedef alanlar\u0131n amac\u0131, bizi onurlu ve kararl\u0131 duru\u015fumuzdan vazge\u00e7irmektir. Bunlar\u0131n derdi ne AK Parti\u2019yledir, ne Tayyip Erdo\u011fan\u2019lad\u0131r; bunlar\u0131n derdi milletimizin bizatihi kendisiyledir, topra\u011f\u0131ndan devletine kadar T\u00fcrkiye\u2019nin varl\u0131\u011f\u0131ylad\u0131r. Her ne kadar muhalefet g\u00f6rmek istemese de, bu ger\u00e7e\u011fi art\u0131k milletimizin t\u00fcm fertleri g\u00f6r\u00fcyor. M\u00fccadelenin Tayyip Erdo\u011fan\u2019\u0131n ikbal m\u00fccadelesi olmad\u0131\u011f\u0131n\u0131, \u00fclkemiz ve gelece\u011fimiz i\u00e7in y\u00fcr\u00fct\u00fclen bir istikbal m\u00fccadelesi oldu\u011funu, vicdan ve izan sahibi herkes biliyor. Son 18 y\u0131ld\u0131r partimiz \u00fczerinde oynanan oyunlar\u0131 hepsi, Anadolu insan\u0131n\u0131n irfan\u0131 kar\u015f\u0131s\u0131nda ba\u015far\u0131s\u0131zl\u0131kla sonu\u00e7lanm\u0131\u015ft\u0131r. Milletimiz, gerekti\u011finde can\u0131 pahas\u0131na bize, kara ka\u015f\u0131m\u0131z, kara g\u00f6z\u00fcm\u00fcz, endam\u0131m\u0131z, ho\u015f sohbetimiz i\u00e7in de\u011fil; bu \u00fclkeye olan sevdam\u0131zdan dolay\u0131 sahip \u00e7\u0131k\u0131yor. B\u0131rak\u0131n bu \u00fclkenin ba\u015f\u0131na bir \u015fey gelmesini, aya\u011f\u0131na ta\u015f de\u011fse, bunun vebali de hepimizin omuzlar\u0131ndad\u0131r. T\u00fcrkiye varsa biz var\u0131z. T\u00fcrk milleti g\u00fc\u00e7l\u00fcyse biz de g\u00fc\u00e7l\u00fcy\u00fcz. T\u00fcrkiye hedeflerine yakla\u015f\u0131yorsa, i\u015fimizi do\u011fru yap\u0131yoruz demektir. \u00dclke ve millet d\u00fc\u015fmanlar\u0131n\u0131n hedefindeysek, do\u011fru y\u00f6nde y\u00fcr\u00fcyoruz demektir. Milletin ve \u00fcmmetin dualar\u0131n\u0131 al\u0131yorsak, istikamet \u00fczereyiz demektir. Mazlumlar\u0131n ve ma\u011fdurlar\u0131n umudu olmay\u0131 s\u00fcrd\u00fcr\u00fcyorsak hakka ve hakkaniyete uygun \u015fekilde \u00e7al\u0131\u015f\u0131yoruz demektir\u201d ifadelerini kulland\u0131.<\/p>\n\n\n\n<p><strong>ERDO\u011eAN: \u201cYEPYEN\u0130 B\u0130R D\u00d6NEM\u0130N KAPILARI A\u00c7ILACAK\u201d<\/strong><\/p>\n\n\n\n<p>T\u00fcrkiye\u2019yi birinci lige ta\u015f\u0131yacak yeni bir d\u00f6nemin e\u015fi\u011findeyiz diyen Erdo\u011fan, \u201c\u00d6yle bir s\u00fcre\u00e7ten ge\u00e7iyoruz ki, do\u011fru ad\u0131mlar atarsak \u00fclkemizin \u00f6n\u00fcnde yepyeni bir d\u00f6nemin kap\u0131lar\u0131 a\u00e7\u0131lacakt\u0131r. Sadece darbeler, krizler, antidemokratik m\u00fcdahaleler dolay\u0131s\u0131yla kaybetti\u011fimiz y\u0131llar\u0131 telafi etmekle kalmayacak, T\u00fcrkiye\u2019yi her alanda birinci lige ta\u015f\u0131ma imk\u00e2n\u0131na kavu\u015faca\u011f\u0131z. Yanl\u0131\u015f ad\u0131mlar atmam\u0131z\u0131n bedelini ise, sadece partimiz de\u011fil, milletimizle beraber umudunu bize ba\u011flam\u0131\u015f y\u00fcz milyonlarca dostumuz, karde\u015fimiz de \u00f6deyecektir. Tarihimizin en kritik d\u00f6neminde sizlere, kar\u015f\u0131mdaki bu kadroya \u00e7ok \u00f6nemli g\u00f6revler d\u00fc\u015f\u00fcyor. Her birinizin omuzlar\u0131nda ta\u015f\u0131d\u0131\u011f\u0131 bu sorumlulu\u011fun bilinciyle hareket edece\u011finden \u015f\u00fcphe duymuyorum. Hep birlikte \u00e7ok daha fazla \u00e7al\u0131\u015farak, \u00f6nce 2023\u2019te, sonra 2024\u2019te \u0130stanbul halk\u0131n\u0131n tevecc\u00fch\u00fcn\u00fc rekor oy oranlar\u0131yla sand\u0131\u011fa yans\u0131taca\u011f\u0131m\u0131za y\u00fcrekten inan\u0131yorum. \u0130n\u015fallah ayn\u0131 neticeyi T\u00fcrkiye genelinde de elde edece\u011fiz. \u0130stanbul \u0130l Ba\u015fkan\u0131m\u0131za ve ekibine gayretleri i\u00e7in tekrar te\u015fekk\u00fcr ediyor, sizleri Allah\u2019a emanet ediyorum\u201d dedi.<\/p>\n","protected":false},"excerpt":{"rendered":"<p>AK Parti \u0130stanbul Te\u015fkilat\u0131, AK Parti Genel Ba\u015fkan\u0131 ve Cumhurba\u015fkan\u0131 Recep Tayyip Erdo\u011fan\u2019\u0131n \u201cG\u00f6n\u00fcl Seferberli\u011fi\u201d \u00e7a\u011fr\u0131s\u0131 \u00fczerine ba\u015flatt\u0131\u011f\u0131 \u201c100 Bin Yeni \u00dcye\u201d kampanyas\u0131nda, sadece 40 g\u00fcnde 106 bin 155 yeni \u00fcye kazand\u0131rarak \u00f6nemli bir rekora imza att\u0131. Yeni \u00fcyelerle g\u00fc\u00e7lenen AK Parti\u2019nin, T\u00fcrkiye\u2019yi kalk\u0131nd\u0131racak ve gelece\u011fe ta\u015f\u0131yacak hedeflere emin ad\u0131mlarla ula\u015ft\u0131raca\u011f\u0131n\u0131 vurgulayan Erdo\u011fan, \u201c\u0130stanbul \u0130l &hellip;<\/p>\n","protected":false},"author":1,"featured_media":44,"comment_status":"open","ping_status":"open","sticky":false,"template":"","format":"standard","meta":[],"categories":[1],"tags":[],"_links":{"self":[{"href":"http:\/\/www.habertelgraf.com\/index.php?rest_route=\/wp\/v2\/posts\/195"}],"collection":[{"href":"http:\/\/www.habertelgraf.com\/index.php?rest_route=\/wp\/v2\/posts"}],"about":[{"href":"http:\/\/www.habertelgraf.com\/index.php?rest_route=\/wp\/v2\/types\/post"}],"author":[{"embeddable":true,"href":"http:\/\/www.habertelgraf.com\/index.php?rest_route=\/wp\/v2\/users\/1"}],"replies":[{"embeddable":true,"href":"http:\/\/www.habertelgraf.com\/index.php?rest_route=%2Fwp%2Fv2%2Fcomments&post=195"}],"version-history":[{"count":1,"href":"http:\/\/www.habertelgraf.com\/index.php?rest_route=\/wp\/v2\/posts\/195\/revisions"}],"predecessor-version":[{"id":196,"href":"http:\/\/www.habertelgraf.com\/index.php?rest_route=\/wp\/v2\/posts\/195\/revisions\/196"}],"wp:featuredmedia":[{"embeddable":true,"href":"http:\/\/www.habertelgraf.com\/index.php?rest_route=\/wp\/v2\/media\/44"}],"wp:attachment":[{"href":"http:\/\/www.habertelgraf.com\/index.php?rest_route=%2Fwp%2Fv2%2Fmedia&parent=195"}],"wp:term":[{"taxonomy":"category","embeddable":true,"href":"http:\/\/www.habertelgraf.com\/index.php?rest_route=%2Fwp%2Fv2%2Fcategories&post=195"},{"taxonomy":"post_tag","embeddable":true,"href":"http:\/\/www.habertelgraf.com\/index.php?rest_route=%2Fwp%2Fv2%2Ftags&post=195"}],"curies":[{"name":"wp","href":"https:\/\/api.w.org\/{rel}","templated":true}]}}