{"id":197,"date":"2020-09-12T22:16:10","date_gmt":"2020-09-12T19:16:10","guid":{"rendered":"http:\/\/www.habertelgraf.com\/?p=197"},"modified":"2020-09-12T22:16:14","modified_gmt":"2020-09-12T19:16:14","slug":"moodys-itibarini-yitiriyor","status":"publish","type":"post","link":"http:\/\/www.habertelgraf.com\/?p=197","title":{"rendered":"MOODY&#8217;S itibar\u0131n\u0131 yitiriyor"},"content":{"rendered":"\n<p>Moody&#8217;s d\u00fcn T\u00fcrkiye&#8217;nin kredi notunu yat\u0131r\u0131m yap\u0131labilir seviyenin be\u015f basamak alt\u0131 olan B2&#8217;ye indirmi\u015f, g\u00f6r\u00fcn\u00fcm\u00fc negatifte tutmu\u015ftu.<\/p>\n\n\n\n<p><\/p>\n\n\n\n<p>Erdo\u011fan konu\u015fmas\u0131nda\u00a0IMF&#8217;e de de\u011finirken, Ekonomimizi IMF&#8217;e muhta\u00e7 ve mahkum hale getirdiler. 2013&#8217;te borcu biz s\u0131f\u0131rlad\u0131k. Art\u0131k bizim IMF diye bir kap\u0131m\u0131z yok, biz bize yeteriz. Bu \u00fclke kendine yeter.&#8221; dedi<\/p>\n\n\n\n<p>Cumhurba\u015fkan\u0131 Erdo\u011fan, TOBB ET\u00dc Mezuniyet T\u00f6reni konu\u015fmas\u0131nda, kredi derecelendirme kurulu\u015flar\u0131n\u0131 ele\u015ftirdi. T\u00fcrkiye&#8217;nin ekonomide pik yapt\u0131\u011f\u0131n\u0131 belirten Erdo\u011fan, not indirimi hakk\u0131nda &#8220;Puanlamalar\u0131n\u0131z\u0131n k\u0131ymet-i harbiyesi yok.&#8221; dedi.<\/p>\n","protected":false},"excerpt":{"rendered":"<p>Moody&#8217;s d\u00fcn T\u00fcrkiye&#8217;nin kredi notunu yat\u0131r\u0131m yap\u0131labilir seviyenin be\u015f basamak alt\u0131 olan B2&#8217;ye indirmi\u015f, g\u00f6r\u00fcn\u00fcm\u00fc negatifte tutmu\u015ftu. Erdo\u011fan konu\u015fmas\u0131nda\u00a0IMF&#8217;e de de\u011finirken, Ekonomimizi IMF&#8217;e muhta\u00e7 ve mahkum hale getirdiler. 2013&#8217;te borcu biz s\u0131f\u0131rlad\u0131k. Art\u0131k bizim IMF diye bir kap\u0131m\u0131z yok, biz bize yeteriz. Bu \u00fclke kendine yeter.&#8221; dedi Cumhurba\u015fkan\u0131 Erdo\u011fan, TOBB ET\u00dc Mezuniyet T\u00f6reni konu\u015fmas\u0131nda, kredi &hellip;<\/p>\n","protected":false},"author":1,"featured_media":0,"comment_status":"open","ping_status":"open","sticky":false,"template":"","format":"standard","meta":[],"categories":[3],"tags":[],"_links":{"self":[{"href":"http:\/\/www.habertelgraf.com\/index.php?rest_route=\/wp\/v2\/posts\/197"}],"collection":[{"href":"http:\/\/www.habertelgraf.com\/index.php?rest_route=\/wp\/v2\/posts"}],"about":[{"href":"http:\/\/www.habertelgraf.com\/index.php?rest_route=\/wp\/v2\/types\/post"}],"author":[{"embeddable":true,"href":"http:\/\/www.habertelgraf.com\/index.php?rest_route=\/wp\/v2\/users\/1"}],"replies":[{"embeddable":true,"href":"http:\/\/www.habertelgraf.com\/index.php?rest_route=%2Fwp%2Fv2%2Fcomments&post=197"}],"version-history":[{"count":1,"href":"http:\/\/www.habertelgraf.com\/index.php?rest_route=\/wp\/v2\/posts\/197\/revisions"}],"predecessor-version":[{"id":198,"href":"http:\/\/www.habertelgraf.com\/index.php?rest_route=\/wp\/v2\/posts\/197\/revisions\/198"}],"wp:attachment":[{"href":"http:\/\/www.habertelgraf.com\/index.php?rest_route=%2Fwp%2Fv2%2Fmedia&parent=197"}],"wp:term":[{"taxonomy":"category","embeddable":true,"href":"http:\/\/www.habertelgraf.com\/index.php?rest_route=%2Fwp%2Fv2%2Fcategories&post=197"},{"taxonomy":"post_tag","embeddable":true,"href":"http:\/\/www.habertelgraf.com\/index.php?rest_route=%2Fwp%2Fv2%2Ftags&post=197"}],"curies":[{"name":"wp","href":"https:\/\/api.w.org\/{rel}","templated":true}]}}