{"id":213,"date":"2020-09-13T13:18:33","date_gmt":"2020-09-13T10:18:33","guid":{"rendered":"http:\/\/www.habertelgraf.com\/?p=213"},"modified":"2020-09-13T13:21:11","modified_gmt":"2020-09-13T10:21:11","slug":"sultangaziye-cocuk-koyu-geliyor","status":"publish","type":"post","link":"http:\/\/www.habertelgraf.com\/?p=213","title":{"rendered":"Bir m\u00fcjde de Sultangazi&#8217;ye! \u00c7ocuk K\u00f6y\u00fc geliyor"},"content":{"rendered":"\n<p>Sultangazi belediye ba\u015fkan\u0131 Abdurrahman Dursun  Radyocu ve televizyoncular ile birlikte Sultangazi kent Orman\u0131&#8217;nda sabah y\u00fcr\u00fcy\u00fc\u015f\u00fc yapt\u0131 <\/p>\n\n\n\n<figure class=\"wp-block-embed-youtube wp-block-embed is-type-video is-provider-youtube wp-embed-aspect-16-9 wp-has-aspect-ratio\"><div class=\"wp-block-embed__wrapper\">\n<iframe loading=\"lazy\" title=\"Sultangazi belediye ba\u015fkan\u0131 Abdurrahman Dursun sabah y\u00fcr\u00fcy\u00fc\u015f\u00fc\" width=\"960\" height=\"540\" src=\"https:\/\/www.youtube.com\/embed\/dw6jBsHi95Q?feature=oembed\" frameborder=\"0\" allow=\"accelerometer; autoplay; encrypted-media; gyroscope; picture-in-picture\" allowfullscreen><\/iframe>\n<\/div><\/figure>\n\n\n\n<p>Ne\u015feli bir ortamda ge\u00e7en sabah y\u00fcr\u00fcy\u00fc\u015f\u00fc 5 kilometrelik parkurda son buldu<\/p>\n\n\n\n<figure class=\"wp-block-embed-twitter wp-block-embed is-type-rich is-provider-twitter\"><div class=\"wp-block-embed__wrapper\">\n<blockquote class=\"twitter-tweet\" data-width=\"550\" data-dnt=\"true\"><p lang=\"tr\" dir=\"ltr\">Bu haftaki y\u00fcr\u00fcy\u00fc\u015f\u00fcm\u00fcz\u00fc Radyo ve TV d\u00fcnyas\u0131ndan birbirinden k\u0131ymetli isimlerle beraber ger\u00e7ekle\u015ftirdik.<br><br>\u0130l\u00e7emizin do\u011fal ve tarihi g\u00fczelliklerini anlatmaya devam edece\u011fiz.<a href=\"https:\/\/twitter.com\/hashtag\/SultangaziSultan%C5%9Eehir?src=hash&amp;ref_src=twsrc%5Etfw\">#SultangaziSultan\u015eehir<\/a> \ud83c\udf3a <a href=\"https:\/\/t.co\/OtwcPQqwbU\">pic.twitter.com\/OtwcPQqwbU<\/a><\/p>&mdash; Av. Abdurrahman Dursun \ud83c\uddf9\ud83c\uddf7 (@avadursun) <a href=\"https:\/\/twitter.com\/avadursun\/status\/1305070617218166787?ref_src=twsrc%5Etfw\">September 13, 2020<\/a><\/blockquote><script async src=\"https:\/\/platform.twitter.com\/widgets.js\" charset=\"utf-8\"><\/script>\n<\/div><\/figure>\n\n\n\n<p>sohbet ortam\u0131ndaki y\u00fcr\u00fcy\u00fc\u015f\u00fcn ard\u0131ndan Abdurrahman Dursun ve beraberindekiler Kent Orman\u0131&#8217;na gezdi Bu s\u0131rada Sultangazi&#8217;de ya\u015fayanlar kadar \u0130stanbul&#8217;daki bir\u00e7ok ki\u015fiyi ilgilendiren bir projenin de m\u00fcjdesini verdi<\/p>\n\n\n\n<p>Dursun Sultangazi&#8217;ye yak\u0131n zamanda bir \u00e7ocuk K\u00f6y\u00fc yapmay\u0131 planlad\u0131klar\u0131n\u0131 ifade etti <\/p>\n\n\n\n<p>\u00c7ocuk K\u00f6y\u00fc&#8217;n\u00fcn i\u00e7inde aktivite alanlar\u0131 etkinlikler e\u011fitimli g\u00f6zetmenler e\u015fli\u011finde \u00e7ocuklar\u0131n hem e\u011flenmesini hem \u00f6\u011frenmesini sa\u011flayacak aktiviteler yap\u0131lacak bu M\u00fcjde ile birlikte \u00e7al\u0131\u015fmalar\u0131 h\u0131zlanlad\u0131rd\u0131klar\u0131n\u0131 ifade eden Belediye Ba\u015fkan\u0131 Dursun yak\u0131n zamanda \u00e7ocuk K\u00f6y\u00fc projesini hayata ge\u00e7ireceklerinin alt\u0131n\u0131 \u00e7izdi. <\/p>\n","protected":false},"excerpt":{"rendered":"<p>Sultangazi belediye ba\u015fkan\u0131 Abdurrahman Dursun Radyocu ve televizyoncular ile birlikte Sultangazi kent Orman\u0131&#8217;nda sabah y\u00fcr\u00fcy\u00fc\u015f\u00fc yapt\u0131 Ne\u015feli bir ortamda ge\u00e7en sabah y\u00fcr\u00fcy\u00fc\u015f\u00fc 5 kilometrelik parkurda son buldu sohbet ortam\u0131ndaki y\u00fcr\u00fcy\u00fc\u015f\u00fcn ard\u0131ndan Abdurrahman Dursun ve beraberindekiler Kent Orman\u0131&#8217;na gezdi Bu s\u0131rada Sultangazi&#8217;de ya\u015fayanlar kadar \u0130stanbul&#8217;daki bir\u00e7ok ki\u015fiyi ilgilendiren bir projenin de m\u00fcjdesini verdi Dursun Sultangazi&#8217;ye yak\u0131n &hellip;<\/p>\n","protected":false},"author":1,"featured_media":0,"comment_status":"open","ping_status":"open","sticky":false,"template":"","format":"standard","meta":[],"categories":[5],"tags":[],"_links":{"self":[{"href":"http:\/\/www.habertelgraf.com\/index.php?rest_route=\/wp\/v2\/posts\/213"}],"collection":[{"href":"http:\/\/www.habertelgraf.com\/index.php?rest_route=\/wp\/v2\/posts"}],"about":[{"href":"http:\/\/www.habertelgraf.com\/index.php?rest_route=\/wp\/v2\/types\/post"}],"author":[{"embeddable":true,"href":"http:\/\/www.habertelgraf.com\/index.php?rest_route=\/wp\/v2\/users\/1"}],"replies":[{"embeddable":true,"href":"http:\/\/www.habertelgraf.com\/index.php?rest_route=%2Fwp%2Fv2%2Fcomments&post=213"}],"version-history":[{"count":2,"href":"http:\/\/www.habertelgraf.com\/index.php?rest_route=\/wp\/v2\/posts\/213\/revisions"}],"predecessor-version":[{"id":215,"href":"http:\/\/www.habertelgraf.com\/index.php?rest_route=\/wp\/v2\/posts\/213\/revisions\/215"}],"wp:attachment":[{"href":"http:\/\/www.habertelgraf.com\/index.php?rest_route=%2Fwp%2Fv2%2Fmedia&parent=213"}],"wp:term":[{"taxonomy":"category","embeddable":true,"href":"http:\/\/www.habertelgraf.com\/index.php?rest_route=%2Fwp%2Fv2%2Fcategories&post=213"},{"taxonomy":"post_tag","embeddable":true,"href":"http:\/\/www.habertelgraf.com\/index.php?rest_route=%2Fwp%2Fv2%2Ftags&post=213"}],"curies":[{"name":"wp","href":"https:\/\/api.w.org\/{rel}","templated":true}]}}