{"id":217,"date":"2020-09-14T13:18:04","date_gmt":"2020-09-14T10:18:04","guid":{"rendered":"http:\/\/www.habertelgraf.com\/?p=217"},"modified":"2020-09-14T13:18:09","modified_gmt":"2020-09-14T10:18:09","slug":"e-scooter-yonetmeliginde-ilk-adim-atildi","status":"publish","type":"post","link":"http:\/\/www.habertelgraf.com\/?p=217","title":{"rendered":"E-Scooter Y\u00f6netmeli\u011fi&#8217;nde \u0130lk Ad\u0131m At\u0131ld\u0131"},"content":{"rendered":"\n<p><\/p>\n\n\n\n<p>Bakan Karaismailo\u011flu:<\/p>\n\n\n\n<p>-&#8221; Payla\u015f\u0131ml\u0131 E-Scooter \u0130\u015fletmecili\u011fi&nbsp; Y\u00f6netmeli\u011fi&#8217;ne ili\u015fkin ilk belirlemeler yap\u0131ld\u0131.&#8221;&nbsp;<\/p>\n\n\n\n<p>-&#8220;Ara\u00e7lar\u0131n kullan\u0131m\u0131 ile ilgili<br>kamu-\u00f6zel sekt\u00f6r i\u015f birli\u011fi \u00f6nemli.&#8221;<\/p>\n\n\n\n<p>Mikro Hareketlilik Ara\u00e7lar\u0131na Yeni Standartlar<\/p>\n\n\n\n<p>E-Scooter&#8217;da Yerli Olan Kazanacak<\/p>\n\n\n\n<p>Ula\u015ft\u0131rma ve Altyap\u0131 Bakanl\u0131\u011f\u0131, elektrikli bisiklet ve elektrikli scooter gibi mikro hareketlilik sistemlerine y\u00f6nelik standartlar\u0131n belirlenmesi noktas\u0131nda ilk ad\u0131m\u0131 att\u0131. Bakan Adil Karaismailo\u011flu\u2019nun ba\u015fkanl\u0131\u011f\u0131nda toplanan ve sekt\u00f6rdeki payda\u015flar\u0131n kat\u0131l\u0131m\u0131 ile ger\u00e7ekle\u015fen Mikro Hareketlilik Odak Grup Toplant\u0131s\u0131\u2019nda sekt\u00f6re ili\u015fkin d\u00fczenlemelerde yer almas\u0131 planlanan standartlara y\u00f6nelik ilk taslak belirlendi. Buna g\u00f6re e-scooter\u2019da faaliyet izin belgesi almak isteyen firmalardan, mobil uygulama sahibi olma ve sunucular\u0131n T\u00fcrkiye&#8217;de bulunmas\u0131 gibi \u015fartlar aranacak.<\/p>\n\n\n\n<p>Bakan Karaismailo\u011flu, 83 milyonu a\u015fan \u00fclke n\u00fcfusunun y\u00fczde 92\u2019sinden fazlas\u0131n\u0131n \u015fehir ve il\u00e7e merkezlerinde ya\u015fad\u0131\u011f\u0131na i\u015faret ederek, mikro hareketlilik ara\u00e7lar\u0131n\u0131n \u00e7evreci yan\u0131 ile \u015fehiri\u00e7i ula\u015f\u0131m\u0131nda \u00f6nemli bir yeri olaca\u011f\u0131n\u0131 s\u00f6yledi. Karaismailo\u011flu, \u201cAncak emniyet \u00f6nlemlerinin yan\u0131nda ara\u00e7 ve \u015firketlerin lisanslar\u0131n\u0131n olmamas\u0131 sorunuyla kar\u015f\u0131 kar\u015f\u0131yay\u0131z. Bu ara\u00e7lar\u0131n kullan\u0131m\u0131 ile ilgili engellerin a\u015f\u0131lmas\u0131 i\u00e7in kamu-\u00f6zel sekt\u00f6r i\u015f birli\u011fi \u00f6nemli. Bu nedenle sekt\u00f6rde standartlar\u0131m\u0131z\u0131 olu\u015fturuyor, vatanda\u015flar\u0131m\u0131z\u0131n hem g\u00fcvenli\u011fini hem de en iyi standartlarda hizmet almas\u0131n\u0131 sa\u011fl\u0131yoruz&#8221; dedi.<\/p>\n\n\n\n<p>Ula\u015ft\u0131rma ve Altyap\u0131 Bakan\u0131 Adil Karaismailo\u011flu; daha \u00f6nce online olarak ger\u00e7ekle\u015ftirilen bisiklet ve elektrikli scooter ile ilgili Mikro Hareketlilik Odak Grup Toplant\u0131s\u0131\u2019n\u0131n ikincisi sekt\u00f6r temsilcilerinin kat\u0131l\u0131m\u0131 ile Bakan Karaismailo\u011flu\u2019nun ba\u015fkanl\u0131\u011f\u0131nda ger\u00e7ekle\u015ftirildi. Toplant\u0131da ulusal ve uluslararas\u0131 ba\u015fl\u0131klar\u0131 ile \u015fehir ya\u015fam\u0131na hareket ve \u00f6zg\u00fcrl\u00fck katan, \u00e7a\u011fda\u015f mikro ula\u015f\u0131m sistemlerinin gelece\u011fi derinlemesine masaya yat\u0131r\u0131l\u0131rken, sekt\u00f6r\u00fcn \u015fu anki durumunun yan\u0131 s\u0131ra sa\u011flanmas\u0131 gereken standartlara y\u00f6nelik ilk belirlemeler de yap\u0131ld\u0131.<\/p>\n\n\n\n<p>Toplant\u0131da, d\u00fcnya \u00e7ap\u0131nda payla\u015f\u0131ml\u0131 4.6 milyon e-scooter say\u0131s\u0131n\u0131n 2024\u2019e kadar 6 kat\u0131na \u00e7\u0131kaca\u011f\u0131 tahmin edildi\u011fine i\u015faret edilirken, d\u00fcnyada y\u0131ll\u0131k 1,7 milyar ton karbon sal\u0131n\u0131m\u0131n\u0131n mikro hareketlilik ara\u00e7lar\u0131 ile azalt\u0131lmas\u0131n\u0131n beklendi\u011fine dikkat \u00e7ekildi.<\/p>\n\n\n\n<p>-\u00c7evreci ve Hayat\u0131 Kolayla\u015ft\u0131ran Projeler \u0130\u00e7in Somut Ad\u0131mlar<\/p>\n\n\n\n<p>Toplant\u0131da konu\u015fan Bakan Karaismailo\u011flu, bilgi ve ileti\u015fim teknolojilerinin, ba\u015f d\u00f6nd\u00fcr\u00fcc\u00fc bir h\u0131zla geli\u015firken yeni ihtiya\u00e7 ve beklentiler ile farkl\u0131 e\u011filimlerin ortaya \u00e7\u0131kt\u0131\u011f\u0131n\u0131 s\u00f6yledi. Son d\u00f6nemde \u00f6zellikle verimli, g\u00fcvenli, etkin, yenilik\u00e7i, dinamik, \u00e7evreci ve katma de\u011fer sa\u011flayan ak\u0131ll\u0131 ula\u015f\u0131m sistemlerinin \u00f6n plana \u00e7\u0131kt\u0131\u011f\u0131n\u0131n alt\u0131n\u0131 \u00e7izen Karaismailo\u011flu, \u201cBizler de bu d\u00f6neme entegrasyonumuzu h\u0131zla tamamlamak i\u00e7in \u00f6nemli projeleri hayata ge\u00e7iriyoruz\u201d dedi. Bu art\u0131\u015f\u0131n beraberinde; ula\u015f\u0131m ve trafik gibi sorunlar\u0131 da getirdi\u011fini s\u00f6yleyen Karaismailo\u011flu, Bakanl\u0131k olarak, bu sorunlar\u0131 \u00e7a\u011fda\u015f, \u00e7evreci ve hayat\u0131 kolayla\u015ft\u0131ran proje ve yakla\u015f\u0131mlarla \u00e7\u00f6zmek i\u00e7in somut ad\u0131mlar att\u0131klar\u0131n\u0131 vurgulad\u0131.<\/p>\n\n\n\n<p>-T\u00fcrkiye\u2019de 35 Bin E-Scooter Kullan\u0131l\u0131yor<\/p>\n\n\n\n<p>Bakan Karaismailo\u011flu, 83 milyonu a\u015fan \u00fclke n\u00fcfusunun y\u00fczde 92\u2019sinden fazlas\u0131n\u0131n \u015fehir ve il\u00e7e merkezlerinde ya\u015fad\u0131\u011f\u0131na da dikkat \u00e7ekerek, \u201c\u015eu anda T\u00fcrkiye\u2019de 35 bin e-scooter, 3 milyonu a\u015fk\u0131n vatanda\u015f\u0131m\u0131z taraf\u0131ndan kullan\u0131yor. Ancak \u00f6zellikle salg\u0131n d\u00f6neminde, alternatif ula\u015f\u0131m ara\u00e7lar\u0131na olan talep ve bu ara\u00e7lar\u0131n trafikte varl\u0131\u011f\u0131 h\u0131zla artt\u0131. Biz de g\u00fcn\u00fcn \u015fartlar\u0131na ve beklentilere uygun, yenilik\u00e7i bir hareketlilik sistemi olu\u015fturmak amac\u0131yla \u00e7al\u0131\u015fmalar\u0131m\u0131za h\u0131z verdik\u201d dedi. Mikro hareketlilik ara\u00e7lar\u0131n\u0131n g\u00fcr\u00fclt\u00fcs\u00fcz olmalar\u0131n\u0131n yan\u0131 s\u0131ra, karbon emisyonu a\u00e7\u0131s\u0131ndan \u00e7evre dostu sistemler oldu\u011funu da kaydeden Karaismailo\u011flu, bu noktada mikro hareketlilik ara\u00e7lar\u0131n\u0131n yayg\u0131nla\u015fmas\u0131, belli standartlar\u0131n ve g\u00fcvenli seyahatin sa\u011flanmas\u0131 amac\u0131yla d\u00fczenleme yap\u0131lmas\u0131 i\u00e7in ad\u0131m att\u0131klar\u0131n\u0131 kaydetti.<\/p>\n\n\n\n<p>Bakan Karaismailo\u011flu, \u201cT\u00fcm \u00e7al\u0131\u015fmalar sonucunda vizyonumuzu t\u00fcm ula\u015f\u0131m hatlar\u0131m\u0131zda, yol kapasitemizin ve enerjinin verimli kullan\u0131lmas\u0131, seyahat s\u00fcrelerinin ve \u00e7evreye verilen zarar\u0131n azalt\u0131lmas\u0131, hareketlili\u011fin sa\u011flanmas\u0131 ile birlikte trafik g\u00fcvenli\u011finin art\u0131r\u0131lmas\u0131 olarak belirledik. Bu do\u011frultuda, ara\u00e7lar\u0131n kent i\u00e7i yol g\u00fcvenli\u011fine etkileri, altyap\u0131 ile ilgili ortaya \u00e7\u0131kacak ihtiya\u00e7lar ve kullan\u0131m ko\u015fullar\u0131n\u0131 d\u00fczenlemek amac\u0131yla \u00e7al\u0131\u015fmalar y\u00fcr\u00fct\u00fcyoruz. Ayr\u0131ca i\u015fletmeciler aras\u0131nda rekabetin sa\u011flanmas\u0131 ve yeniliklerin te\u015fvik edilmesi, etkin, verimli ve \u00e7\u00f6z\u00fcm odakl\u0131 bir mikro hareketlilik sistemini olu\u015fturmak istiyoruz. Giri\u015fimcilerin \u00f6n\u00fcn\u00fc a\u00e7mak ve gerekli \u00e7al\u0131\u015fmalara destek vermek amac\u0131yla, bakanl\u0131klar, yerel y\u00f6netimler, reel sekt\u00f6r ve sivil toplum \u00f6rg\u00fctleri aras\u0131ndaki e\u015fg\u00fcd\u00fcm\u00fc \u00f6nemsiyoruz \u201ddiye konu\u015ftu.<\/p>\n\n\n\n<p>-Paylas\u0131ml\u0131 E-Scooter \u0130\u015fletmecili\u011fi Y\u00f6netmeli\u011fi\u2019nde \u0130lk Belirlemeler Yap\u0131ld\u0131<\/p>\n\n\n\n<p>Karaismailo\u011flu, kullan\u0131c\u0131 ya\u015f s\u0131n\u0131r\u0131n\u0131n belirlenmesi, kullan\u0131m ve g\u00fcvenlik aksesuarlar\u0131nda zorunluluk getirilmesi, h\u0131z s\u0131n\u0131rlar\u0131n\u0131n ve \u015fehir i\u00e7i kullan\u0131m g\u00fczergahlar\u0131n\u0131n belirlenmesi gibi bir\u00e7ok konuda d\u00fczenleme yap\u0131laca\u011f\u0131n\u0131 s\u00f6yledi. Bakan Karaismailo\u011flu, \u201cEmniyet \u00f6nlemlerinin yan\u0131nda ara\u00e7 ve \u015firketlerin lisanslar\u0131n\u0131n olmamas\u0131 sorunuyla kar\u015f\u0131 kar\u015f\u0131yay\u0131z. Bu ara\u00e7lar\u0131n kullan\u0131m\u0131 ile ilgili engellerin a\u015f\u0131lmas\u0131 i\u00e7in, kamu-\u00f6zel sekt\u00f6r i\u015f birli\u011fi \u00f6nemlidir. Bu nedenle sekt\u00f6rde standartlar\u0131m\u0131z\u0131 olu\u015fturaca\u011f\u0131z, vatanda\u015flar\u0131m\u0131z\u0131n hem g\u00fcvenli\u011fini hem de en iyi standartlarda hizmet almas\u0131n\u0131 sa\u011flayaca\u011f\u0131z\u201d dedi. Karaismailo\u011flu, yap\u0131lan toplant\u0131lar\u0131n ard\u0131ndan \u2018Payla\u015f\u0131ml\u0131 E-Scooter \u0130\u015fletmecili\u011fi Y\u00f6netmeli\u011fi\u2019ne ili\u015fkin ilk belirlemelerin yap\u0131ld\u0131\u011f\u0131n\u0131 bildirdi.<\/p>\n\n\n\n<p>Y\u00f6netmelikte \u015fehirleraras\u0131 yollar ve azami h\u0131z s\u0131n\u0131r\u0131 50 km\/saat \u00fczerinde olan karayollar\u0131nda da kullan\u0131lmamas\u0131 \u00f6ng\u00f6r\u00fcl\u00fcyor. Birden fazla ki\u015fi e-scooter&#8217;\u0131 ayn\u0131 anda kullanamayacak. E-scooter&#8217;da ki\u015fisel e\u015fya harici, e\u015fya ta\u015f\u0131namayacak. Yayalar\u0131 ve dezavantajl\u0131 gruplar\u0131 (engelli\/ya\u015fl\u0131) tehlikeye sokmayacak \u015fekilde kullan\u0131lacak. Ayr\u0131ca her \u015fehirde toplu ta\u015f\u0131ma ara\u00e7lar\u0131 ile entegre olacak \u015fekilde kullan\u0131m planlamas\u0131 yap\u0131lacak. Kask, dizlik, reflekt\u00f6r ve ceket gibi koruyucu ekipman kullan\u0131m\u0131 te\u015fvik edilecek.<\/p>\n\n\n\n<p>-Yerlilik Te\u015fvik Edilecek<\/p>\n\n\n\n<p>Ula\u015ft\u0131rma ve Altyap\u0131 Bakanl\u0131\u011f\u0131 taraf\u0131ndan \u00e7\u0131kart\u0131lacak d\u00fczenlemede yerlilik de te\u015fvik edilecek. Tasla\u011fa g\u00f6re, yerli yaz\u0131l\u0131m ve donan\u0131m kullan\u0131lmas\u0131 te\u015fvik edilecek ve yerli \u00fcr\u00fcn kullanan firmalara kolayl\u0131klar sa\u011flanacak. E-Scooter&#8217;lar\u0131n belirli b\u00f6lgelere y\u0131\u011f\u0131lmalar\u0131n\u0131n \u00f6n\u00fcne ge\u00e7ilecek. \u00c7a\u011fr\u0131 merkezi\/ mobil uygulamar \u00fczerinden kullan\u0131c\u0131lara destek sa\u011flanacak. Kamu nizam\u0131n\u0131 bozmayacak \u015fekilde, g\u00f6r\u00fcnt\u00fc kirlili\u011fi olu\u015fturmayacak \u015fekilde kullan\u0131m\u0131 sa\u011flanacak. Yerli ve milli \u00fcretim de desteklenecek.<\/p>\n","protected":false},"excerpt":{"rendered":"<p>Bakan Karaismailo\u011flu: -&#8221; Payla\u015f\u0131ml\u0131 E-Scooter \u0130\u015fletmecili\u011fi&nbsp; Y\u00f6netmeli\u011fi&#8217;ne ili\u015fkin ilk belirlemeler yap\u0131ld\u0131.&#8221;&nbsp; -&#8220;Ara\u00e7lar\u0131n kullan\u0131m\u0131 ile ilgilikamu-\u00f6zel sekt\u00f6r i\u015f birli\u011fi \u00f6nemli.&#8221; Mikro Hareketlilik Ara\u00e7lar\u0131na Yeni Standartlar E-Scooter&#8217;da Yerli Olan Kazanacak Ula\u015ft\u0131rma ve Altyap\u0131 Bakanl\u0131\u011f\u0131, elektrikli bisiklet ve elektrikli scooter gibi mikro hareketlilik sistemlerine y\u00f6nelik standartlar\u0131n belirlenmesi noktas\u0131nda ilk ad\u0131m\u0131 att\u0131. Bakan Adil Karaismailo\u011flu\u2019nun ba\u015fkanl\u0131\u011f\u0131nda toplanan ve sekt\u00f6rdeki &hellip;<\/p>\n","protected":false},"author":1,"featured_media":0,"comment_status":"open","ping_status":"open","sticky":false,"template":"","format":"standard","meta":[],"categories":[5],"tags":[],"_links":{"self":[{"href":"http:\/\/www.habertelgraf.com\/index.php?rest_route=\/wp\/v2\/posts\/217"}],"collection":[{"href":"http:\/\/www.habertelgraf.com\/index.php?rest_route=\/wp\/v2\/posts"}],"about":[{"href":"http:\/\/www.habertelgraf.com\/index.php?rest_route=\/wp\/v2\/types\/post"}],"author":[{"embeddable":true,"href":"http:\/\/www.habertelgraf.com\/index.php?rest_route=\/wp\/v2\/users\/1"}],"replies":[{"embeddable":true,"href":"http:\/\/www.habertelgraf.com\/index.php?rest_route=%2Fwp%2Fv2%2Fcomments&post=217"}],"version-history":[{"count":1,"href":"http:\/\/www.habertelgraf.com\/index.php?rest_route=\/wp\/v2\/posts\/217\/revisions"}],"predecessor-version":[{"id":218,"href":"http:\/\/www.habertelgraf.com\/index.php?rest_route=\/wp\/v2\/posts\/217\/revisions\/218"}],"wp:attachment":[{"href":"http:\/\/www.habertelgraf.com\/index.php?rest_route=%2Fwp%2Fv2%2Fmedia&parent=217"}],"wp:term":[{"taxonomy":"category","embeddable":true,"href":"http:\/\/www.habertelgraf.com\/index.php?rest_route=%2Fwp%2Fv2%2Fcategories&post=217"},{"taxonomy":"post_tag","embeddable":true,"href":"http:\/\/www.habertelgraf.com\/index.php?rest_route=%2Fwp%2Fv2%2Ftags&post=217"}],"curies":[{"name":"wp","href":"https:\/\/api.w.org\/{rel}","templated":true}]}}