{"id":220,"date":"2020-09-14T13:20:12","date_gmt":"2020-09-14T10:20:12","guid":{"rendered":"http:\/\/www.habertelgraf.com\/?p=220"},"modified":"2020-09-14T13:25:14","modified_gmt":"2020-09-14T10:25:14","slug":"yunanistan-gocmenlere-de-korsanlik-yapiyor","status":"publish","type":"post","link":"http:\/\/www.habertelgraf.com\/?p=220","title":{"rendered":"YUNAN\u0130STAN G\u00d6\u00c7MENLERE DE \u201cKORSANLIK\u201d YAPIYOR"},"content":{"rendered":"\n<p><strong>YUNAN\u0130STAN\u2019IN FOYASI ORTAYA \u00c7IKTI&nbsp;<\/strong><\/p>\n\n\n\n<p><\/p>\n\n\n\n<p><strong>E\u015eYALARINA VE PARALARINA EL KOYDUKLARI G\u00d6\u00c7MENLER\u0130 DEN\u0130ZE ATIP \u00d6L\u00dcME TERKED\u0130YORLAR<\/strong><\/p>\n\n\n\n<p><strong>Hollanda televizyon kanal\u0131 NOS, \u201cYunanistan\u2019\u0131n g\u00f6\u00e7menlere eziyet edip e\u015fyalar\u0131na ve paralar\u0131na el koyduktan sonra onlar\u0131 g\u00fcvensiz botlarla denize b\u0131rakt\u0131\u011f\u0131\u201d haberlerinin do\u011fru olmad\u0131\u011f\u0131n\u0131 iddia eden Yunanistan Ba\u015fbakan\u0131 Kiryakos Mi\u00e7otakis\u2019in foyas\u0131n\u0131 meydana \u00e7\u0131kard\u0131.<\/strong><\/p>\n\n\n\n<p><strong>Kanal\u0131n T\u00fcrkiye muhabiri Mitra Nazar taraf\u0131ndan haz\u0131rlanan \u201cG\u00f6\u00e7menler Yunan Topraklar\u0131ndan Toplan\u0131p Denize At\u0131ld\u0131\u201d ba\u015fl\u0131kl\u0131 haberde, Yunanistan taraf\u0131ndan i\u015fkence edilip b\u00fct\u00fcn e\u015fyalar\u0131na ve paralar\u0131na el konulan g\u00f6\u00e7menlerin, motorlar\u0131 tahrip edilmi\u015f ve delinmi\u015f botlarla denize b\u0131rak\u0131l\u0131p \u00f6l\u00fcme terkedilme g\u00f6r\u00fcnt\u00fclerine yer verildi.&nbsp;<\/strong><\/p>\n\n\n\n<p><strong>T\u00fcrk Sahil G\u00fcvenlik taraf\u0131ndan kurtar\u0131lan g\u00f6\u00e7menler, Yunanistan taraf\u0131nda \u201c\u015fiddetten \u00e7ekinmeyen maskeli adamlar\u201d taraf\u0131ndan kendilerine \u201chayvan gibi muamele edildi\u011fini\u201d anlatt\u0131.<\/strong><\/p>\n\n\n\n<p><strong>Haberde, Avrupa Birli\u011fi ve \u00fcye devletlerin bu konuda Yunanistan\u2019a sessiz kalmas\u0131n\u0131n endi\u015fe verici oldu\u011fu belirtilerek, bu sessizli\u011fin \u201cYunanistan\u2019\u0131n AB i\u00e7in kirli i\u015fleri yap\u0131yor olmas\u0131\u201d ile a\u00e7\u0131klanabilece\u011fi ifade edildi.<\/strong><\/p>\n\n\n\n<p>* * *&nbsp;<\/p>\n\n\n\n<p>Hollanda televizyon kanal\u0131 NOS\u2019ta yer alan haberde \u015funlar kaydedildi:&nbsp;<\/p>\n\n\n\n<p><strong>\u201cYunanistan uluslararas\u0131 hukuku ihlal ediyor\u201d&nbsp;<\/strong><\/p>\n\n\n\n<p>Yunanistan&#8217;\u0131n Midilli ve Sisam adalar\u0131na ula\u015fan g\u00f6\u00e7menler, tutukland\u0131klar\u0131n\u0131 ve \u015fi\u015fme botlarla denize geri at\u0131ld\u0131klar\u0131n\u0131 s\u00f6yl\u00fcyor. Bu s\u00f6zde &#8220;geri p\u00fcsk\u00fcrtmeler&#8221; uluslararas\u0131 hukuka ayk\u0131r\u0131. Yard\u0131m kurulu\u015flar\u0131 da bu konuda uyar\u0131lar\u0131n\u0131 art\u0131r\u0131yor.<\/p>\n\n\n\n<p>G\u00f6\u00e7menlerin kendi \u00e7ekti\u011fi videolar ve foto\u011fraflar, sallar\u0131n \u00fczerlerinde maskeli adamlar bulunan tekneler taraf\u0131ndan nas\u0131l itildiklerini g\u00f6steriyor. Di\u011ferleri, botlar\u0131n\u0131n patlat\u0131ld\u0131\u011f\u0131n\u0131 veya motorlar\u0131n\u0131n tahrip edildi\u011fini s\u00f6yl\u00fcyor.<\/p>\n\n\n\n<p><strong>\u201cYunanistan denizde \u015fiddeti art\u0131rd\u0131\u201d<\/strong><\/p>\n\n\n\n<p>Geri p\u00fcsk\u00fcrtmeler yeni de\u011fil; \u00f6zellikle Yunanistan ile T\u00fcrkiye aras\u0131ndaki kara s\u0131n\u0131r\u0131nda y\u0131llard\u0131r oluyor. Ancak yard\u0131m \u00f6rg\u00fct\u00fc Josoor&#8217;dan Natalie Gruber, geri p\u00fcsk\u00fcrtmelerin bu y\u0131l\u0131n Nisan ay\u0131ndan bu yana, denizde kullan\u0131lan \u015fiddet gibi, \u00f6nemli \u00f6l\u00e7\u00fcde artt\u0131\u011f\u0131n\u0131 s\u00f6yl\u00fcyor. \u201c\u015ei\u015firilebilir botlar yeni bir trend. Denizde yakalanan insanlar bunlar\u0131n \u00fczerlerine bindiriliyor, fakat \u015fimdi git gide adalarda bulunan daha fazla insan da. Denize geri g\u00f6t\u00fcr\u00fcl\u00fcyor ve kay\u0131t olmadan orada b\u0131rak\u0131l\u0131yorlar.\u201d<\/p>\n\n\n\n<p><strong>\u201cT\u00fcrk Sahil G\u00fcvenlik kurtar\u0131yor\u201d<\/strong><\/p>\n\n\n\n<p>T\u00fcrk Sahil G\u00fcvenlik yetkilileri bunun neredeyse her g\u00fcn ya\u015fand\u0131\u011f\u0131n\u0131 s\u00f6yl\u00fcyor. Muhabir Mitra Nazar, burada neler oldu\u011funu g\u00f6stermek i\u00e7in iki g\u00fcn boyunca Sahil G\u00fcvenlik&#8217;e kat\u0131ld\u0131. Ge\u00e7en hafta on alt\u0131 Somalili ile birlikte Yunanistan ile T\u00fcrkiye aras\u0131ndaki deniz s\u0131n\u0131r\u0131nda T\u00fcrk Sahil G\u00fcvenlik birimi taraf\u0131ndan \u015fi\u015fme bir bottan al\u0131n\u0131p kurtar\u0131lan 19 ya\u015f\u0131ndaki Somalili Sumaya ile de konu\u015ftu.<\/p>\n\n\n\n<p>Sumaya, Midilli&#8217;ye ka\u00e7ak\u00e7\u0131lar arac\u0131l\u0131\u011f\u0131yla bir g\u00fcn \u00f6nce geldiklerini belirterek, birka\u00e7 saatli\u011fine muhtemelen adan\u0131n kuzey taraf\u0131nda karaya \u00e7\u0131kar\u0131ld\u0131klar\u0131n\u0131 s\u00f6yl\u00fcyor. Bu y\u0131l\u0131n ba\u015flar\u0131nda kendisi i\u00e7in bir gelecek g\u00f6rmedi\u011fi i\u00e7in Somali&#8217;den ayr\u0131lan Sumaya, &#8220;Polis olduklar\u0131n\u0131 d\u00fc\u015f\u00fcnd\u00fck. Emin de\u011filiz, y\u00fczleri tamamen maskeliydi. Belki de orduydu&#8221; dedi.<\/p>\n\n\n\n<p><strong>\u201cYunanistan\u2019da bizi d\u00f6vd\u00fcler, hayvanm\u0131\u015f\u0131z gibi davrand\u0131lar, e\u015fyalar\u0131m\u0131z\u0131, paralar\u0131m\u0131z\u0131 ald\u0131lar\u201d&nbsp;<\/strong><\/p>\n\n\n\n<p>Sumaya, bir minib\u00fcsle denize g\u00f6t\u00fcr\u00fcld\u00fc\u011f\u00fcn\u00fc ve bir tekneye bindirildi\u011fini s\u00f6yledi. &#8220;Bizi d\u00f6vd\u00fcler, erkek, kad\u0131n, umurlar\u0131nda de\u011fildi. Hayvanm\u0131\u015f\u0131z gibi davrand\u0131lar. T\u00fcm e\u015fyalar\u0131m\u0131z\u0131, telefonlar\u0131, paralar\u0131, k\u0131yafetleri ald\u0131lar. Sonra bizi denize g\u00f6t\u00fcrd\u00fcler.&#8221; Sumaya, \u015fi\u015fme botun bu noktada ortaya \u00e7\u0131kt\u0131\u011f\u0131n\u0131, onlara konulduklar\u0131n\u0131 ve ard\u0131ndan a\u00e7\u0131k denizde b\u0131rak\u0131ld\u0131klar\u0131n\u0131 s\u00f6yl\u00fcyor.<\/p>\n\n\n\n<p>Sumaya&#8217;n\u0131n hikayesi, geri p\u00fcsk\u00fcrtmeleri belgeleyen New York Times gazetecileri ve \u00e7e\u015fitli yard\u0131m kurulu\u015flar\u0131 taraf\u0131ndan bildirilen, di\u011fer g\u00f6\u00e7menler taraf\u0131ndan yap\u0131lan a\u00e7\u0131klamalarla tutarl\u0131.<\/p>\n\n\n\n<p>T\u00fcrkiye&#8217;de Filistinli Amjad da teknesinin nas\u0131l \u00e7ekildi\u011fini anlat\u0131yor ve o s\u0131rada \u00e7ekti\u011fi g\u00f6r\u00fcnt\u00fcleri g\u00f6steriyor.<\/p>\n\n\n\n<p><strong>\u201cYunanistan\u2019\u0131n tutumu endi\u015fe verici; uluslararas\u0131 anla\u015fmalar\u0131 hi\u00e7e say\u0131yorlar, insanlar\u0131n hayat\u0131n\u0131 tehlikeye at\u0131yorlar\u201d<\/strong><\/p>\n\n\n\n<p>Yard\u0131m \u00f6rg\u00fct\u00fc Josoor\u2019dan Gruber bunu endi\u015fe verici buluyor. \u201cGeri p\u00fcsk\u00fcrtmeler her zaman yasad\u0131\u015f\u0131d\u0131r. E\u011fer uluslararas\u0131 hukuku, Avrupa olarak insanlara s\u0131\u011f\u0131nma ba\u015fvurusu hakk\u0131 vermek i\u00e7in imzalad\u0131\u011f\u0131m\u0131z t\u00fcm anla\u015fmalar\u0131 ciddiye al\u0131yorsak bunlar asla olmamal\u0131. Ayr\u0131ca bu y\u00f6ntemlerle insanlar denizde tehlikeye giriyor.\u201d<\/p>\n\n\n\n<p><strong>\u201cYunan taraf\u0131nda \u015fiddetten \u00e7ekinmeyen maskeli adamlar\u2026\u201d<\/strong><\/p>\n\n\n\n<p>Sumaya ve di\u011fer g\u00f6\u00e7menlerin bahsetti\u011fi maskeli adamlar\u0131n Yunan sahil g\u00fcvenli\u011fi ad\u0131na \u00e7al\u0131\u015ft\u0131klar\u0131 kesin de\u011fil. Y\u0131llard\u0131r Yunanistan ile T\u00fcrkiye s\u0131n\u0131r\u0131nda ortaya \u00e7\u0131k\u0131yorlar. \u015eiddetten \u00e7ekinmeyen maskeli adamlar. Bellingcat ve Lighthouse Reports&#8217;tan ara\u015ft\u0131rmac\u0131 muhabirler, g\u00f6r\u00fclebildikleri foto\u011fraflar\u0131 ve videolar\u0131 inceledi. Botlar\u0131n\u0131n Yunan sahil g\u00fcvenli\u011finin de al\u0131m yapt\u0131\u011f\u0131 bir marka oldu\u011funa dair kan\u0131t buldular.<\/p>\n\n\n\n<p><strong>\u201cAB Yunanistan\u2019a sessiz kal\u0131yor \u00e7\u00fcnk\u00fc Yunanistan AB i\u00e7in kirli i\u015fleri yap\u0131yor\u201d<\/strong><\/p>\n\n\n\n<p>Yunan h\u00fck\u00fcmeti geri p\u00fcsk\u00fcrtmelerle herhangi bir ilgisi oldu\u011funu reddediyor. Yunanistan Ba\u015fbakan Mi\u00e7otakis ge\u00e7ti\u011fimiz g\u00fcnlerde CNN&#8217;e verdi\u011fi bir r\u00f6portajda \u201ciddialar\u0131n do\u011fru olmad\u0131\u011f\u0131n\u0131 ve Yunanistan&#8217;\u0131 k\u00f6t\u00fc g\u00f6stermek i\u00e7in yap\u0131lan T\u00fcrk propagandas\u0131 oldu\u011funu\u201d \u00f6ne s\u00fcrm\u00fc\u015ft\u00fc. Ancak Yunanl\u0131lar dahil insan haklar\u0131 \u00f6rg\u00fctleri y\u0131llard\u0131r geri p\u00fcsk\u00fcrtmeleri bildiriyor. Atina&#8217;daki insan haklar\u0131 \u00f6rg\u00fct\u00fc Human Rights Watch\u2019tan Eva Coss\u00e9, art\u0131k bunlar\u0131n b\u00fcy\u00fck \u00f6l\u00e7ekte oldu\u011funa dair hi\u00e7bir \u015f\u00fcphenin olmad\u0131\u011f\u0131n\u0131 s\u00f6yl\u00fcyor. Avrupa Birli\u011fi&#8217;nin bu konuda sessiz kalmas\u0131ndan endi\u015fe duyuyor. &#8220;AB ve \u00fcye devletler y\u0131llard\u0131r geri p\u00fcsk\u00fcrtme konusunda sessiz kal\u0131yor. Bunun bir a\u00e7\u0131klamas\u0131 var: Geri p\u00fcsk\u00fcrtmeler Avrupa i\u00e7in bir sorunu \u00e7\u00f6z\u00fcyor. Yunanistan Avrupa Birli\u011fi i\u00e7in kirli i\u015fleri yap\u0131yor ve herkes g\u00f6zlerini ka\u00e7\u0131r\u0131yor.&#8221;<\/p>\n\n\n\n<p><strong>\u201cYunanistan\u2019\u0131n g\u00f6\u00e7men tekneleri T\u00fcrk sular\u0131na itti\u011finin kan\u0131t\u0131\u2026\u201d<\/strong><\/p>\n\n\n\n<p>Yunanistan Denizcilik Bakanl\u0131\u011f\u0131 ge\u00e7ti\u011fimiz g\u00fcnlerde d\u00fczenledi\u011fi bas\u0131n toplant\u0131s\u0131nda Yunanistan&#8217;\u0131n A\u011fustos ay\u0131nda 3 bin ki\u015finin \u00fclkeye ula\u015fmas\u0131n\u0131 engelledi\u011fini a\u00e7\u0131klad\u0131. Yunanistan&#8217;\u0131n bunu nas\u0131l yapt\u0131\u011f\u0131 konusunda ise yorum yapmad\u0131. \u0130nsan haklar\u0131 \u00f6rg\u00fctleri bunu, Yunanistan&#8217;\u0131n denizdeki tekneleri faal olarak T\u00fcrk sular\u0131na geri itti\u011finin ek bir kan\u0131t\u0131 olarak g\u00f6r\u00fcyor.<\/p>\n\n\n\n<p><strong>\u201cYunan makamlar\u0131 sorulara yan\u0131t vermiyor\u201d<\/strong><\/p>\n\n\n\n<p>Sumaya ve grubu, di\u011ferleri gibi, T\u00fcrk Sahil G\u00fcvenlik birimi taraf\u0131ndan kurtar\u0131ld\u0131. Denizden al\u0131n\u0131p T\u00fcrkiye\u2019de kay\u0131t edildiler. Sumaya&#8217;n\u0131n Almanya&#8217;da yeni ve g\u00fcvenli bir ya\u015fam umudu \u015fimdilik burada bitiyor. Yumu\u015fak bir \u015fekilde &#8220;Hepsi sadece bir r\u00fcyayd\u0131. Oraya asla varamayaca\u011f\u0131m.&#8221; diyor.&nbsp;<\/p>\n\n\n\n<p>Yunan makamlar\u0131 ise NOS&#8217;tan gelen sorulara yan\u0131t vermedi.<\/p>\n","protected":false},"excerpt":{"rendered":"<p>YUNAN\u0130STAN\u2019IN FOYASI ORTAYA \u00c7IKTI&nbsp; E\u015eYALARINA VE PARALARINA EL KOYDUKLARI G\u00d6\u00c7MENLER\u0130 DEN\u0130ZE ATIP \u00d6L\u00dcME TERKED\u0130YORLAR Hollanda televizyon kanal\u0131 NOS, \u201cYunanistan\u2019\u0131n g\u00f6\u00e7menlere eziyet edip e\u015fyalar\u0131na ve paralar\u0131na el koyduktan sonra onlar\u0131 g\u00fcvensiz botlarla denize b\u0131rakt\u0131\u011f\u0131\u201d haberlerinin do\u011fru olmad\u0131\u011f\u0131n\u0131 iddia eden Yunanistan Ba\u015fbakan\u0131 Kiryakos Mi\u00e7otakis\u2019in foyas\u0131n\u0131 meydana \u00e7\u0131kard\u0131. Kanal\u0131n T\u00fcrkiye muhabiri Mitra Nazar taraf\u0131ndan haz\u0131rlanan \u201cG\u00f6\u00e7menler Yunan Topraklar\u0131ndan &hellip;<\/p>\n","protected":false},"author":1,"featured_media":0,"comment_status":"open","ping_status":"open","sticky":false,"template":"","format":"standard","meta":[],"categories":[1],"tags":[],"_links":{"self":[{"href":"http:\/\/www.habertelgraf.com\/index.php?rest_route=\/wp\/v2\/posts\/220"}],"collection":[{"href":"http:\/\/www.habertelgraf.com\/index.php?rest_route=\/wp\/v2\/posts"}],"about":[{"href":"http:\/\/www.habertelgraf.com\/index.php?rest_route=\/wp\/v2\/types\/post"}],"author":[{"embeddable":true,"href":"http:\/\/www.habertelgraf.com\/index.php?rest_route=\/wp\/v2\/users\/1"}],"replies":[{"embeddable":true,"href":"http:\/\/www.habertelgraf.com\/index.php?rest_route=%2Fwp%2Fv2%2Fcomments&post=220"}],"version-history":[{"count":1,"href":"http:\/\/www.habertelgraf.com\/index.php?rest_route=\/wp\/v2\/posts\/220\/revisions"}],"predecessor-version":[{"id":221,"href":"http:\/\/www.habertelgraf.com\/index.php?rest_route=\/wp\/v2\/posts\/220\/revisions\/221"}],"wp:attachment":[{"href":"http:\/\/www.habertelgraf.com\/index.php?rest_route=%2Fwp%2Fv2%2Fmedia&parent=220"}],"wp:term":[{"taxonomy":"category","embeddable":true,"href":"http:\/\/www.habertelgraf.com\/index.php?rest_route=%2Fwp%2Fv2%2Fcategories&post=220"},{"taxonomy":"post_tag","embeddable":true,"href":"http:\/\/www.habertelgraf.com\/index.php?rest_route=%2Fwp%2Fv2%2Ftags&post=220"}],"curies":[{"name":"wp","href":"https:\/\/api.w.org\/{rel}","templated":true}]}}