{"id":224,"date":"2020-09-15T21:41:56","date_gmt":"2020-09-15T18:41:56","guid":{"rendered":"http:\/\/www.habertelgraf.com\/?p=224"},"modified":"2020-09-15T21:41:59","modified_gmt":"2020-09-15T18:41:59","slug":"dagdan-indiler-teslim-oldular","status":"publish","type":"post","link":"http:\/\/www.habertelgraf.com\/?p=224","title":{"rendered":"Da\u011fdan indiler teslim oldular"},"content":{"rendered":"\n<p>\u0130\u00e7i\u015fleri Bakanl\u0131\u011f\u0131 koordinesinde Emniyet Genel M\u00fcd\u00fcrl\u00fc\u011f\u00fc ve Jandarma Genel Komutanl\u0131\u011f\u0131n\u0131n ikna \u00e7al\u0131\u015fmalar\u0131 neticesinde; Suriye\u2019de faaliyet y\u00fcr\u00fcten <em>2<\/em> \u00f6rg\u00fct mensubu bug\u00fcn Mardin\u2019de g\u00fcvenlik g\u00fc\u00e7lerine teslim oldu.<\/p>\n\n\n\n<p>B\u00f6ylelikle 1 Ocak\u2019tan bu yana ikna yoluyla teslim olan ter\u00f6rist say\u0131s\u0131 153\u2019e y\u00fckseldi.<\/p>\n\n\n\n<p><\/p>\n","protected":false},"excerpt":{"rendered":"<p>\u0130\u00e7i\u015fleri Bakanl\u0131\u011f\u0131 koordinesinde Emniyet Genel M\u00fcd\u00fcrl\u00fc\u011f\u00fc ve Jandarma Genel Komutanl\u0131\u011f\u0131n\u0131n ikna \u00e7al\u0131\u015fmalar\u0131 neticesinde; Suriye\u2019de faaliyet y\u00fcr\u00fcten 2 \u00f6rg\u00fct mensubu bug\u00fcn Mardin\u2019de g\u00fcvenlik g\u00fc\u00e7lerine teslim oldu. B\u00f6ylelikle 1 Ocak\u2019tan bu yana ikna yoluyla teslim olan ter\u00f6rist say\u0131s\u0131 153\u2019e y\u00fckseldi.<\/p>\n","protected":false},"author":1,"featured_media":54,"comment_status":"open","ping_status":"open","sticky":false,"template":"","format":"standard","meta":[],"categories":[1],"tags":[],"_links":{"self":[{"href":"http:\/\/www.habertelgraf.com\/index.php?rest_route=\/wp\/v2\/posts\/224"}],"collection":[{"href":"http:\/\/www.habertelgraf.com\/index.php?rest_route=\/wp\/v2\/posts"}],"about":[{"href":"http:\/\/www.habertelgraf.com\/index.php?rest_route=\/wp\/v2\/types\/post"}],"author":[{"embeddable":true,"href":"http:\/\/www.habertelgraf.com\/index.php?rest_route=\/wp\/v2\/users\/1"}],"replies":[{"embeddable":true,"href":"http:\/\/www.habertelgraf.com\/index.php?rest_route=%2Fwp%2Fv2%2Fcomments&post=224"}],"version-history":[{"count":1,"href":"http:\/\/www.habertelgraf.com\/index.php?rest_route=\/wp\/v2\/posts\/224\/revisions"}],"predecessor-version":[{"id":225,"href":"http:\/\/www.habertelgraf.com\/index.php?rest_route=\/wp\/v2\/posts\/224\/revisions\/225"}],"wp:featuredmedia":[{"embeddable":true,"href":"http:\/\/www.habertelgraf.com\/index.php?rest_route=\/wp\/v2\/media\/54"}],"wp:attachment":[{"href":"http:\/\/www.habertelgraf.com\/index.php?rest_route=%2Fwp%2Fv2%2Fmedia&parent=224"}],"wp:term":[{"taxonomy":"category","embeddable":true,"href":"http:\/\/www.habertelgraf.com\/index.php?rest_route=%2Fwp%2Fv2%2Fcategories&post=224"},{"taxonomy":"post_tag","embeddable":true,"href":"http:\/\/www.habertelgraf.com\/index.php?rest_route=%2Fwp%2Fv2%2Ftags&post=224"}],"curies":[{"name":"wp","href":"https:\/\/api.w.org\/{rel}","templated":true}]}}