{"id":228,"date":"2020-09-15T21:46:37","date_gmt":"2020-09-15T18:46:37","guid":{"rendered":"http:\/\/www.habertelgraf.com\/?p=228"},"modified":"2020-09-15T21:49:29","modified_gmt":"2020-09-15T18:49:29","slug":"228","status":"publish","type":"post","link":"http:\/\/www.habertelgraf.com\/?p=228","title":{"rendered":"Mescidi Aksa&#8217;daki 15 kap\u0131n\u0131n s\u0131rr\u0131"},"content":{"rendered":"\n<p>Mescid-i Aksa, on be\u015f kap\u0131 ile \u00e7evrelenir. Anahtarlar\u0131, \u0130slami Vak\u0131flar M\u00fcd\u00fcrl\u00fc\u011f\u00fc\u2019n\u00fcn m\u00fclkiyetinde olan kap\u0131lar\u0131n on tanesi a\u00e7\u0131k, be\u015fi ise kapal\u0131d\u0131r.<\/p>\n\n\n\n<p>\u0130srail, Mescid-i Aksa\u2019n\u0131n kap\u0131lar\u0131n\u0131 a\u00e7ma kapatma kontrol\u00fcn\u00fc elinde tutup, M\u00fcsl\u00fcmanlar\u0131n giri\u015flerine s\u0131n\u0131rlamalar koymaktad\u0131r.<\/p>\n\n\n\n<p>1) Esb\u00e2t Kap\u0131s\u0131<\/p>\n\n\n\n<p>Esb\u00e2t Kap\u0131s\u0131, Kud\u00fcs surlar\u0131n\u0131n ayn\u0131 ad\u0131 ta\u015f\u0131yan kap\u0131s\u0131na a\u00e7\u0131l\u0131r. Mescid-i Aksa\u2019n\u0131n kuzey do\u011fu taraf\u0131nda bulunan kap\u0131, 1213 y\u0131l\u0131nda in\u015fa edilmi\u015ftir.<\/p>\n\n\n\n<p>Tarih boyunca defalarca yenilenen kap\u0131n\u0131n g\u00fcn\u00fcm\u00fczdeki hali 1538 y\u0131l\u0131na Kanuni Sultan S\u00fcleyman d\u00f6nemine uzan\u0131r.<\/p>\n\n\n\n<p>\u0130\u015fte bu ilgin\u00e7 s\u0131rra dair payla\u015f\u0131m<\/p>\n\n\n\n<p><\/p>\n\n\n\n<figure class=\"wp-block-embed-twitter wp-block-embed is-type-rich is-provider-twitter\"><div class=\"wp-block-embed__wrapper\">\n<blockquote class=\"twitter-tweet\" data-width=\"550\" data-dnt=\"true\"><p lang=\"tr\" dir=\"ltr\">Mescid-i Aksa, on be\u015f kap\u0131 ile \u00e7evrelenir. Anahtarlar\u0131, \u0130slami Vak\u0131flar M\u00fcd\u00fcrl\u00fc\u011f\u00fc\u2019n\u00fcn m\u00fclkiyetinde olan kap\u0131lar\u0131n on tanesi a\u00e7\u0131k, be\u015fi ise kapal\u0131d\u0131r. <br><br>\u0130srail, Mescid-i Aksa\u2019n\u0131n kap\u0131lar\u0131n\u0131 a\u00e7ma kapatma kontrol\u00fcn\u00fc elinde tutup, M\u00fcsl\u00fcmanlar\u0131n giri\u015flerine s\u0131n\u0131rlamalar koymaktad\u0131r. <a href=\"https:\/\/t.co\/zJG7SOHeHO\">pic.twitter.com\/zJG7SOHeHO<\/a><\/p>&mdash; Kud\u00fcs Ara\u015ft\u0131rmalar\u0131 (@arastirmakudus) <a href=\"https:\/\/twitter.com\/arastirmakudus\/status\/1292069690257420288?ref_src=twsrc%5Etfw\">August 8, 2020<\/a><\/blockquote><script async src=\"https:\/\/platform.twitter.com\/widgets.js\" charset=\"utf-8\"><\/script>\n<\/div><\/figure>\n","protected":false},"excerpt":{"rendered":"<p>Mescid-i Aksa, on be\u015f kap\u0131 ile \u00e7evrelenir. Anahtarlar\u0131, \u0130slami Vak\u0131flar M\u00fcd\u00fcrl\u00fc\u011f\u00fc\u2019n\u00fcn m\u00fclkiyetinde olan kap\u0131lar\u0131n on tanesi a\u00e7\u0131k, be\u015fi ise kapal\u0131d\u0131r. \u0130srail, Mescid-i Aksa\u2019n\u0131n kap\u0131lar\u0131n\u0131 a\u00e7ma kapatma kontrol\u00fcn\u00fc elinde tutup, M\u00fcsl\u00fcmanlar\u0131n giri\u015flerine s\u0131n\u0131rlamalar koymaktad\u0131r. 1) Esb\u00e2t Kap\u0131s\u0131 Esb\u00e2t Kap\u0131s\u0131, Kud\u00fcs surlar\u0131n\u0131n ayn\u0131 ad\u0131 ta\u015f\u0131yan kap\u0131s\u0131na a\u00e7\u0131l\u0131r. Mescid-i Aksa\u2019n\u0131n kuzey do\u011fu taraf\u0131nda bulunan kap\u0131, 1213 y\u0131l\u0131nda in\u015fa &hellip;<\/p>\n","protected":false},"author":1,"featured_media":0,"comment_status":"open","ping_status":"open","sticky":false,"template":"","format":"standard","meta":[],"categories":[1],"tags":[],"_links":{"self":[{"href":"http:\/\/www.habertelgraf.com\/index.php?rest_route=\/wp\/v2\/posts\/228"}],"collection":[{"href":"http:\/\/www.habertelgraf.com\/index.php?rest_route=\/wp\/v2\/posts"}],"about":[{"href":"http:\/\/www.habertelgraf.com\/index.php?rest_route=\/wp\/v2\/types\/post"}],"author":[{"embeddable":true,"href":"http:\/\/www.habertelgraf.com\/index.php?rest_route=\/wp\/v2\/users\/1"}],"replies":[{"embeddable":true,"href":"http:\/\/www.habertelgraf.com\/index.php?rest_route=%2Fwp%2Fv2%2Fcomments&post=228"}],"version-history":[{"count":2,"href":"http:\/\/www.habertelgraf.com\/index.php?rest_route=\/wp\/v2\/posts\/228\/revisions"}],"predecessor-version":[{"id":230,"href":"http:\/\/www.habertelgraf.com\/index.php?rest_route=\/wp\/v2\/posts\/228\/revisions\/230"}],"wp:attachment":[{"href":"http:\/\/www.habertelgraf.com\/index.php?rest_route=%2Fwp%2Fv2%2Fmedia&parent=228"}],"wp:term":[{"taxonomy":"category","embeddable":true,"href":"http:\/\/www.habertelgraf.com\/index.php?rest_route=%2Fwp%2Fv2%2Fcategories&post=228"},{"taxonomy":"post_tag","embeddable":true,"href":"http:\/\/www.habertelgraf.com\/index.php?rest_route=%2Fwp%2Fv2%2Ftags&post=228"}],"curies":[{"name":"wp","href":"https:\/\/api.w.org\/{rel}","templated":true}]}}