{"id":235,"date":"2020-09-16T13:35:34","date_gmt":"2020-09-16T10:35:34","guid":{"rendered":"http:\/\/www.habertelgraf.com\/?p=235"},"modified":"2020-09-16T13:35:36","modified_gmt":"2020-09-16T10:35:36","slug":"16-eylul-ekonomiden-basliklar","status":"publish","type":"post","link":"http:\/\/www.habertelgraf.com\/?p=235","title":{"rendered":"16 Eyl\u00fcl ekonomiden ba\u015fl\u0131klar"},"content":{"rendered":"\n<p>Zambiya&#8217;n\u0131n Ankara B\u00fcy\u00fckel\u00e7isi T\u00fcrkiye \u00e7\u0131k\u0131\u015f\u0131yla dikkat \u00e7ekti &#8216; Zambiya ekonomisinde son y\u0131llarda \u00c7in ve Hindistan gibi g\u00fc\u00e7l\u00fc ekonomilerin yo\u011fun etkinli\u011fi s\u00f6z konusu. T\u00fcrkiye&#8217;yi bir ekonomik g\u00fc\u00e7 olarak Zambiya&#8217;ya davet ediyoruz. T\u00fcrk \u00f6zel sekt\u00f6r\u00fcn\u00fcn g\u00fcc\u00fcn\u00fc \u00fclkemizde g\u00f6rmek isteriz.&#8217; a\u00e7\u0131klamas\u0131nda bulundu.<\/p>\n\n\n\n<p>D\u00fcnya Sa\u011fl\u0131k \u00d6rg\u00fct\u00fc taraf\u0131ndan,\u00a0trans ya\u011f\u0131n tedarik zincirinden t\u00fcmden kald\u0131r\u0131lmas\u0131 hakk\u0131ndaki y\u0131ll\u0131k raporda Brezilya, T\u00fcrkiye ve Nijerya&#8217;da yeni kabul edilen veya uygulamaya konulan yeni politika \u00f6nlemlerinin t\u00fcm\u00fcn\u00fcn, DS\u00d6&#8217;n\u00fcn en iyi uygulama politikalar\u0131 kriterlerini kar\u015f\u0131lad\u0131\u011f\u0131 vurguland\u0131.<\/p>\n\n\n\n<p>T\u00fcrkiye&#8217;deki firmalar\u0131n bilan\u00e7olar\u0131na g\u00f6re toplam aktif b\u00fcy\u00fckl\u00fckleri ge\u00e7en y\u0131l 8 trilyon 591 milyar 115 milyon lira olarak hesapland\u0131.<\/p>\n\n\n\n<p><\/p>\n\n\n\n<p>\u00dcnl\u00fc Amerikal\u0131 yat\u0131r\u0131mc\u0131 Jim Rogers, alt\u0131n fiyatlar\u0131ndaki y\u00fckseli\u015fin bir anlamda riskli oldu\u011funu ve b\u00f6yle durumlar\u0131n balon olma ihtimalini de do\u011furdu\u011funu ifade etti.<\/p>\n\n\n\n<p>Londra finans\u00a0merkezinin binlerce \u00e7al\u0131\u015fan\u0131 ofise geri d\u00f6nme \u00e7abalar\u0131n\u0131 h\u0131zland\u0131rd\u0131. Ancak \u00e7al\u0131\u015fanlar\u0131n b\u00fcy\u00fck bir \u00e7o\u011funlu\u011fu ofise d\u00f6nmek istemiyor.<\/p>\n\n\n\n<p>Tar\u0131m alan\u0131 vasf\u0131n\u0131 kaybetmeye y\u00fcz tutmu\u015f alanlar\u0131n tekrar tar\u0131ma kazand\u0131r\u0131lmas\u0131 amac\u0131yla uygulamaya konulan S\u00fcrd\u00fcr\u00fclebilir Arazi Y\u00f6netimi ve \u0130klim Dostu Tar\u0131m Projesinin meyvelerini vermeye ba\u015flad\u0131\u011f\u0131n\u0131 belirten Tar\u0131m ve Orman Bakan\u0131 Bekir Pakdemirli <strong>\u201c Verimimiz\u00a0yakla\u015f\u0131k y\u00fczde 26 artt\u0131\u201d\u00a0<\/strong>diye konu\u015ftu.<\/p>\n","protected":false},"excerpt":{"rendered":"<p>Zambiya&#8217;n\u0131n Ankara B\u00fcy\u00fckel\u00e7isi T\u00fcrkiye \u00e7\u0131k\u0131\u015f\u0131yla dikkat \u00e7ekti &#8216; Zambiya ekonomisinde son y\u0131llarda \u00c7in ve Hindistan gibi g\u00fc\u00e7l\u00fc ekonomilerin yo\u011fun etkinli\u011fi s\u00f6z konusu. T\u00fcrkiye&#8217;yi bir ekonomik g\u00fc\u00e7 olarak Zambiya&#8217;ya davet ediyoruz. T\u00fcrk \u00f6zel sekt\u00f6r\u00fcn\u00fcn g\u00fcc\u00fcn\u00fc \u00fclkemizde g\u00f6rmek isteriz.&#8217; a\u00e7\u0131klamas\u0131nda bulundu. D\u00fcnya Sa\u011fl\u0131k \u00d6rg\u00fct\u00fc taraf\u0131ndan,\u00a0trans ya\u011f\u0131n tedarik zincirinden t\u00fcmden kald\u0131r\u0131lmas\u0131 hakk\u0131ndaki y\u0131ll\u0131k raporda Brezilya, T\u00fcrkiye ve Nijerya&#8217;da &hellip;<\/p>\n","protected":false},"author":1,"featured_media":0,"comment_status":"open","ping_status":"open","sticky":false,"template":"","format":"standard","meta":[],"categories":[3],"tags":[],"_links":{"self":[{"href":"http:\/\/www.habertelgraf.com\/index.php?rest_route=\/wp\/v2\/posts\/235"}],"collection":[{"href":"http:\/\/www.habertelgraf.com\/index.php?rest_route=\/wp\/v2\/posts"}],"about":[{"href":"http:\/\/www.habertelgraf.com\/index.php?rest_route=\/wp\/v2\/types\/post"}],"author":[{"embeddable":true,"href":"http:\/\/www.habertelgraf.com\/index.php?rest_route=\/wp\/v2\/users\/1"}],"replies":[{"embeddable":true,"href":"http:\/\/www.habertelgraf.com\/index.php?rest_route=%2Fwp%2Fv2%2Fcomments&post=235"}],"version-history":[{"count":1,"href":"http:\/\/www.habertelgraf.com\/index.php?rest_route=\/wp\/v2\/posts\/235\/revisions"}],"predecessor-version":[{"id":236,"href":"http:\/\/www.habertelgraf.com\/index.php?rest_route=\/wp\/v2\/posts\/235\/revisions\/236"}],"wp:attachment":[{"href":"http:\/\/www.habertelgraf.com\/index.php?rest_route=%2Fwp%2Fv2%2Fmedia&parent=235"}],"wp:term":[{"taxonomy":"category","embeddable":true,"href":"http:\/\/www.habertelgraf.com\/index.php?rest_route=%2Fwp%2Fv2%2Fcategories&post=235"},{"taxonomy":"post_tag","embeddable":true,"href":"http:\/\/www.habertelgraf.com\/index.php?rest_route=%2Fwp%2Fv2%2Ftags&post=235"}],"curies":[{"name":"wp","href":"https:\/\/api.w.org\/{rel}","templated":true}]}}