{"id":237,"date":"2020-09-16T13:48:34","date_gmt":"2020-09-16T10:48:34","guid":{"rendered":"http:\/\/www.habertelgraf.com\/?p=237"},"modified":"2020-09-16T13:48:36","modified_gmt":"2020-09-16T10:48:36","slug":"istanbulun-gizli-uyusturucu-sebekesine-atasehirde-operasyon","status":"publish","type":"post","link":"http:\/\/www.habertelgraf.com\/?p=237","title":{"rendered":"\u0130stanbul&#8217;un gizli uyu\u015fturucu \u015febekesine Ata\u015fehir&#8217;de operasyon"},"content":{"rendered":"\n<p>\u0130stanbul Emniyet M\u00fcd\u00fcrl\u00fc\u011f\u00fc Narkotik ekipleri Ata\u015fehir il\u00e7esinde operasyon yapt\u0131<\/p>\n\n\n\n<p>Ata\u015fehir Yeni \u00c7aml\u0131ca Mahallesi \u015f\u00fcphe \u00fczerine durdurulan bir ara\u00e7 i\u00e7erisinde yap\u0131lan kontrolde;<br><\/p>\n\n\n\n<p>\uf0b7 11.2 gram metamfetamin,<br>\uf0b7 2 adet tabanca ele ge\u00e7irilmi\u015f, ara\u00e7ta bulunan Ethem \u00d6., Y\u00fccel Z. ve \u00c7a\u011fr\u0131 E. isimli<br>\u015fah\u0131slar yakaland\u0131.<br><\/p>\n\n\n\n<p>\u00c7al\u0131\u015fmalar\u0131n devam\u0131nda \u015fah\u0131slar\u0131n ikamet adreslerinde yap\u0131lan aramalarda ise;<br><\/p>\n\n\n\n<p>\uf0b7 2 adet tabanca,<br>\uf0b7 1 adet kurus\u0131k\u0131 tabanca,<br>\uf0b7 4 adet fi\u015fek,<br>\uf0b7 1 adet hassas terazi,<br>\uf0b7 0.35 gram metamfetamin ele ge\u00e7irilmi\u015ftir.<\/p>\n\n\n\n<p><br>Konu ile ilgili yakalanan \u015f\u00fcpheli \u015fah\u0131slar 15.09.2020 tarihinde adli makamlara sevk<br>edildi.<\/p>\n\n\n\n<p><\/p>\n\n\n\n<p><\/p>\n\n\n\n<figure class=\"wp-block-embed-youtube wp-block-embed is-type-video is-provider-youtube wp-embed-aspect-16-9 wp-has-aspect-ratio\"><div class=\"wp-block-embed__wrapper\">\n<iframe loading=\"lazy\" title=\"\u0130stanbul&#039;un gizli uyu\u015fturucu merkezi Ata\u015fehir&#039;e operasyon\" width=\"960\" height=\"540\" src=\"https:\/\/www.youtube.com\/embed\/OqkxyvuOuwk?feature=oembed\" frameborder=\"0\" allow=\"accelerometer; autoplay; clipboard-write; encrypted-media; gyroscope; picture-in-picture\" allowfullscreen><\/iframe>\n<\/div><\/figure>\n","protected":false},"excerpt":{"rendered":"<p>\u0130stanbul Emniyet M\u00fcd\u00fcrl\u00fc\u011f\u00fc Narkotik ekipleri Ata\u015fehir il\u00e7esinde operasyon yapt\u0131 Ata\u015fehir Yeni \u00c7aml\u0131ca Mahallesi \u015f\u00fcphe \u00fczerine durdurulan bir ara\u00e7 i\u00e7erisinde yap\u0131lan kontrolde; \uf0b7 11.2 gram metamfetamin,\uf0b7 2 adet tabanca ele ge\u00e7irilmi\u015f, ara\u00e7ta bulunan Ethem \u00d6., Y\u00fccel Z. ve \u00c7a\u011fr\u0131 E. isimli\u015fah\u0131slar yakaland\u0131. \u00c7al\u0131\u015fmalar\u0131n devam\u0131nda \u015fah\u0131slar\u0131n ikamet adreslerinde yap\u0131lan aramalarda ise; \uf0b7 2 adet tabanca,\uf0b7 1 adet &hellip;<\/p>\n","protected":false},"author":1,"featured_media":0,"comment_status":"open","ping_status":"open","sticky":false,"template":"","format":"standard","meta":[],"categories":[2],"tags":[],"_links":{"self":[{"href":"http:\/\/www.habertelgraf.com\/index.php?rest_route=\/wp\/v2\/posts\/237"}],"collection":[{"href":"http:\/\/www.habertelgraf.com\/index.php?rest_route=\/wp\/v2\/posts"}],"about":[{"href":"http:\/\/www.habertelgraf.com\/index.php?rest_route=\/wp\/v2\/types\/post"}],"author":[{"embeddable":true,"href":"http:\/\/www.habertelgraf.com\/index.php?rest_route=\/wp\/v2\/users\/1"}],"replies":[{"embeddable":true,"href":"http:\/\/www.habertelgraf.com\/index.php?rest_route=%2Fwp%2Fv2%2Fcomments&post=237"}],"version-history":[{"count":1,"href":"http:\/\/www.habertelgraf.com\/index.php?rest_route=\/wp\/v2\/posts\/237\/revisions"}],"predecessor-version":[{"id":238,"href":"http:\/\/www.habertelgraf.com\/index.php?rest_route=\/wp\/v2\/posts\/237\/revisions\/238"}],"wp:attachment":[{"href":"http:\/\/www.habertelgraf.com\/index.php?rest_route=%2Fwp%2Fv2%2Fmedia&parent=237"}],"wp:term":[{"taxonomy":"category","embeddable":true,"href":"http:\/\/www.habertelgraf.com\/index.php?rest_route=%2Fwp%2Fv2%2Fcategories&post=237"},{"taxonomy":"post_tag","embeddable":true,"href":"http:\/\/www.habertelgraf.com\/index.php?rest_route=%2Fwp%2Fv2%2Ftags&post=237"}],"curies":[{"name":"wp","href":"https:\/\/api.w.org\/{rel}","templated":true}]}}