{"id":239,"date":"2020-09-19T20:58:59","date_gmt":"2020-09-19T17:58:59","guid":{"rendered":"http:\/\/www.habertelgraf.com\/?p=239"},"modified":"2020-09-19T21:08:17","modified_gmt":"2020-09-19T18:08:17","slug":"balikesirin-marmara-sahilleri-deger-kazanacak","status":"publish","type":"post","link":"http:\/\/www.habertelgraf.com\/?p=239","title":{"rendered":"Bal\u0131kesir&#8217;in Marmara sahilleri de\u011fer kazanacak"},"content":{"rendered":"\n<p>Cumhurba\u015fkan\u0131  Tayyip Erdogan:<\/p>\n\n\n\n<p>&#8220;1915 \u00c7anakkale K\u00f6pr\u00fcs\u00fc&#8217;n\u00fcn de i\u00e7inde oldu\u011fu K\u0131nal\u0131-Tekirda\u011f-\u00c7anakkale-Bal\u0131kesir projesini de tamamlad\u0131\u011f\u0131m\u0131zda Marmara&#8217;y\u0131 ve Bat\u0131 Anadolu&#8217;yu otoyol a\u011f\u0131yla ku\u015fatm\u0131\u015f olaca\u011f\u0131z.&#8221;<\/p>\n\n\n\n<p>diye konu\u015ftu. Bu a\u00e7\u0131klama ard\u0131ndan g\u00f6zler Bal\u0131kesir ilinin Marmara sahillerime \u00e7evrildi.<\/p>\n\n\n\n<p>Proje bitti\u011finde b\u00f6lgenin yeni bir cazibe merkezi olmas\u0131 bekleniyor. <\/p>\n\n\n\n<figure class=\"wp-block-embed-youtube wp-block-embed is-type-video is-provider-youtube wp-embed-aspect-16-9 wp-has-aspect-ratio\"><div class=\"wp-block-embed__wrapper\">\n<iframe loading=\"lazy\" title=\"Erdo\u011fan: Marmara&#039;y\u0131 Anadolu ya ba\u011flayaca\u011f\u0131z\" width=\"960\" height=\"540\" src=\"https:\/\/www.youtube.com\/embed\/lNEgzodSDMs?feature=oembed\" frameborder=\"0\" allow=\"accelerometer; autoplay; clipboard-write; encrypted-media; gyroscope; picture-in-picture\" allowfullscreen><\/iframe>\n<\/div><\/figure>\n","protected":false},"excerpt":{"rendered":"<p>Cumhurba\u015fkan\u0131 Tayyip Erdogan: &#8220;1915 \u00c7anakkale K\u00f6pr\u00fcs\u00fc&#8217;n\u00fcn de i\u00e7inde oldu\u011fu K\u0131nal\u0131-Tekirda\u011f-\u00c7anakkale-Bal\u0131kesir projesini de tamamlad\u0131\u011f\u0131m\u0131zda Marmara&#8217;y\u0131 ve Bat\u0131 Anadolu&#8217;yu otoyol a\u011f\u0131yla ku\u015fatm\u0131\u015f olaca\u011f\u0131z.&#8221; diye konu\u015ftu. Bu a\u00e7\u0131klama ard\u0131ndan g\u00f6zler Bal\u0131kesir ilinin Marmara sahillerime \u00e7evrildi. Proje bitti\u011finde b\u00f6lgenin yeni bir cazibe merkezi olmas\u0131 bekleniyor.<\/p>\n","protected":false},"author":1,"featured_media":0,"comment_status":"open","ping_status":"open","sticky":false,"template":"","format":"standard","meta":[],"categories":[3],"tags":[],"_links":{"self":[{"href":"http:\/\/www.habertelgraf.com\/index.php?rest_route=\/wp\/v2\/posts\/239"}],"collection":[{"href":"http:\/\/www.habertelgraf.com\/index.php?rest_route=\/wp\/v2\/posts"}],"about":[{"href":"http:\/\/www.habertelgraf.com\/index.php?rest_route=\/wp\/v2\/types\/post"}],"author":[{"embeddable":true,"href":"http:\/\/www.habertelgraf.com\/index.php?rest_route=\/wp\/v2\/users\/1"}],"replies":[{"embeddable":true,"href":"http:\/\/www.habertelgraf.com\/index.php?rest_route=%2Fwp%2Fv2%2Fcomments&post=239"}],"version-history":[{"count":1,"href":"http:\/\/www.habertelgraf.com\/index.php?rest_route=\/wp\/v2\/posts\/239\/revisions"}],"predecessor-version":[{"id":240,"href":"http:\/\/www.habertelgraf.com\/index.php?rest_route=\/wp\/v2\/posts\/239\/revisions\/240"}],"wp:attachment":[{"href":"http:\/\/www.habertelgraf.com\/index.php?rest_route=%2Fwp%2Fv2%2Fmedia&parent=239"}],"wp:term":[{"taxonomy":"category","embeddable":true,"href":"http:\/\/www.habertelgraf.com\/index.php?rest_route=%2Fwp%2Fv2%2Fcategories&post=239"},{"taxonomy":"post_tag","embeddable":true,"href":"http:\/\/www.habertelgraf.com\/index.php?rest_route=%2Fwp%2Fv2%2Ftags&post=239"}],"curies":[{"name":"wp","href":"https:\/\/api.w.org\/{rel}","templated":true}]}}