{"id":243,"date":"2020-09-20T21:44:49","date_gmt":"2020-09-20T18:44:49","guid":{"rendered":"http:\/\/www.habertelgraf.com\/?p=243"},"modified":"2020-09-20T21:47:55","modified_gmt":"2020-09-20T18:47:55","slug":"fransayi-karistiran-turkiyenin-uyanisi-yazisi","status":"publish","type":"post","link":"http:\/\/www.habertelgraf.com\/?p=243","title":{"rendered":"Fransa&#8217;y\u0131 kar\u0131\u015ft\u0131ran &#8220;T\u00fcrkiye&#8217;nin uyan\u0131\u015f\u0131&#8221; yaz\u0131s\u0131"},"content":{"rendered":"\n<figure class=\"wp-block-embed-instagram wp-block-embed is-type-rich is-provider-instagram\"><div class=\"wp-block-embed__wrapper\">\n<blockquote class=\"instagram-media\" data-instgrm-captioned data-instgrm-permalink=\"https:\/\/www.instagram.com\/p\/CFXm_QGqk-_\/?utm_source=ig_embed&amp;utm_campaign=loading\" data-instgrm-version=\"12\" style=\" background:#FFF; border:0; border-radius:3px; box-shadow:0 0 1px 0 rgba(0,0,0,0.5),0 1px 10px 0 rgba(0,0,0,0.15); margin: 1px; max-width:658px; min-width:326px; padding:0; width:99.375%; width:-webkit-calc(100% - 2px); width:calc(100% - 2px);\"><div style=\"padding:16px;\"> <a href=\"https:\/\/www.instagram.com\/p\/CFXm_QGqk-_\/?utm_source=ig_embed&amp;utm_campaign=loading\" style=\" background:#FFFFFF; line-height:0; padding:0 0; text-align:center; text-decoration:none; width:100%;\" target=\"_blank\"> <div style=\" display: flex; flex-direction: row; align-items: center;\"> <div style=\"background-color: #F4F4F4; border-radius: 50%; flex-grow: 0; height: 40px; margin-right: 14px; width: 40px;\"><\/div> <div style=\"display: flex; flex-direction: column; flex-grow: 1; justify-content: center;\"> <div style=\" background-color: #F4F4F4; border-radius: 4px; flex-grow: 0; height: 14px; margin-bottom: 6px; width: 100px;\"><\/div> <div style=\" background-color: #F4F4F4; border-radius: 4px; flex-grow: 0; height: 14px; width: 60px;\"><\/div><\/div><\/div><div style=\"padding: 19% 0;\"><\/div> <div style=\"display:block; height:50px; margin:0 auto 12px; width:50px;\"><svg width=\"50px\" height=\"50px\" viewBox=\"0 0 60 60\" version=\"1.1\" xmlns=\"https:\/\/www.w3.org\/2000\/svg\" xmlns:xlink=\"https:\/\/www.w3.org\/1999\/xlink\"><g stroke=\"none\" stroke-width=\"1\" fill=\"none\" fill-rule=\"evenodd\"><g transform=\"translate(-511.000000, -20.000000)\" fill=\"#000000\"><g><path d=\"M556.869,30.41 C554.814,30.41 553.148,32.076 553.148,34.131 C553.148,36.186 554.814,37.852 556.869,37.852 C558.924,37.852 560.59,36.186 560.59,34.131 C560.59,32.076 558.924,30.41 556.869,30.41 M541,60.657 C535.114,60.657 530.342,55.887 530.342,50 C530.342,44.114 535.114,39.342 541,39.342 C546.887,39.342 551.658,44.114 551.658,50 C551.658,55.887 546.887,60.657 541,60.657 M541,33.886 C532.1,33.886 524.886,41.1 524.886,50 C524.886,58.899 532.1,66.113 541,66.113 C549.9,66.113 557.115,58.899 557.115,50 C557.115,41.1 549.9,33.886 541,33.886 M565.378,62.101 C565.244,65.022 564.756,66.606 564.346,67.663 C563.803,69.06 563.154,70.057 562.106,71.106 C561.058,72.155 560.06,72.803 558.662,73.347 C557.607,73.757 556.021,74.244 553.102,74.378 C549.944,74.521 548.997,74.552 541,74.552 C533.003,74.552 532.056,74.521 528.898,74.378 C525.979,74.244 524.393,73.757 523.338,73.347 C521.94,72.803 520.942,72.155 519.894,71.106 C518.846,70.057 518.197,69.06 517.654,67.663 C517.244,66.606 516.755,65.022 516.623,62.101 C516.479,58.943 516.448,57.996 516.448,50 C516.448,42.003 516.479,41.056 516.623,37.899 C516.755,34.978 517.244,33.391 517.654,32.338 C518.197,30.938 518.846,29.942 519.894,28.894 C520.942,27.846 521.94,27.196 523.338,26.654 C524.393,26.244 525.979,25.756 528.898,25.623 C532.057,25.479 533.004,25.448 541,25.448 C548.997,25.448 549.943,25.479 553.102,25.623 C556.021,25.756 557.607,26.244 558.662,26.654 C560.06,27.196 561.058,27.846 562.106,28.894 C563.154,29.942 563.803,30.938 564.346,32.338 C564.756,33.391 565.244,34.978 565.378,37.899 C565.522,41.056 565.552,42.003 565.552,50 C565.552,57.996 565.522,58.943 565.378,62.101 M570.82,37.631 C570.674,34.438 570.167,32.258 569.425,30.349 C568.659,28.377 567.633,26.702 565.965,25.035 C564.297,23.368 562.623,22.342 560.652,21.575 C558.743,20.834 556.562,20.326 553.369,20.18 C550.169,20.033 549.148,20 541,20 C532.853,20 531.831,20.033 528.631,20.18 C525.438,20.326 523.257,20.834 521.349,21.575 C519.376,22.342 517.703,23.368 516.035,25.035 C514.368,26.702 513.342,28.377 512.574,30.349 C511.834,32.258 511.326,34.438 511.181,37.631 C511.035,40.831 511,41.851 511,50 C511,58.147 511.035,59.17 511.181,62.369 C511.326,65.562 511.834,67.743 512.574,69.651 C513.342,71.625 514.368,73.296 516.035,74.965 C517.703,76.634 519.376,77.658 521.349,78.425 C523.257,79.167 525.438,79.673 528.631,79.82 C531.831,79.965 532.853,80.001 541,80.001 C549.148,80.001 550.169,79.965 553.369,79.82 C556.562,79.673 558.743,79.167 560.652,78.425 C562.623,77.658 564.297,76.634 565.965,74.965 C567.633,73.296 568.659,71.625 569.425,69.651 C570.167,67.743 570.674,65.562 570.82,62.369 C570.966,59.17 571,58.147 571,50 C571,41.851 570.966,40.831 570.82,37.631\"><\/path><\/g><\/g><\/g><\/svg><\/div><div style=\"padding-top: 8px;\"> <div style=\" color:#3897f0; font-family:Arial,sans-serif; font-size:14px; font-style:normal; font-weight:550; line-height:18px;\"> View this post on Instagram<\/div><\/div><div style=\"padding: 12.5% 0;\"><\/div> <div style=\"display: flex; flex-direction: row; margin-bottom: 14px; align-items: center;\"><div> <div style=\"background-color: #F4F4F4; border-radius: 50%; height: 12.5px; width: 12.5px; transform: translateX(0px) translateY(7px);\"><\/div> <div style=\"background-color: #F4F4F4; height: 12.5px; transform: rotate(-45deg) translateX(3px) translateY(1px); width: 12.5px; flex-grow: 0; margin-right: 14px; margin-left: 2px;\"><\/div> <div style=\"background-color: #F4F4F4; border-radius: 50%; height: 12.5px; width: 12.5px; transform: translateX(9px) translateY(-18px);\"><\/div><\/div><div style=\"margin-left: 8px;\"> <div style=\" background-color: #F4F4F4; border-radius: 50%; flex-grow: 0; height: 20px; width: 20px;\"><\/div> <div style=\" width: 0; height: 0; border-top: 2px solid transparent; border-left: 6px solid #f4f4f4; border-bottom: 2px solid transparent; transform: translateX(16px) translateY(-4px) rotate(30deg)\"><\/div><\/div><div style=\"margin-left: auto;\"> <div style=\" width: 0px; border-top: 8px solid #F4F4F4; border-right: 8px solid transparent; transform: translateY(16px);\"><\/div> <div style=\" background-color: #F4F4F4; flex-grow: 0; height: 12px; width: 16px; transform: translateY(-4px);\"><\/div> <div style=\" width: 0; height: 0; border-top: 8px solid #F4F4F4; border-left: 8px solid transparent; transform: translateY(-4px) translateX(8px);\"><\/div><\/div><\/div><\/a> <p style=\" margin:8px 0 0 0; padding:0 4px;\"> <a href=\"https:\/\/www.instagram.com\/p\/CFXm_QGqk-_\/?utm_source=ig_embed&amp;utm_campaign=loading\" style=\" color:#000; font-family:Arial,sans-serif; font-size:14px; font-style:normal; font-weight:normal; line-height:17px; text-decoration:none; word-wrap:break-word;\" target=\"_blank\">Macron<\/a><\/p> <p style=\" color:#c9c8cd; font-family:Arial,sans-serif; font-size:14px; line-height:17px; margin-bottom:0; margin-top:8px; overflow:hidden; padding:8px 0 7px; text-align:center; text-overflow:ellipsis; white-space:nowrap;\">A post shared by @<a href=\"https:\/\/www.instagram.com\/habertelgrafinsta\/?utm_source=ig_embed&amp;utm_campaign=loading\" style=\" color:#c9c8cd; font-family:Arial,sans-serif; font-size:14px; font-style:normal; font-weight:normal; line-height:17px;\" target=\"_blank\"> habertelgrafinsta<\/a> on <time style=\" font-family:Arial,sans-serif; font-size:14px; line-height:17px;\" datetime=\"2020-09-20T18:45:39+00:00\">Sep 20, 2020 at 11:45am PDT<\/time><\/p><\/div><\/blockquote><script async src=\"\/\/www.instagram.com\/embed.js\"><\/script>\n<\/div><\/figure>\n\n\n\n<p><strong>Fransa merkezli ba\u011f\u0131ms\u0131z haber sitesi Aleteia\u2019da yer alan \u201cT\u00fcrkiye geri d\u00f6nd\u00fc\u201d ba\u015fl\u0131kl\u0131 yaz\u0131da, T\u00fcrkiye\u2019nin \u201cCumhurba\u015fkan\u0131 Erdo\u011fan liderli\u011finde\u201d ge\u00e7irdi\u011fi dikkat \u00e7ekici d\u00f6n\u00fc\u015f\u00fcm\u00fcn Avrupa \u00fclkeleri taraf\u0131ndan ciddiye al\u0131nmas\u0131 gerekti\u011fi belirtildi.<\/strong><\/p>\n\n\n\n<p><strong>Tarihi, k\u00fclt\u00fcrel, milli ve manevi de\u011ferlerini yeniden ke\u015ffettik\u00e7e T\u00fcrkiye\u2019nin<\/strong> <strong>bir g\u00fc\u00e7-medeniyet haline geldi\u011fi vurgulanan yaz\u0131da, \u201cT\u00fcrkiye yeniden sayg\u0131 ve korku uyand\u0131r\u0131yor\u201d denildi.<\/strong><\/p>\n\n\n\n<p><strong>Yaz\u0131da, Avrupa \u00fclkelerinin zay\u0131fl\u0131klar\u0131na z\u0131t bir kararl\u0131l\u0131k ve g\u00fc\u00e7 g\u00f6steren T\u00fcrkiye\u2019nin stratejik bir ama\u00e7la Do\u011fu Akdeniz\u2019de y\u00fcr\u00fctt\u00fc\u011f\u00fc hidrokarbon arama \u00e7al\u0131\u015fmalar\u0131 ile d\u00fcnyan\u0131n varolu\u015fundan beri b\u00fct\u00fcn uluslar\u0131n yapt\u0131\u011f\u0131 gibi \u201ckendi menfaatlerini savundu\u011fu\u201d ifade edildi.<\/strong><\/p>\n\n\n\n<p>Fransa merkezli ba\u011f\u0131ms\u0131z bir Katolik haber sitesi Aleteia\u2019da T\u00fcrkiye hakk\u0131nda dikkat \u00e7ekici bir yaz\u0131 yay\u0131nland\u0131.<\/p>\n\n\n\n<p>\u201cT\u00fcrkiye Geri D\u00f6nd\u00fc\u201d ba\u015fl\u0131kl\u0131 yaz\u0131da, Osmanl\u0131 \u0130mparatorlu\u011funun Akdeniz emelleriyle yeniden ba\u011f kuran T\u00fcrkiye\u2019nin Avrupa \u00fclkelerinin zay\u0131fl\u0131klar\u0131na z\u0131t bir kararl\u0131l\u0131k ve g\u00fc\u00e7 g\u00f6sterdi\u011fi vurguland\u0131.<\/p>\n\n\n\n<p>Yaz\u0131da, T\u00fcrkiye\u2019nin stratejik bir ama\u00e7la Do\u011fu Akdeniz\u2019de y\u00fcr\u00fctt\u00fc\u011f\u00fc hidrokarbon arama \u00e7al\u0131\u015fmalar\u0131n\u0131n, karasular\u0131n\u0131n s\u0131n\u0131rland\u0131r\u0131lmas\u0131na ili\u015fkin eski T\u00fcrk-Yunan anla\u015fmazl\u0131\u011f\u0131nda yeni bir b\u00f6l\u00fcm a\u00e7t\u0131\u011f\u0131 ifade edildi.<\/p>\n\n\n\n<p>T\u00fcrkiye\u2019nin, d\u00fcnyan\u0131n varolu\u015fundan beri b\u00fct\u00fcn uluslar\u0131n yapt\u0131\u011f\u0131 gibi kendi menfaatlerini savundu\u011funa i\u015faret edilen yaz\u0131da, Fransa\u2019n\u0131n \u201cT\u00fcrkiye\u2019nin Akdeniz\u2019deki emellerini y\u0131kmak i\u00e7in\u201d Yunanistan\u2019\u0131 desteklemeyi tercih etti\u011fi belirtildi. &nbsp;<\/p>\n\n\n\n<p>Do\u011fu Akdeniz sorununa sebep olarak T\u00fcrkiye\u2019deki mevcut y\u00f6netimin bahane edilmesine gerek olmad\u0131\u011f\u0131 belirtilen yaz\u0131da, ayn\u0131 gerilimin Recep Tayyip Erdo\u011fan liderli\u011findeki AK Parti d\u0131\u015f\u0131ndaki bir h\u00fck\u00fcmetle de ya\u015fanabilece\u011fi dile getirildi.<\/p>\n\n\n\n<p>Yaz\u0131da, \u201c\u00d6te yandan T\u00fcrkiye bize sava\u015f a\u00e7mayacak ve yar\u0131n sabah topraklar\u0131m\u0131z\u0131 i\u015fgale kalk\u0131\u015fmayacak\u201d ifadeleri yer ald\u0131.<\/p>\n\n\n\n<p><strong>\u201cT\u00fcrkiye kendini yeniden ke\u015ffediyor\u201d<\/strong><\/p>\n\n\n\n<p>Aleteia sitesindeki yaz\u0131da, \u201cBununla birlikte, bu anla\u015fmazl\u0131k klasik olsa da, Recep Tayyip Erdo\u011fan\u2019\u0131n Cumhurba\u015fkanl\u0131\u011f\u0131na gelmesinden bu yana T\u00fcrkiye\u2019nin ge\u00e7irdi\u011fi d\u00f6n\u00fc\u015f\u00fcm dikkate de\u011fer. Bu \u00fclke bir \u015fekilde kendi medeniyet ve dini temellerini yeniden ke\u015ffetme, Osmanl\u0131 \u0130mparatorlu\u011fu\u2019nun tarihsel anlat\u0131s\u0131n\u0131n ba\u011flar\u0131n\u0131 yeniden kurma s\u00fcrecinde. Denizlerdeki anla\u015fmazl\u0131\u011f\u0131n\u0131n \u00f6tesinde, bu boyutun da Avrupa \u00fclkeleri taraf\u0131ndan ciddiye al\u0131nmas\u0131 gerekir.\u201d de\u011ferlendirmesinde bulunuldu.<\/p>\n\n\n\n<p><strong>\u201cT\u00fcrkiye yeniden sayg\u0131 ve korku uyand\u0131r\u0131yor\u201d<\/strong><\/p>\n\n\n\n<p>Yaz\u0131da \u201cZay\u0131f Bir Avrupa\u201d ara ba\u015fl\u0131\u011f\u0131 alt\u0131nda \u015fu ifadelere yer verildi:<\/p>\n\n\n\n<p>\u201c\u0130\u015fte Avrupa kap\u0131lar\u0131ndaki bu b\u00fcy\u00fck \u00fclkeye dair yeni durum: y\u00fcz\u00f6l\u00e7\u00fcm\u00fc, n\u00fcfus, medeniyet ve tarih bak\u0131m\u0131ndan b\u00fcy\u00fck bir \u00fclke; gururlu, gen\u00e7 ve kalabal\u0131k bir halk ile kar\u015f\u0131 kar\u015f\u0131yay\u0131z. Ki\u015fi ba\u015f\u0131na d\u00fc\u015fen GSMH iyi seviyede ve bor\u00e7lanmas\u0131 \u00f6l\u00e7\u00fcl\u00fc. Ekonomi, sa\u011fl\u0131k ve e\u011fitimi bir araya getiren \u0130nsani Geli\u015fme Endeksi y\u00fcksek seviyelerde. Ve \u00f6nemli bir askeri g\u00fc\u00e7. Bu b\u00fcy\u00fck \u00fclke giderek tarihine, k\u00fclt\u00fcr\u00fcne ve dini \u0130slam\u2019a ba\u011fl\u0131 bir g\u00fc\u00e7-medeniyet haline geliyor. Bir \u015fekilde T\u00fcrkiye yeniden sayg\u0131 ve korku uyand\u0131r\u0131yor. Avrupa \u00fclkeleri ise bunun aksine daha az sayg\u0131 ve korku uyand\u0131r\u0131yor. Bug\u00fcn Avrupa \u00fclkeleri T\u00fcrkiye\u2019yi g\u00fc\u00e7l\u00fc k\u0131lan demografi, k\u00fclt\u00fcrel ve dini kimlik ile g\u00fc\u00e7-medeniyet a\u00e7\u0131s\u0131ndan zay\u0131flar.\u201d<\/p>\n\n\n\n<p>Yaz\u0131, \u201cBelki de tarihin dersleri \u00fczerinde derin derin d\u00fc\u015f\u00fcnmeli ve kesin bir d\u00f6n\u00fc\u015f\u00fc hayal etmeye ba\u015flamal\u0131y\u0131z. Asl\u0131nda gelecek muhtemelen kalabal\u0131k, gen\u00e7 ve gururlu halklara, sa\u011flam medeniyetlere ve dini temellere dayal\u0131 g\u00fc\u00e7l\u00fc uluslara aittir.\u201d g\u00f6r\u00fc\u015fleriyle sona eriyor.<\/p>\n","protected":false},"excerpt":{"rendered":"<p>Fransa merkezli ba\u011f\u0131ms\u0131z haber sitesi Aleteia\u2019da yer alan \u201cT\u00fcrkiye geri d\u00f6nd\u00fc\u201d ba\u015fl\u0131kl\u0131 yaz\u0131da, T\u00fcrkiye\u2019nin \u201cCumhurba\u015fkan\u0131 Erdo\u011fan liderli\u011finde\u201d ge\u00e7irdi\u011fi dikkat \u00e7ekici d\u00f6n\u00fc\u015f\u00fcm\u00fcn Avrupa \u00fclkeleri taraf\u0131ndan ciddiye al\u0131nmas\u0131 gerekti\u011fi belirtildi. Tarihi, k\u00fclt\u00fcrel, milli ve manevi de\u011ferlerini yeniden ke\u015ffettik\u00e7e T\u00fcrkiye\u2019nin bir g\u00fc\u00e7-medeniyet haline geldi\u011fi vurgulanan yaz\u0131da, \u201cT\u00fcrkiye yeniden sayg\u0131 ve korku uyand\u0131r\u0131yor\u201d denildi. Yaz\u0131da, Avrupa \u00fclkelerinin zay\u0131fl\u0131klar\u0131na z\u0131t &hellip;<\/p>\n","protected":false},"author":1,"featured_media":0,"comment_status":"open","ping_status":"open","sticky":false,"template":"","format":"standard","meta":[],"categories":[1],"tags":[],"_links":{"self":[{"href":"http:\/\/www.habertelgraf.com\/index.php?rest_route=\/wp\/v2\/posts\/243"}],"collection":[{"href":"http:\/\/www.habertelgraf.com\/index.php?rest_route=\/wp\/v2\/posts"}],"about":[{"href":"http:\/\/www.habertelgraf.com\/index.php?rest_route=\/wp\/v2\/types\/post"}],"author":[{"embeddable":true,"href":"http:\/\/www.habertelgraf.com\/index.php?rest_route=\/wp\/v2\/users\/1"}],"replies":[{"embeddable":true,"href":"http:\/\/www.habertelgraf.com\/index.php?rest_route=%2Fwp%2Fv2%2Fcomments&post=243"}],"version-history":[{"count":2,"href":"http:\/\/www.habertelgraf.com\/index.php?rest_route=\/wp\/v2\/posts\/243\/revisions"}],"predecessor-version":[{"id":246,"href":"http:\/\/www.habertelgraf.com\/index.php?rest_route=\/wp\/v2\/posts\/243\/revisions\/246"}],"wp:attachment":[{"href":"http:\/\/www.habertelgraf.com\/index.php?rest_route=%2Fwp%2Fv2%2Fmedia&parent=243"}],"wp:term":[{"taxonomy":"category","embeddable":true,"href":"http:\/\/www.habertelgraf.com\/index.php?rest_route=%2Fwp%2Fv2%2Fcategories&post=243"},{"taxonomy":"post_tag","embeddable":true,"href":"http:\/\/www.habertelgraf.com\/index.php?rest_route=%2Fwp%2Fv2%2Ftags&post=243"}],"curies":[{"name":"wp","href":"https:\/\/api.w.org\/{rel}","templated":true}]}}