{"id":253,"date":"2020-09-20T22:04:25","date_gmt":"2020-09-20T19:04:25","guid":{"rendered":"http:\/\/www.habertelgraf.com\/?p=253"},"modified":"2020-09-20T22:04:26","modified_gmt":"2020-09-20T19:04:26","slug":"tbmm-baskani-sentoptan-abdi-ibrahime-tebrik","status":"publish","type":"post","link":"http:\/\/www.habertelgraf.com\/?p=253","title":{"rendered":"TBMM BA\u015eKANI \u015eENTOP\u2019TAN, ABD\u0130 \u0130BRAH\u0130M\u2019E TEBR\u0130K\u2026"},"content":{"rendered":"\n<p><\/p>\n\n\n\n<p>TBMM Ba\u015fkan\u0131 Mustafa \u015eentop, T\u00fcrkiye\u2019nin \u00f6nde gelen \u0130la\u00e7 \u015firketlerinden Abdi \u0130brahim\u2019i, \u0130svi\u00e7reli OM Pharma\u2019n\u0131n y\u00fczde 28.5 hissesini sat\u0131n almas\u0131ndan dolay\u0131 tebrik etti. \u015eentop, Abdi \u0130brahim Y\u00f6netim Kurulu Ba\u015fkan\u0131 Nezih Barut\u2019u telefonla arayarak,<br>T\u00fcrkiye ad\u0131na duydu\u011fu memnuniyeti dile getirirken, \u201c\u00d6zellikle salg\u0131n d\u00f6neminde T\u00fcrkiye\u2019nin sa\u011fl\u0131k alan\u0131nda faaliyetlerinin kapsam\u0131n\u0131 ve hamle kabiliyetini g\u00f6stermesi bak\u0131m\u0131ndan \u00e7ok \u00f6nemli\u201d dedi.<\/p>\n","protected":false},"excerpt":{"rendered":"<p>TBMM Ba\u015fkan\u0131 Mustafa \u015eentop, T\u00fcrkiye\u2019nin \u00f6nde gelen \u0130la\u00e7 \u015firketlerinden Abdi \u0130brahim\u2019i, \u0130svi\u00e7reli OM Pharma\u2019n\u0131n y\u00fczde 28.5 hissesini sat\u0131n almas\u0131ndan dolay\u0131 tebrik etti. \u015eentop, Abdi \u0130brahim Y\u00f6netim Kurulu Ba\u015fkan\u0131 Nezih Barut\u2019u telefonla arayarak,T\u00fcrkiye ad\u0131na duydu\u011fu memnuniyeti dile getirirken, \u201c\u00d6zellikle salg\u0131n d\u00f6neminde T\u00fcrkiye\u2019nin sa\u011fl\u0131k alan\u0131nda faaliyetlerinin kapsam\u0131n\u0131 ve hamle kabiliyetini g\u00f6stermesi bak\u0131m\u0131ndan \u00e7ok \u00f6nemli\u201d dedi.<\/p>\n","protected":false},"author":1,"featured_media":0,"comment_status":"open","ping_status":"open","sticky":false,"template":"","format":"standard","meta":[],"categories":[3],"tags":[],"_links":{"self":[{"href":"http:\/\/www.habertelgraf.com\/index.php?rest_route=\/wp\/v2\/posts\/253"}],"collection":[{"href":"http:\/\/www.habertelgraf.com\/index.php?rest_route=\/wp\/v2\/posts"}],"about":[{"href":"http:\/\/www.habertelgraf.com\/index.php?rest_route=\/wp\/v2\/types\/post"}],"author":[{"embeddable":true,"href":"http:\/\/www.habertelgraf.com\/index.php?rest_route=\/wp\/v2\/users\/1"}],"replies":[{"embeddable":true,"href":"http:\/\/www.habertelgraf.com\/index.php?rest_route=%2Fwp%2Fv2%2Fcomments&post=253"}],"version-history":[{"count":1,"href":"http:\/\/www.habertelgraf.com\/index.php?rest_route=\/wp\/v2\/posts\/253\/revisions"}],"predecessor-version":[{"id":254,"href":"http:\/\/www.habertelgraf.com\/index.php?rest_route=\/wp\/v2\/posts\/253\/revisions\/254"}],"wp:attachment":[{"href":"http:\/\/www.habertelgraf.com\/index.php?rest_route=%2Fwp%2Fv2%2Fmedia&parent=253"}],"wp:term":[{"taxonomy":"category","embeddable":true,"href":"http:\/\/www.habertelgraf.com\/index.php?rest_route=%2Fwp%2Fv2%2Fcategories&post=253"},{"taxonomy":"post_tag","embeddable":true,"href":"http:\/\/www.habertelgraf.com\/index.php?rest_route=%2Fwp%2Fv2%2Ftags&post=253"}],"curies":[{"name":"wp","href":"https:\/\/api.w.org\/{rel}","templated":true}]}}