{"id":262,"date":"2020-09-23T16:30:38","date_gmt":"2020-09-23T13:30:38","guid":{"rendered":"http:\/\/www.habertelgraf.com\/?p=262"},"modified":"2020-09-23T16:30:41","modified_gmt":"2020-09-23T13:30:41","slug":"imamoglu-kadin-itfaiyeci-olmaz-diye-bir-sey-yok","status":"publish","type":"post","link":"http:\/\/www.habertelgraf.com\/?p=262","title":{"rendered":"\u0130mamo\u011flu: \u201cKad\u0131n itfaiyeci olmaz diye bir \u015fey yok\u201d"},"content":{"rendered":"\n<p><\/p>\n\n\n\n<p>306. kurulu\u015f y\u0131ld\u00f6n\u00fcm\u00fcn\u00fc kutlayan \u0130BB \u0130tfaiyesi, Ba\u015fkan \u0130mamo\u011flu\u2019nu ziyaret etti. Yeni kadro yap\u0131lanmas\u0131nda kad\u0131n personel al\u0131m\u0131na a\u011f\u0131rl\u0131k vereceklerini vurgulayan \u0130mamo\u011flu, \u201cKad\u0131n\u0131n da her g\u00f6revi yapabilecek yetenekte ve kabiliyette oldu\u011funu biliyoruz. \u0130yi biliyorsunuz ki; kad\u0131n asker de var, pilot da var. \u2018Ama itfaiyeci olmaz\u2019 diye bir \u015fey yok. Bu e\u015fitlik\u00e7i anlay\u0131\u015f\u0131m\u0131z\u0131n, bu te\u015fkilata da yans\u0131mas\u0131n\u0131 istiyoruz\u201d dedi.<\/p>\n\n\n\n<p><\/p>\n\n\n\n<figure class=\"wp-block-embed-instagram wp-block-embed is-type-rich is-provider-instagram\"><div class=\"wp-block-embed__wrapper\">\n<blockquote class=\"instagram-media\" data-instgrm-captioned data-instgrm-permalink=\"https:\/\/www.instagram.com\/p\/CFewR1Cqmnz\/?utm_source=ig_embed&amp;utm_campaign=loading\" data-instgrm-version=\"12\" style=\" background:#FFF; border:0; border-radius:3px; box-shadow:0 0 1px 0 rgba(0,0,0,0.5),0 1px 10px 0 rgba(0,0,0,0.15); margin: 1px; max-width:658px; min-width:326px; padding:0; width:99.375%; width:-webkit-calc(100% - 2px); width:calc(100% - 2px);\"><div style=\"padding:16px;\"> <a href=\"https:\/\/www.instagram.com\/p\/CFewR1Cqmnz\/?utm_source=ig_embed&amp;utm_campaign=loading\" style=\" background:#FFFFFF; line-height:0; padding:0 0; text-align:center; text-decoration:none; width:100%;\" target=\"_blank\"> <div style=\" display: flex; flex-direction: row; align-items: center;\"> <div style=\"background-color: #F4F4F4; border-radius: 50%; flex-grow: 0; height: 40px; margin-right: 14px; width: 40px;\"><\/div> <div style=\"display: flex; flex-direction: column; flex-grow: 1; justify-content: center;\"> <div style=\" background-color: #F4F4F4; border-radius: 4px; flex-grow: 0; height: 14px; margin-bottom: 6px; width: 100px;\"><\/div> <div style=\" background-color: #F4F4F4; border-radius: 4px; flex-grow: 0; height: 14px; width: 60px;\"><\/div><\/div><\/div><div style=\"padding: 19% 0;\"><\/div> <div style=\"display:block; height:50px; margin:0 auto 12px; width:50px;\"><svg width=\"50px\" height=\"50px\" viewBox=\"0 0 60 60\" version=\"1.1\" xmlns=\"https:\/\/www.w3.org\/2000\/svg\" xmlns:xlink=\"https:\/\/www.w3.org\/1999\/xlink\"><g stroke=\"none\" stroke-width=\"1\" fill=\"none\" fill-rule=\"evenodd\"><g transform=\"translate(-511.000000, -20.000000)\" fill=\"#000000\"><g><path d=\"M556.869,30.41 C554.814,30.41 553.148,32.076 553.148,34.131 C553.148,36.186 554.814,37.852 556.869,37.852 C558.924,37.852 560.59,36.186 560.59,34.131 C560.59,32.076 558.924,30.41 556.869,30.41 M541,60.657 C535.114,60.657 530.342,55.887 530.342,50 C530.342,44.114 535.114,39.342 541,39.342 C546.887,39.342 551.658,44.114 551.658,50 C551.658,55.887 546.887,60.657 541,60.657 M541,33.886 C532.1,33.886 524.886,41.1 524.886,50 C524.886,58.899 532.1,66.113 541,66.113 C549.9,66.113 557.115,58.899 557.115,50 C557.115,41.1 549.9,33.886 541,33.886 M565.378,62.101 C565.244,65.022 564.756,66.606 564.346,67.663 C563.803,69.06 563.154,70.057 562.106,71.106 C561.058,72.155 560.06,72.803 558.662,73.347 C557.607,73.757 556.021,74.244 553.102,74.378 C549.944,74.521 548.997,74.552 541,74.552 C533.003,74.552 532.056,74.521 528.898,74.378 C525.979,74.244 524.393,73.757 523.338,73.347 C521.94,72.803 520.942,72.155 519.894,71.106 C518.846,70.057 518.197,69.06 517.654,67.663 C517.244,66.606 516.755,65.022 516.623,62.101 C516.479,58.943 516.448,57.996 516.448,50 C516.448,42.003 516.479,41.056 516.623,37.899 C516.755,34.978 517.244,33.391 517.654,32.338 C518.197,30.938 518.846,29.942 519.894,28.894 C520.942,27.846 521.94,27.196 523.338,26.654 C524.393,26.244 525.979,25.756 528.898,25.623 C532.057,25.479 533.004,25.448 541,25.448 C548.997,25.448 549.943,25.479 553.102,25.623 C556.021,25.756 557.607,26.244 558.662,26.654 C560.06,27.196 561.058,27.846 562.106,28.894 C563.154,29.942 563.803,30.938 564.346,32.338 C564.756,33.391 565.244,34.978 565.378,37.899 C565.522,41.056 565.552,42.003 565.552,50 C565.552,57.996 565.522,58.943 565.378,62.101 M570.82,37.631 C570.674,34.438 570.167,32.258 569.425,30.349 C568.659,28.377 567.633,26.702 565.965,25.035 C564.297,23.368 562.623,22.342 560.652,21.575 C558.743,20.834 556.562,20.326 553.369,20.18 C550.169,20.033 549.148,20 541,20 C532.853,20 531.831,20.033 528.631,20.18 C525.438,20.326 523.257,20.834 521.349,21.575 C519.376,22.342 517.703,23.368 516.035,25.035 C514.368,26.702 513.342,28.377 512.574,30.349 C511.834,32.258 511.326,34.438 511.181,37.631 C511.035,40.831 511,41.851 511,50 C511,58.147 511.035,59.17 511.181,62.369 C511.326,65.562 511.834,67.743 512.574,69.651 C513.342,71.625 514.368,73.296 516.035,74.965 C517.703,76.634 519.376,77.658 521.349,78.425 C523.257,79.167 525.438,79.673 528.631,79.82 C531.831,79.965 532.853,80.001 541,80.001 C549.148,80.001 550.169,79.965 553.369,79.82 C556.562,79.673 558.743,79.167 560.652,78.425 C562.623,77.658 564.297,76.634 565.965,74.965 C567.633,73.296 568.659,71.625 569.425,69.651 C570.167,67.743 570.674,65.562 570.82,62.369 C570.966,59.17 571,58.147 571,50 C571,41.851 570.966,40.831 570.82,37.631\"><\/path><\/g><\/g><\/g><\/svg><\/div><div style=\"padding-top: 8px;\"> <div style=\" color:#3897f0; font-family:Arial,sans-serif; font-size:14px; font-style:normal; font-weight:550; line-height:18px;\"> View this post on Instagram<\/div><\/div><div style=\"padding: 12.5% 0;\"><\/div> <div style=\"display: flex; flex-direction: row; margin-bottom: 14px; align-items: center;\"><div> <div style=\"background-color: #F4F4F4; border-radius: 50%; height: 12.5px; width: 12.5px; transform: translateX(0px) translateY(7px);\"><\/div> <div style=\"background-color: #F4F4F4; height: 12.5px; transform: rotate(-45deg) translateX(3px) translateY(1px); width: 12.5px; flex-grow: 0; margin-right: 14px; margin-left: 2px;\"><\/div> <div style=\"background-color: #F4F4F4; border-radius: 50%; height: 12.5px; width: 12.5px; transform: translateX(9px) translateY(-18px);\"><\/div><\/div><div style=\"margin-left: 8px;\"> <div style=\" background-color: #F4F4F4; border-radius: 50%; flex-grow: 0; height: 20px; width: 20px;\"><\/div> <div style=\" width: 0; height: 0; border-top: 2px solid transparent; border-left: 6px solid #f4f4f4; border-bottom: 2px solid transparent; transform: translateX(16px) translateY(-4px) rotate(30deg)\"><\/div><\/div><div style=\"margin-left: auto;\"> <div style=\" width: 0px; border-top: 8px solid #F4F4F4; border-right: 8px solid transparent; transform: translateY(16px);\"><\/div> <div style=\" background-color: #F4F4F4; flex-grow: 0; height: 12px; width: 16px; transform: translateY(-4px);\"><\/div> <div style=\" width: 0; height: 0; border-top: 8px solid #F4F4F4; border-left: 8px solid transparent; transform: translateY(-4px) translateX(8px);\"><\/div><\/div><\/div><\/a> <p style=\" margin:8px 0 0 0; padding:0 4px;\"> <a href=\"https:\/\/www.instagram.com\/p\/CFewR1Cqmnz\/?utm_source=ig_embed&amp;utm_campaign=loading\" style=\" color:#000; font-family:Arial,sans-serif; font-size:14px; font-style:normal; font-weight:normal; line-height:17px; text-decoration:none; word-wrap:break-word;\" target=\"_blank\">\u0130mamo\u011flu itfaiyecilerle<\/a><\/p> <p style=\" color:#c9c8cd; font-family:Arial,sans-serif; font-size:14px; line-height:17px; margin-bottom:0; margin-top:8px; overflow:hidden; padding:8px 0 7px; text-align:center; text-overflow:ellipsis; white-space:nowrap;\">A post shared by @<a href=\"https:\/\/www.instagram.com\/habertelgrafinsta\/?utm_source=ig_embed&amp;utm_campaign=loading\" style=\" color:#c9c8cd; font-family:Arial,sans-serif; font-size:14px; font-style:normal; font-weight:normal; line-height:17px;\" target=\"_blank\"> habertelgrafinsta<\/a> on <time style=\" font-family:Arial,sans-serif; font-size:14px; line-height:17px;\" datetime=\"2020-09-23T13:21:31+00:00\">Sep 23, 2020 at 6:21am PDT<\/time><\/p><\/div><\/blockquote><script async src=\"\/\/www.instagram.com\/embed.js\"><\/script>\n<\/div><\/figure>\n\n\n\n<p>\u0130stanbul B\u00fcy\u00fck\u015fehir Belediyesi (\u0130BB) \u0130tfaiye Te\u015fkilat\u0131, 306. kurulu\u015f y\u0131ld\u00f6n\u00fcm\u00fc etkinlikleri kapsam\u0131nda Ba\u015fkan Ekrem \u0130mamo\u011flu\u2019nu ziyaret etti. Florya\u2019daki Ba\u015fkanl\u0131k Konutu\u2019nda ger\u00e7ekle\u015ftirilen ziyarette; Genel Sekreter Yard\u0131mc\u0131s\u0131 Murat Yaz\u0131c\u0131, \u0130tfaiye Daire Ba\u015fkan\u0131 Remzi Albayrak ile kad\u0131n ve erkek personelin yer ald\u0131\u011f\u0131 bir grup \u00e7al\u0131\u015fan haz\u0131r bulundu. \u0130tfaiyenin \u00f6nc\u00fc bir meslek te\u015fkilat\u0131 oldu\u011funu belirten \u0130mamo\u011flu, \u201c\u0130nsan ya\u015fam\u0131, g\u00fcvenli\u011fi a\u00e7\u0131s\u0131ndan m\u00fchim bir g\u00f6rev \u00fcstlenen bir birim; can kurtaran, hayat kurtaran bir alan. Bu te\u015fkilat\u0131, daha iyi nereye ta\u015f\u0131yabiliriz? Neler yapabiliriz? Yeni nas\u0131l vizyonlar katabiliriz? Bunlar\u0131 d\u00fc\u015f\u00fcnmek laz\u0131m; ba\u015fta teknoloji olmak \u00fczere. Yeti\u015fen insan kayna\u011f\u0131n\u0131 ona g\u00f6re d\u00fczenlemek ko\u015fuluyla. \u00c7\u00fcnk\u00fc, ka\u00e7 nesildir bu hizmet veriliyor\u201d dedi.<\/p>\n\n\n\n<p>\u201cKEND\u0130N\u0130 YEN\u0130LEYEN B\u0130R MEKAN\u0130ZMA OLU\u015eTURMAK ZORUNDAYIZ\u201d<\/p>\n\n\n\n<p>\u0130tfaiye te\u015fkilat\u0131n\u0131n yeni d\u00f6nem ve s\u00fcre\u00e7ten beklentileri oldu\u011funu kaydeden \u0130mamo\u011flu, \u201cBina yap\u0131lar\u0131 de\u011fi\u015fiyor, sanayi yap\u0131lar\u0131 de\u011fi\u015fiyor. Orada kullan\u0131lan birtak\u0131m sistemler, y\u00f6ntemler de\u011fi\u015fiyor. B\u00fct\u00fcn bu yeniliklere kar\u015f\u0131n, itfaiyenin de buna haz\u0131rl\u0131kl\u0131 olmas\u0131 \u015fart. Bu bak\u0131mdan kendini yenileyen bir mekanizma olu\u015fturmak zorunday\u0131z. Buna hizmet etmenizi isteriz. G\u00f6revini yapan her arkada\u015f\u0131m\u0131z\u0131n can g\u00fcvenli\u011fi, ya\u015fam g\u00fcvenli\u011fi bizim i\u00e7in \u00f6nemli. Buna yat\u0131r\u0131m yapmak zorunday\u0131z. Allah g\u00f6stermesin ama ya\u015fad\u0131\u011f\u0131m\u0131z talihsiz olaylar da oluyor; \u015fehitlerimiz var. Mesleki anlamda onlar\u0131n bu boyutuyla yar\u0131n, \u00f6b\u00fcr g\u00fcn ya\u015fad\u0131\u011f\u0131m\u0131zda ya da ya\u015fananlarla ilgili kurumsal, en \u00fcst seviyede bir karar olu\u015fturma haz\u0131rl\u0131\u011f\u0131m\u0131z vard\u0131. Bunun sonu\u00e7lanmas\u0131n\u0131 istiyoruz. Herkes, kurumsal teminat alt\u0131nda olsun\u201d diye konu\u015ftu.<\/p>\n\n\n\n<p>\u201cH\u0130\u00c7B\u0130R EKS\u0130\u011e\u0130 KALMAMI\u015e B\u0130R \u0130TFA\u0130YE TE\u015eK\u0130LATI\u201d<\/p>\n\n\n\n<p>\u201cAllah korusun, hi\u00e7 kimsenin ba\u015f\u0131na bir \u015fey gelsin istemeyiz\u201d diyen \u0130mamo\u011flu, \u201cAma geldi\u011finde, bir ba\u015fkan\u0131n iki duda\u011f\u0131 aras\u0131nda ya da birinin bir iradesiyle de\u011fil, \u0130BB\u2019nin kurumsal tarifiyle olsun. \u0130tfaiyecilerimizin ba\u015f\u0131na bir \u015fey geldi\u011finde, onlar\u0131 koruyan mekanizmalar\u0131 var eden, kusursuz bir te\u015fkilatlanmay\u0131 biz sonu\u00e7land\u0131rabiliriz. Zaten belli \u00e7al\u0131\u015fmalar\u0131m\u0131z var. Ama \u00e7ok h\u0131zl\u0131 olmas\u0131n\u0131, eksi\u011fimiz varsa, tabiri caizse, 2021\u2019e bu anlamda hi\u00e7bir kusuru, hi\u00e7bir eksi\u011fi kalmam\u0131\u015f bir itfaiye te\u015fkilat\u0131n\u0131n olgunla\u015fmas\u0131n\u0131 istiyorum. Bu, benim talebim\u201d ifadalerini kulland\u0131.<\/p>\n\n\n\n<p>\u201cE\u015e\u0130TL\u0130K\u00c7\u0130 ANLAYI\u015eIMIZIN BU TE\u015eK\u0130LATA DA YANSISIN\u201d<\/p>\n\n\n\n<p>Yeni kadro yap\u0131lanmas\u0131nda kad\u0131n personel al\u0131m\u0131na a\u011f\u0131rl\u0131k vereceklerini vurgulayan \u0130mamo\u011flu, \u015funlar\u0131 s\u00f6yledi:<\/p>\n\n\n\n<p>\u201cKad\u0131n\u0131n da her g\u00f6revi yapabilecek, -elbette ki baz\u0131 istisnalar olabilir- yetenekte ve kabiliyette oldu\u011funu biliyoruz. \u0130yi biliyorsunuz ki; kad\u0131n asker de var, pilot da var. \u2018Ama itfaiyeci olmaz\u2019 diye bir \u015fey yok. Bu talep varsa toplumdan, -ki olaca\u011f\u0131na inan\u0131yorum- bu e\u015fitlik\u00e7i anlay\u0131\u015f\u0131m\u0131z\u0131n, bu te\u015fkilata da yans\u0131mas\u0131n\u0131 istiyoruz. Elbette birtak\u0131m fiziksel yat\u0131r\u0131mlar, ihtiya\u00e7lar gerekebilir te\u015fkilat\u0131m\u0131z\u0131n belli noktalar\u0131nda. Bu gerekeni de yapar\u0131z, yapaca\u011f\u0131z. Bunun gerisinde duramay\u0131z, gerisinde kalmay\u0131z. Bu ba\u011flamda at\u0131lan ad\u0131m da \u00f6nemli, de\u011ferli buluyorum. Belli bir kotada kad\u0131n itfaiyeci al\u0131m\u0131n\u0131 destekliyorum. Benim inanc\u0131m; her birime, her ortama oldu\u011fu gibi, oraya da ayr\u0131 bir seviye, ayr\u0131 bir kalite, ayr\u0131 bir kimlik kataca\u011f\u0131na da y\u00fcrekten inan\u0131yorum. Bunu da destekliyorum. Onun da alt\u0131n\u0131 \u00e7izeyim. Ama ger\u00e7ekten sizin \u00fcniforman\u0131z\u0131 g\u00f6rd\u00fc\u011f\u00fcmde, gurur duyuyorum. \u00c7ok kimlikli bir alana geldi\u011fimi hissediyorum. \u00c7ok disiplinli bir ortamda bulundu\u011fumu hissediyorum. Y\u00fczy\u0131llard\u0131r bu s\u00fcrece hizmet eden kim varsa, ge\u00e7mi\u015ften bug\u00fcne, hepsinden Allah raz\u0131 olsun. Hepsine minnet duyuyoruz. Te\u015fkilat\u0131n bir ad\u0131m daha ileri gitmesine katk\u0131 sunan herkese te\u015fekk\u00fcr ediyoruz. Umar\u0131m bizim d\u00f6nemimizde, \u00e7ok ba\u015far\u0131l\u0131 bir d\u00f6nemi ortaya koymu\u015f oluruz.\u201d<\/p>\n","protected":false},"excerpt":{"rendered":"<p>306. kurulu\u015f y\u0131ld\u00f6n\u00fcm\u00fcn\u00fc kutlayan \u0130BB \u0130tfaiyesi, Ba\u015fkan \u0130mamo\u011flu\u2019nu ziyaret etti. Yeni kadro yap\u0131lanmas\u0131nda kad\u0131n personel al\u0131m\u0131na a\u011f\u0131rl\u0131k vereceklerini vurgulayan \u0130mamo\u011flu, \u201cKad\u0131n\u0131n da her g\u00f6revi yapabilecek yetenekte ve kabiliyette oldu\u011funu biliyoruz. \u0130yi biliyorsunuz ki; kad\u0131n asker de var, pilot da var. \u2018Ama itfaiyeci olmaz\u2019 diye bir \u015fey yok. Bu e\u015fitlik\u00e7i anlay\u0131\u015f\u0131m\u0131z\u0131n, bu te\u015fkilata da yans\u0131mas\u0131n\u0131 istiyoruz\u201d &hellip;<\/p>\n","protected":false},"author":1,"featured_media":0,"comment_status":"open","ping_status":"open","sticky":false,"template":"","format":"standard","meta":[],"categories":[5],"tags":[],"_links":{"self":[{"href":"http:\/\/www.habertelgraf.com\/index.php?rest_route=\/wp\/v2\/posts\/262"}],"collection":[{"href":"http:\/\/www.habertelgraf.com\/index.php?rest_route=\/wp\/v2\/posts"}],"about":[{"href":"http:\/\/www.habertelgraf.com\/index.php?rest_route=\/wp\/v2\/types\/post"}],"author":[{"embeddable":true,"href":"http:\/\/www.habertelgraf.com\/index.php?rest_route=\/wp\/v2\/users\/1"}],"replies":[{"embeddable":true,"href":"http:\/\/www.habertelgraf.com\/index.php?rest_route=%2Fwp%2Fv2%2Fcomments&post=262"}],"version-history":[{"count":1,"href":"http:\/\/www.habertelgraf.com\/index.php?rest_route=\/wp\/v2\/posts\/262\/revisions"}],"predecessor-version":[{"id":263,"href":"http:\/\/www.habertelgraf.com\/index.php?rest_route=\/wp\/v2\/posts\/262\/revisions\/263"}],"wp:attachment":[{"href":"http:\/\/www.habertelgraf.com\/index.php?rest_route=%2Fwp%2Fv2%2Fmedia&parent=262"}],"wp:term":[{"taxonomy":"category","embeddable":true,"href":"http:\/\/www.habertelgraf.com\/index.php?rest_route=%2Fwp%2Fv2%2Fcategories&post=262"},{"taxonomy":"post_tag","embeddable":true,"href":"http:\/\/www.habertelgraf.com\/index.php?rest_route=%2Fwp%2Fv2%2Ftags&post=262"}],"curies":[{"name":"wp","href":"https:\/\/api.w.org\/{rel}","templated":true}]}}