{"id":264,"date":"2020-09-23T16:37:08","date_gmt":"2020-09-23T13:37:08","guid":{"rendered":"http:\/\/www.habertelgraf.com\/?p=264"},"modified":"2020-09-23T16:37:09","modified_gmt":"2020-09-23T13:37:09","slug":"futbol-dunyasindan-hap-gibi-haberler","status":"publish","type":"post","link":"http:\/\/www.habertelgraf.com\/?p=264","title":{"rendered":"Futbol d\u00fcnyas\u0131ndan hap gibi haberler"},"content":{"rendered":"\n<p>Be\u015fikta\u015f Yard\u0131mc\u0131 Antren\u00f6r\u00fc Murat \u015eahin ve futbolcu Bernard Mensah, UEFA Avrupa Ligi 3. Eleme Turu&#8217;nda per\u015fembe g\u00fcn\u00fc Portekiz temsilcisi Rio Ave ile yapacaklar\u0131 ma\u00e7 \u00f6ncesi BJK Nevzat Demir Tesisleri&#8217;nde bas\u0131n toplant\u0131s\u0131 d\u00fczenledi.<\/p>\n\n\n\n<p>&#8220;Ma\u00e7a atanan Ali Palab\u0131y\u0131k \u00e7ok tart\u0131\u015f\u0131l\u0131yor, sizin g\u00f6r\u00fc\u015f\u00fcn\u00fcz nedir?&#8221; sorusuna yan\u0131t veren Abdurrahim Albayrak&nbsp; &#8220;Ma\u00e7tan \u00f6nce hakem polemi\u011fine girmek istemiyorum. Derbi \u00f6ncesi hemen hakemleri masaya yat\u0131rman\u0131n bir anlam\u0131 yok. Art\u0131k T\u00fcrk futbolu i\u00e7in beyaz sayfa a\u00e7ma zaman\u0131 geldi. Hakem polemi\u011fine girmek istemiyorum&#8221; dedi.<\/p>\n\n\n\n<p>S\u00fcper Lig&#8217;de 3&#8217;\u00fcnc\u00fc hafta ma\u00e7\u0131nda pazartesi g\u00fcn\u00fc deplasmanda Fraport Tav Antalyaspor&#8217;la kar\u015f\u0131 kar\u015f\u0131ya gelecek Yukatel Denizlispor, Galatasarayl\u0131 Jimmy Durmaz transferinde sona yakla\u015ft\u0131.<\/p>\n\n\n\n<p>Serdar Aziz&#8217;in menajeri, Fenerbah\u00e7e&#8217;den \u015fu ana kadar kendilerine hi\u00e7bir bilgilendirme gelmedi\u011fini vurgulayarak, &#8220;Fenerbah\u00e7e kul\u00fcb\u00fcnden bize hi\u00e7bir bilgi gelmedi; dolay\u0131s\u0131yla Serdar Aziz i\u00e7in \u00e7\u0131kan haberlerin bizim i\u00e7in bir anlam\u0131 yok. Serdar Aziz \u00e7ok iyi bir profesyoneldir ve hem sportif hem de psikolojik olarak her zaman \u00e7ok dayan\u0131kl\u0131d\u0131r; bu \u00e7\u0131kan haberlerden asla etkilenmez&#8221; dedi.<\/p>\n\n\n\n<p>S\u00fcper Lig&#8217;in 3&#8217;\u00fcnc\u00fc haftas\u0131nda oynanacak Galatasaray-Fenerbah\u00e7e derbisinde Ali Palab\u0131y\u0131k d\u00fcd\u00fck \u00e7alacak.<\/p>\n\n\n\n<p>Samatta&#8217;n\u0131m Aston Villa&#8217;dan ayr\u0131lmak istemedi\u011fi iddialar\u0131n\u0131n ger\u00e7ek olmad\u0131\u011f\u0131n\u0131 ifade eden Mzee Samatta, &#8220;O\u011flum ile konu\u015fuyorum ve bana Fenerbah\u00e7e&#8217;den, Be\u015fikta\u015f&#8217;tan, Galatasaray&#8217;dan hatta West Bromwich Albion&#8217;dan teklif almad\u0131\u011f\u0131n\u0131 s\u00f6yledi. Hi\u00e7bir tak\u0131m, o\u011flumla konu\u015fmad\u0131 ve hatta Aston Villa ile bu konuda bir ileti\u015fime ge\u00e7ilmedi&#8221; dedi.<\/p>\n\n\n\n<p>UEFA, 2019-2020 sezonunda &#8220;Avrupa&#8217;da Y\u0131l\u0131n Futbolcusu&#8221; \u00f6d\u00fcl\u00fc i\u00e7in Kevin De Bruyne, Robert Lewandowski ve Manuel Neuer&#8217;in aday g\u00f6sterildi\u011fini duyurdu.<\/p>\n\n\n\n<p>Santrafor transferi i\u00e7in \u00e7al\u0131\u015fmalar\u0131n\u0131 s\u00fcrd\u00fcren Be\u015fikta\u015f, eski golc\u00fcs\u00fc Aboubakar&#8217;\u0131 yeniden kadrosuna katmak \u00fczere.<\/p>\n","protected":false},"excerpt":{"rendered":"<p>Be\u015fikta\u015f Yard\u0131mc\u0131 Antren\u00f6r\u00fc Murat \u015eahin ve futbolcu Bernard Mensah, UEFA Avrupa Ligi 3. Eleme Turu&#8217;nda per\u015fembe g\u00fcn\u00fc Portekiz temsilcisi Rio Ave ile yapacaklar\u0131 ma\u00e7 \u00f6ncesi BJK Nevzat Demir Tesisleri&#8217;nde bas\u0131n toplant\u0131s\u0131 d\u00fczenledi. &#8220;Ma\u00e7a atanan Ali Palab\u0131y\u0131k \u00e7ok tart\u0131\u015f\u0131l\u0131yor, sizin g\u00f6r\u00fc\u015f\u00fcn\u00fcz nedir?&#8221; sorusuna yan\u0131t veren Abdurrahim Albayrak&nbsp; &#8220;Ma\u00e7tan \u00f6nce hakem polemi\u011fine girmek istemiyorum. Derbi \u00f6ncesi hemen &hellip;<\/p>\n","protected":false},"author":1,"featured_media":0,"comment_status":"open","ping_status":"open","sticky":false,"template":"","format":"standard","meta":[],"categories":[4],"tags":[],"_links":{"self":[{"href":"http:\/\/www.habertelgraf.com\/index.php?rest_route=\/wp\/v2\/posts\/264"}],"collection":[{"href":"http:\/\/www.habertelgraf.com\/index.php?rest_route=\/wp\/v2\/posts"}],"about":[{"href":"http:\/\/www.habertelgraf.com\/index.php?rest_route=\/wp\/v2\/types\/post"}],"author":[{"embeddable":true,"href":"http:\/\/www.habertelgraf.com\/index.php?rest_route=\/wp\/v2\/users\/1"}],"replies":[{"embeddable":true,"href":"http:\/\/www.habertelgraf.com\/index.php?rest_route=%2Fwp%2Fv2%2Fcomments&post=264"}],"version-history":[{"count":1,"href":"http:\/\/www.habertelgraf.com\/index.php?rest_route=\/wp\/v2\/posts\/264\/revisions"}],"predecessor-version":[{"id":265,"href":"http:\/\/www.habertelgraf.com\/index.php?rest_route=\/wp\/v2\/posts\/264\/revisions\/265"}],"wp:attachment":[{"href":"http:\/\/www.habertelgraf.com\/index.php?rest_route=%2Fwp%2Fv2%2Fmedia&parent=264"}],"wp:term":[{"taxonomy":"category","embeddable":true,"href":"http:\/\/www.habertelgraf.com\/index.php?rest_route=%2Fwp%2Fv2%2Fcategories&post=264"},{"taxonomy":"post_tag","embeddable":true,"href":"http:\/\/www.habertelgraf.com\/index.php?rest_route=%2Fwp%2Fv2%2Ftags&post=264"}],"curies":[{"name":"wp","href":"https:\/\/api.w.org\/{rel}","templated":true}]}}