{"id":266,"date":"2020-09-23T16:46:10","date_gmt":"2020-09-23T13:46:10","guid":{"rendered":"http:\/\/www.habertelgraf.com\/?p=266"},"modified":"2020-09-23T16:46:12","modified_gmt":"2020-09-23T13:46:12","slug":"gercekten-ersin-duzenin-o-parayi-aldigina-inanan-oldu-mu","status":"publish","type":"post","link":"http:\/\/www.habertelgraf.com\/?p=266","title":{"rendered":"Ger\u00e7ekten Ersin D\u00fczen&#8217;in o paray\u0131 ald\u0131\u011f\u0131na inanan oldu mu?"},"content":{"rendered":"\n<p>TRT, Ersin D\u00fczen&#8217;in maa\u015f\u0131n\u0131 a\u00e7\u0131klad\u0131<\/p>\n\n\n\n<p>TRT&#8217;den ayl\u0131k 400 bin lira ald\u0131\u011f\u0131 iddia edilen spor spikeri Ersin D\u00fczen ile ilgili TRT&#8217;den resmi a\u00e7\u0131klama geldi.<\/p>\n\n\n\n<p>Kurumdan yap\u0131lan resmi a\u00e7\u0131klamada Ersin D\u00fczen&#8217;e yeni yay\u0131n d\u00f6neminde yap\u0131lan %10 art\u0131\u015fla ayl\u0131k 27.500 TL \u00f6dendi\u011fi bilgisi verildi.<\/p>\n\n\n\n<p>Duyuruda 10 y\u0131ld\u0131r Stadyum program\u0131n\u0131n moderat\u00f6rl\u00fc\u011f\u00fcn\u00fc yapan D\u00fczen&#8217;e bu \u00fccret d\u0131\u015f\u0131nda ba\u015fka bir \u00f6deme yap\u0131lmad\u0131\u011f\u0131 aktar\u0131ld\u0131.<\/p>\n\n\n\n<p>\u0130\u015fte TRT\u2019nin a\u00e7\u0131klamas\u0131:<\/p>\n\n\n\n<p>\u201cErsin D\u00fczen\u2019in maa\u015f\u0131yla ilgili a\u00e7\u0131klamam\u0131z<\/p>\n\n\n\n<p>Kurumumuzda hizmet al\u0131m\u0131 y\u00f6ntemiyle \u00e7al\u0131\u015fan Spor Spikeri Ersin D\u00fczen\u2019in maa\u015f\u0131na ili\u015fkin ger\u00e7ekle ilgisi olmayan rakamlar\u0131n ortaya at\u0131lmas\u0131 ve bu iddialar\u0131n yay\u0131lmas\u0131 \u00fczerine bu a\u00e7\u0131klaman\u0131n yap\u0131lmas\u0131 gere\u011fi do\u011fmu\u015ftur.<\/p>\n\n\n\n<p>Haftada 4 g\u00fcn taze i\u00e7erikle yay\u0131nlanan ve T\u00fcrkiye\u2019nin en \u00e7ok izlenen spor program\u0131 olan \u201cStadyum\u201dun 10 y\u0131ld\u0131r moderat\u00f6rl\u00fc\u011f\u00fcn\u00fcn yan\u0131 s\u0131ra \u00f6zel r\u00f6portajlar ve ma\u00e7 anlat\u0131mlar\u0131 da yapan Ersin D\u00fczen\u2019e yeni yay\u0131n d\u00f6neminde yap\u0131lan y\u00fczde 10 art\u0131\u015fla ayl\u0131k 27 bin 500 TL hizmet bedeli \u00f6denmektedir.<\/p>\n\n\n\n<p>Ersin D\u00fczen\u2019e belirtilen bu \u00fccretin d\u0131\u015f\u0131nda ba\u015fka bir \u00f6deme yap\u0131lmamaktad\u0131r.<\/p>\n\n\n\n<p>Kurumumuz, kamu kaynaklar\u0131n\u0131 etkin ve verimli kullanma konusunda b\u00fcy\u00fck bir sorumlulukla hareket etmektedir.<\/p>\n\n\n\n<p>\u0130ddia edilen rakamlar ak\u0131l ve mant\u0131k d\u0131\u015f\u0131d\u0131r. Haks\u0131z ve yanl\u0131\u015f bilgilerden hareketle ortaya at\u0131lan iddialar t\u00fcm TRT \u00e7al\u0131\u015fanlar\u0131n\u0131 derinden \u00fczmektedir.<\/p>\n\n\n\n<p>Kamuoyuna sayg\u0131 ile duyururuz.\u201d<\/p>\n","protected":false},"excerpt":{"rendered":"<p>TRT, Ersin D\u00fczen&#8217;in maa\u015f\u0131n\u0131 a\u00e7\u0131klad\u0131 TRT&#8217;den ayl\u0131k 400 bin lira ald\u0131\u011f\u0131 iddia edilen spor spikeri Ersin D\u00fczen ile ilgili TRT&#8217;den resmi a\u00e7\u0131klama geldi. Kurumdan yap\u0131lan resmi a\u00e7\u0131klamada Ersin D\u00fczen&#8217;e yeni yay\u0131n d\u00f6neminde yap\u0131lan %10 art\u0131\u015fla ayl\u0131k 27.500 TL \u00f6dendi\u011fi bilgisi verildi. Duyuruda 10 y\u0131ld\u0131r Stadyum program\u0131n\u0131n moderat\u00f6rl\u00fc\u011f\u00fcn\u00fc yapan D\u00fczen&#8217;e bu \u00fccret d\u0131\u015f\u0131nda ba\u015fka bir \u00f6deme &hellip;<\/p>\n","protected":false},"author":1,"featured_media":0,"comment_status":"open","ping_status":"open","sticky":false,"template":"","format":"standard","meta":[],"categories":[4],"tags":[],"_links":{"self":[{"href":"http:\/\/www.habertelgraf.com\/index.php?rest_route=\/wp\/v2\/posts\/266"}],"collection":[{"href":"http:\/\/www.habertelgraf.com\/index.php?rest_route=\/wp\/v2\/posts"}],"about":[{"href":"http:\/\/www.habertelgraf.com\/index.php?rest_route=\/wp\/v2\/types\/post"}],"author":[{"embeddable":true,"href":"http:\/\/www.habertelgraf.com\/index.php?rest_route=\/wp\/v2\/users\/1"}],"replies":[{"embeddable":true,"href":"http:\/\/www.habertelgraf.com\/index.php?rest_route=%2Fwp%2Fv2%2Fcomments&post=266"}],"version-history":[{"count":1,"href":"http:\/\/www.habertelgraf.com\/index.php?rest_route=\/wp\/v2\/posts\/266\/revisions"}],"predecessor-version":[{"id":267,"href":"http:\/\/www.habertelgraf.com\/index.php?rest_route=\/wp\/v2\/posts\/266\/revisions\/267"}],"wp:attachment":[{"href":"http:\/\/www.habertelgraf.com\/index.php?rest_route=%2Fwp%2Fv2%2Fmedia&parent=266"}],"wp:term":[{"taxonomy":"category","embeddable":true,"href":"http:\/\/www.habertelgraf.com\/index.php?rest_route=%2Fwp%2Fv2%2Fcategories&post=266"},{"taxonomy":"post_tag","embeddable":true,"href":"http:\/\/www.habertelgraf.com\/index.php?rest_route=%2Fwp%2Fv2%2Ftags&post=266"}],"curies":[{"name":"wp","href":"https:\/\/api.w.org\/{rel}","templated":true}]}}