{"id":275,"date":"2020-09-26T23:42:00","date_gmt":"2020-09-26T20:42:00","guid":{"rendered":"http:\/\/www.habertelgraf.com\/?p=275"},"modified":"2020-09-26T23:42:02","modified_gmt":"2020-09-26T20:42:02","slug":"israil-her-veriyi-degerlendiriyor","status":"publish","type":"post","link":"http:\/\/www.habertelgraf.com\/?p=275","title":{"rendered":"\u0130srail her veriyi de\u011ferlendiriyor"},"content":{"rendered":"\n<p>\u0130srail belli aral\u0131klarla kamuoyu ara\u015ft\u0131rmalar\u0131 yapar. bu ara\u015ft\u0131rmalar\u0131n \u0131\u015f\u0131\u011f\u0131nda yeni ad\u0131mlar atar.<\/p>\n\n\n\n<p>i\u015fte o ara\u015ft\u0131rmalardan biri&#8230;<\/p>\n\n\n\n<p>\u0130srail Ulusal \u0130statistik Kurumu\u2019nun Yahudi yeni y\u0131l\u0131 olan Ro\u015f A\u015fana 5781 arefesinde a\u00e7\u0131klad\u0131\u011f\u0131 verilere g\u00f6re \u0130\u015fgal alt\u0131ndaki Filistin&#8217;de<\/p>\n\n\n\n<p>Yahudi n\u00fcfusu: 6,841 milyon<\/p>\n\n\n\n<p>Araplar\u0131n n\u00fcfusu: 1,946 milyon<\/p>\n\n\n\n<p>\u00dclkede n\u00fcfus art\u0131\u015f\u0131: 150 bin<\/p>\n\n\n\n<p>Y\u0131ll\u0131k n\u00fcfus art\u0131\u015f oran\u0131: % 1,6<\/p>\n\n\n\n<p>Son bir y\u0131lda do\u011fan bebek say\u0131s\u0131: 170 bin<\/p>\n\n\n\n<p>Vefat eden say\u0131s\u0131: 44 bin<\/p>\n\n\n\n<p>G\u00f6\u00e7menlerin oran\u0131: 20 bini yeni olmak \u00fczere 25 bin<\/p>\n\n\n\n<p>20 ya\u015f ve \u00fcst\u00fc<br>Yahudilerden laik olanlar\u0131n oran\u0131: % 43,1<\/p>\n\n\n\n<p>Biraz Geleneksellerin oran\u0131: % 22<\/p>\n\n\n\n<p>Dine ve geleneklere ba\u011fl\u0131 olanlar\u0131n oran\u0131: % 12,8<\/p>\n\n\n\n<p>Dindar olanlar\u0131n oran\u0131: % 11,3<\/p>\n\n\n\n<p>Ultra Ortodokslar\u0131n oran\u0131: % 10<\/p>\n\n\n\n<p>Hayatlar\u0131ndan memnun olan \u0130srail vatanda\u015flar\u0131n\u0131n oran\u0131: % 88,8<\/p>\n\n\n\n<p>Yahudilerden memnun olanlar\u0131n oran\u0131: % 92<\/p>\n\n\n\n<p>Araplardan memnun olanlar\u0131n oran\u0131: % 76,5<\/p>\n\n\n\n<p>Ekonomik durumlar\u0131ndan memnun olmayanlar\u0131n oran\u0131: 2,1 milyon (N\u00fcfusun % 36,9\u2019unu te\u015fkil etmekte)<\/p>\n\n\n\n<p>Ge\u00e7ti\u011fimiz y\u0131l i\u00e7inde 20 ya\u015f ve \u00fczeri ikamet edenlerden en az be\u015f y\u0131l s\u00fcreyle yurt d\u0131\u015f\u0131na ta\u015f\u0131nmay\u0131 d\u00fc\u015f\u00fcnenlerin oran\u0131: % 13,4<\/p>\n","protected":false},"excerpt":{"rendered":"<p>\u0130srail belli aral\u0131klarla kamuoyu ara\u015ft\u0131rmalar\u0131 yapar. bu ara\u015ft\u0131rmalar\u0131n \u0131\u015f\u0131\u011f\u0131nda yeni ad\u0131mlar atar. i\u015fte o ara\u015ft\u0131rmalardan biri&#8230; \u0130srail Ulusal \u0130statistik Kurumu\u2019nun Yahudi yeni y\u0131l\u0131 olan Ro\u015f A\u015fana 5781 arefesinde a\u00e7\u0131klad\u0131\u011f\u0131 verilere g\u00f6re \u0130\u015fgal alt\u0131ndaki Filistin&#8217;de Yahudi n\u00fcfusu: 6,841 milyon Araplar\u0131n n\u00fcfusu: 1,946 milyon \u00dclkede n\u00fcfus art\u0131\u015f\u0131: 150 bin Y\u0131ll\u0131k n\u00fcfus art\u0131\u015f oran\u0131: % 1,6 Son bir &hellip;<\/p>\n","protected":false},"author":1,"featured_media":0,"comment_status":"open","ping_status":"open","sticky":false,"template":"","format":"standard","meta":[],"categories":[5],"tags":[],"_links":{"self":[{"href":"http:\/\/www.habertelgraf.com\/index.php?rest_route=\/wp\/v2\/posts\/275"}],"collection":[{"href":"http:\/\/www.habertelgraf.com\/index.php?rest_route=\/wp\/v2\/posts"}],"about":[{"href":"http:\/\/www.habertelgraf.com\/index.php?rest_route=\/wp\/v2\/types\/post"}],"author":[{"embeddable":true,"href":"http:\/\/www.habertelgraf.com\/index.php?rest_route=\/wp\/v2\/users\/1"}],"replies":[{"embeddable":true,"href":"http:\/\/www.habertelgraf.com\/index.php?rest_route=%2Fwp%2Fv2%2Fcomments&post=275"}],"version-history":[{"count":2,"href":"http:\/\/www.habertelgraf.com\/index.php?rest_route=\/wp\/v2\/posts\/275\/revisions"}],"predecessor-version":[{"id":585,"href":"http:\/\/www.habertelgraf.com\/index.php?rest_route=\/wp\/v2\/posts\/275\/revisions\/585"}],"wp:attachment":[{"href":"http:\/\/www.habertelgraf.com\/index.php?rest_route=%2Fwp%2Fv2%2Fmedia&parent=275"}],"wp:term":[{"taxonomy":"category","embeddable":true,"href":"http:\/\/www.habertelgraf.com\/index.php?rest_route=%2Fwp%2Fv2%2Fcategories&post=275"},{"taxonomy":"post_tag","embeddable":true,"href":"http:\/\/www.habertelgraf.com\/index.php?rest_route=%2Fwp%2Fv2%2Ftags&post=275"}],"curies":[{"name":"wp","href":"https:\/\/api.w.org\/{rel}","templated":true}]}}