{"id":277,"date":"2020-09-26T23:45:30","date_gmt":"2020-09-26T20:45:30","guid":{"rendered":"http:\/\/www.habertelgraf.com\/?p=277"},"modified":"2020-09-27T00:18:21","modified_gmt":"2020-09-26T21:18:21","slug":"cumhurbaskani-erdogandan-ekonomi-paylasimi","status":"publish","type":"post","link":"http:\/\/www.habertelgraf.com\/?p=277","title":{"rendered":"Cumhurba\u015fkan\u0131 Erdo\u011fan&#8217;dan Ekonomi payla\u015f\u0131m\u0131"},"content":{"rendered":"\n<p>Cumhurba\u015fkan\u0131 Erdo\u011fan twitter hesab\u0131ndan bir payla\u015f\u0131m yapt\u0131<\/p>\n\n\n\n<p><\/p>\n\n\n\n<figure class=\"wp-block-embed-twitter wp-block-embed is-type-rich is-provider-twitter\"><div class=\"wp-block-embed__wrapper\">\n<blockquote class=\"twitter-tweet\" data-width=\"550\" data-dnt=\"true\"><p lang=\"tr\" dir=\"ltr\">T\u00fcrkiye, kamu taraf\u0131 ve \u00f6zel sekt\u00f6r\u00fcyle ne kadar g\u00fc\u00e7l\u00fc olursa, sosyal dokusu ve ekonomisiyle ne kadar sa\u011flam olursa, gelece\u011fine de o derece g\u00fcvenle bakacakt\u0131r. <a href=\"https:\/\/t.co\/zfnUxH68ve\">pic.twitter.com\/zfnUxH68ve<\/a><\/p>&mdash; Recep Tayyip Erdo\u011fan (@RTErdogan) <a href=\"https:\/\/twitter.com\/RTErdogan\/status\/1309930743955685376?ref_src=twsrc%5Etfw\">September 26, 2020<\/a><\/blockquote><script async src=\"https:\/\/platform.twitter.com\/widgets.js\" charset=\"utf-8\"><\/script>\n<\/div><\/figure>\n","protected":false},"excerpt":{"rendered":"<p>Cumhurba\u015fkan\u0131 Erdo\u011fan twitter hesab\u0131ndan bir payla\u015f\u0131m yapt\u0131<\/p>\n","protected":false},"author":1,"featured_media":61,"comment_status":"open","ping_status":"open","sticky":false,"template":"","format":"standard","meta":[],"categories":[3],"tags":[],"_links":{"self":[{"href":"http:\/\/www.habertelgraf.com\/index.php?rest_route=\/wp\/v2\/posts\/277"}],"collection":[{"href":"http:\/\/www.habertelgraf.com\/index.php?rest_route=\/wp\/v2\/posts"}],"about":[{"href":"http:\/\/www.habertelgraf.com\/index.php?rest_route=\/wp\/v2\/types\/post"}],"author":[{"embeddable":true,"href":"http:\/\/www.habertelgraf.com\/index.php?rest_route=\/wp\/v2\/users\/1"}],"replies":[{"embeddable":true,"href":"http:\/\/www.habertelgraf.com\/index.php?rest_route=%2Fwp%2Fv2%2Fcomments&post=277"}],"version-history":[{"count":1,"href":"http:\/\/www.habertelgraf.com\/index.php?rest_route=\/wp\/v2\/posts\/277\/revisions"}],"predecessor-version":[{"id":278,"href":"http:\/\/www.habertelgraf.com\/index.php?rest_route=\/wp\/v2\/posts\/277\/revisions\/278"}],"wp:featuredmedia":[{"embeddable":true,"href":"http:\/\/www.habertelgraf.com\/index.php?rest_route=\/wp\/v2\/media\/61"}],"wp:attachment":[{"href":"http:\/\/www.habertelgraf.com\/index.php?rest_route=%2Fwp%2Fv2%2Fmedia&parent=277"}],"wp:term":[{"taxonomy":"category","embeddable":true,"href":"http:\/\/www.habertelgraf.com\/index.php?rest_route=%2Fwp%2Fv2%2Fcategories&post=277"},{"taxonomy":"post_tag","embeddable":true,"href":"http:\/\/www.habertelgraf.com\/index.php?rest_route=%2Fwp%2Fv2%2Ftags&post=277"}],"curies":[{"name":"wp","href":"https:\/\/api.w.org\/{rel}","templated":true}]}}