{"id":28,"date":"2020-09-07T19:41:55","date_gmt":"2020-09-07T19:41:55","guid":{"rendered":"http:\/\/www.habertelgraf.com\/?p=28"},"modified":"2020-09-08T17:54:31","modified_gmt":"2020-09-08T14:54:31","slug":"yeni-mujde-daha-da-yakinlasti","status":"publish","type":"post","link":"http:\/\/www.habertelgraf.com\/?p=28","title":{"rendered":"Yeni m\u00fcjde daha da yak\u0131nla\u015ft\u0131"},"content":{"rendered":"\n<p><strong>Cumhurba\u015fkan\u0131 Erdogan:<\/strong><\/p>\n\n\n\n<p>Karadeniz&#8217;de ke\u015ffedilen gazla ilgili \u015funu s\u00f6yledi<\/p>\n\n\n\n<p>&#8220;Sakarya do\u011falgaz rezervi 1.9 milyar varil e\u015f de\u011feri olan petrol kar\u015f\u0131l\u0131\u011f\u0131 ile d\u00fcnyada bu y\u0131l ke\u015ffedilen ikinci en b\u00fcy\u00fck kaynakt\u0131r.<\/p>\n\n\n\n<p>Karadeniz ve Akdeniz&#8217;de yeni m\u00fcjdelerle bu sevincimizi daha da art\u0131raca\u011f\u0131z.\u201d<\/p>\n\n\n\n<figure class=\"wp-block-embed-youtube wp-block-embed is-type-video is-provider-youtube wp-embed-aspect-16-9 wp-has-aspect-ratio\"><div class=\"wp-block-embed__wrapper\">\n<iframe loading=\"lazy\" title=\"Erdo\u011fan dan do\u011falgaz a\u00e7\u0131klamas\u0131\" width=\"960\" height=\"540\" src=\"https:\/\/www.youtube.com\/embed\/NLPGIFNsjbk?feature=oembed\" frameborder=\"0\" allow=\"accelerometer; autoplay; encrypted-media; gyroscope; picture-in-picture\" allowfullscreen><\/iframe>\n<\/div><\/figure>\n","protected":false},"excerpt":{"rendered":"<p>Cumhurba\u015fkan\u0131 Erdogan: Karadeniz&#8217;de ke\u015ffedilen gazla ilgili \u015funu s\u00f6yledi &#8220;Sakarya do\u011falgaz rezervi 1.9 milyar varil e\u015f de\u011feri olan petrol kar\u015f\u0131l\u0131\u011f\u0131 ile d\u00fcnyada bu y\u0131l ke\u015ffedilen ikinci en b\u00fcy\u00fck kaynakt\u0131r. Karadeniz ve Akdeniz&#8217;de yeni m\u00fcjdelerle bu sevincimizi daha da art\u0131raca\u011f\u0131z.\u201d<\/p>\n","protected":false},"author":1,"featured_media":0,"comment_status":"open","ping_status":"open","sticky":false,"template":"","format":"standard","meta":[],"categories":[3],"tags":[],"_links":{"self":[{"href":"http:\/\/www.habertelgraf.com\/index.php?rest_route=\/wp\/v2\/posts\/28"}],"collection":[{"href":"http:\/\/www.habertelgraf.com\/index.php?rest_route=\/wp\/v2\/posts"}],"about":[{"href":"http:\/\/www.habertelgraf.com\/index.php?rest_route=\/wp\/v2\/types\/post"}],"author":[{"embeddable":true,"href":"http:\/\/www.habertelgraf.com\/index.php?rest_route=\/wp\/v2\/users\/1"}],"replies":[{"embeddable":true,"href":"http:\/\/www.habertelgraf.com\/index.php?rest_route=%2Fwp%2Fv2%2Fcomments&post=28"}],"version-history":[{"count":2,"href":"http:\/\/www.habertelgraf.com\/index.php?rest_route=\/wp\/v2\/posts\/28\/revisions"}],"predecessor-version":[{"id":30,"href":"http:\/\/www.habertelgraf.com\/index.php?rest_route=\/wp\/v2\/posts\/28\/revisions\/30"}],"wp:attachment":[{"href":"http:\/\/www.habertelgraf.com\/index.php?rest_route=%2Fwp%2Fv2%2Fmedia&parent=28"}],"wp:term":[{"taxonomy":"category","embeddable":true,"href":"http:\/\/www.habertelgraf.com\/index.php?rest_route=%2Fwp%2Fv2%2Fcategories&post=28"},{"taxonomy":"post_tag","embeddable":true,"href":"http:\/\/www.habertelgraf.com\/index.php?rest_route=%2Fwp%2Fv2%2Ftags&post=28"}],"curies":[{"name":"wp","href":"https:\/\/api.w.org\/{rel}","templated":true}]}}