{"id":282,"date":"2020-09-27T00:14:24","date_gmt":"2020-09-26T21:14:24","guid":{"rendered":"http:\/\/www.habertelgraf.com\/?p=282"},"modified":"2020-09-27T00:14:26","modified_gmt":"2020-09-26T21:14:26","slug":"gonen-sivrisinek-sorununu-nasil-cozecek","status":"publish","type":"post","link":"http:\/\/www.habertelgraf.com\/?p=282","title":{"rendered":"G\u00f6nen sivrisinek sorununu nas\u0131l \u00e7\u00f6zecek?"},"content":{"rendered":"\n<p>Bal\u0131kesir in G\u00f6nen il\u00e7esi pirin\u00e7 tarlalar\u0131 ve tar\u0131mla me\u015fhur.<\/p>\n\n\n\n<p>Ancak yap\u0131lan yanl\u0131\u015f uygulamalar \u00e7eltik tarlalar\u0131n\u0131n sivrisineklerin \u00e7o\u011falmas\u0131na zemin sa\u011fl\u0131yor.<\/p>\n\n\n\n<p>\u015eimdiye kadar  bu konuda y\u00f6neticilerin ve baz\u0131 \u00e7ift\u00e7ilerin vurdumduymaz tav\u0131rlar\u0131 sivrisineklerin G\u00f6nen&#8217;de sorun olmas\u0131na neden oldu.<\/p>\n\n\n\n<p>Yerel yay\u0131n yapan Bal\u0131kesir Postam adl\u0131 internet sitesinde de \u015fu ifadeler yerald\u0131.<\/p>\n\n\n\n<p>&#8220;B\u00fcy\u00fck\u015fehir Belediyesi 15 milyon TL harcad\u0131\u011f\u0131 sinekle m\u00fccadelede s\u0131n\u0131fta kald\u0131. Bal\u0131kesirliler evlerinde pencere a\u00e7am\u0131yor, balkonda oturam\u0131yor.\u00a0 \u0130\u015f b\u00f6yle olunca da sar\u0131l\u0131yor sosyal medyaya.\u00a0 Ba\u015fl\u0131yor sinekle yap\u0131lan m\u00fccadelenin bir i\u015fe yaramad\u0131\u011f\u0131ndan, evinde sinek kovucu ila\u00e7lar kulland\u0131\u011f\u0131na, \u0130la\u00e7lama ara\u00e7lar\u0131n\u0131n d\u00fczg\u00fcn ila\u00e7lama yapmad\u0131\u011f\u0131na kadar her \u015feyi sosyal medyada payla\u015f\u0131yor.<\/p>\n\n\n\n<p>\u0130\u015fte vatanda\u015f\u0131n sosyal medyadan isyan\u0131; \u201calooo karesi belediyesi y\u00f6neticileri uyuyormusunuz yahu siz karesinin neresinde ya\u015f\u0131yorsunuz yoksa karesiden se\u00e7ildinizde ba\u015fka yerlerdemi ikamet ediyorsunuz her taraf\u0131 sivrisinekler sard\u0131 sizi \u0131s\u0131rm\u0131yorlarm\u0131 vijdaniye mahallesinde ne balkona \u00e7\u0131kabiliyoruz ne i\u00e7erde oturabiliyoruz t\u00fcketti\u011fimiz \u015feltox lar\u0131n say\u0131s\u0131n\u0131 unuttuk d\u00fcn \u00e7eltik diyar\u0131 g\u00f6nen ve band\u0131rmadayd\u0131m orda bile bu kadar sivrisinek g\u00f6rmedim i\u015fim gere\u011fi il\u00e7elerimizin hemen hepsine gidiyorum hi\u00e7 birinde bu kadar sinek g\u00f6rmedim fakat hepsinde her gitti\u011fimde ila\u00e7lama arac\u0131n\u0131 g\u00f6rd\u00fcm size bir\u015fey daha s\u00f6yliyeyim alt\u0131eyl\u00fcl belediyesi bile bu konuda sizden \u00e7ok daha ba\u015far\u0131l\u0131 birde biliyorsunuz b&#8230;klu dere dedi\u011fiz dere bizim il\u00e7emizde ve bizim mahallemizin dibinde oray\u0131 otlardan ve pislikten temizlemedi\u011finiz m\u00fcddet\u00e7e sivrisinekle m\u00fccadelede asla ba\u015far\u0131l\u0131 olamazs\u0131n\u0131z \u015fimdi l\u00fctfen yar\u0131ndan tezi bu derenin \u0131slah\u0131na ba\u015flay\u0131n ve m\u00fcmk\u00fcnse g\u00fcn a\u015f\u0131r\u0131 ila\u00e7lama yap\u0131n ve l\u00fctfen ila\u00e7lama arac\u0131n\u0131 kullanan arkada\u015f\u0131m\u0131z arac\u0131 biraz daha yava\u015f kullan\u0131r ve \u00e7\u0131kmaz sokaklarada girerse bu i\u015f daha ba\u015far\u0131l\u0131 olacak..l\u00fctfen\u201d<\/p>\n\n\n\n<p>Bal\u0131kesir\u2019deki sivrisinek ve ha\u015fere sorununun sadece k\u00f6rfezden ibaret olmad\u0131\u011f\u0131 sonunda anla\u015f\u0131ld\u0131. Bal\u0131kesir\u2019l\u0131 vatanda\u015flar yaz\u0131n kavurucu s\u0131caklar\u0131 ile m\u00fccadele etmeye \u00e7al\u0131\u015f\u0131rken, \u015fimdi de sivrisinek problemi ba\u015f g\u00f6sterdi. \u00d6zellikle \u00e7ay deresi civar\u0131nda oturan vatanda\u015flar, belediyenin yeteri kadar ila\u00e7lama yapmad\u0131\u011f\u0131ndan ve sivrisinek ile m\u00fccadeleye gerekli \u00f6nemi g\u00f6stermedi\u011finden \u015fikayet\u00e7i&#8221;<\/p>\n\n\n\n<p><\/p>\n\n\n\n<p><\/p>\n\n\n\n<p>Uzmanlar sivrisinek sorununun \u00e7\u00f6z\u00fclmemesi halinde salg\u0131n hastal\u0131k riskinin artaca\u011f\u0131 konusunda uyar\u0131yor. <\/p>\n\n\n\n<figure class=\"wp-block-embed-twitter wp-block-embed is-type-rich is-provider-twitter\"><div class=\"wp-block-embed__wrapper\">\n<blockquote class=\"twitter-tweet\" data-width=\"550\" data-dnt=\"true\"><p lang=\"tr\" dir=\"ltr\">\ud83d\udce3 Ha\u015fere ile m\u00fccadele kapsam\u0131nda, ekiplerimiz b\u00f6lgemizdeki sivrisinek ve kara sinek larva kaynaklar\u0131nda ila\u00e7lama \u00e7al\u0131\u015fmalar\u0131na devam ediyor.<a href=\"https:\/\/twitter.com\/hashtag\/EvdeKalG%C3%B6nen?src=hash&amp;ref_src=twsrc%5Etfw\">#EvdeKalG\u00f6nen<\/a><a href=\"https:\/\/twitter.com\/hashtag\/Bizsizini%C3%A7in%C3%A7al%C4%B1%C5%9F%C4%B1yoruz?src=hash&amp;ref_src=twsrc%5Etfw\">#Bizsizini\u00e7in\u00e7al\u0131\u015f\u0131yoruz<\/a><a href=\"https:\/\/twitter.com\/hashtag\/EvdeHayatVar?src=hash&amp;ref_src=twsrc%5Etfw\">#EvdeHayatVar<\/a> <a href=\"https:\/\/t.co\/xkkIP80dFo\">pic.twitter.com\/xkkIP80dFo<\/a><\/p>&mdash; G\u00f6nen Belediyesi (@GonenBel1888) <a href=\"https:\/\/twitter.com\/GonenBel1888\/status\/1261223854476800000?ref_src=twsrc%5Etfw\">May 15, 2020<\/a><\/blockquote><script async src=\"https:\/\/platform.twitter.com\/widgets.js\" charset=\"utf-8\"><\/script>\n<\/div><\/figure>\n\n\n\n<p>Tar\u0131m uzmanlar\u0131 ise \u00e7eltik tarlalar\u0131n\u0131n do\u011fru ila\u00e7lanmas\u0131 durumunda G\u00f6nen&#8217;de sivrisinek sorununun kalmayaca\u011f\u0131n\u0131 belirtiyor.<\/p>\n\n\n\n<figure class=\"wp-block-embed-twitter wp-block-embed is-type-rich is-provider-twitter\"><div class=\"wp-block-embed__wrapper\">\n<blockquote class=\"twitter-tweet\" data-width=\"550\" data-dnt=\"true\"><p lang=\"tr\" dir=\"ltr\">\ud83d\udce3 U\u00e7kunla m\u00fccadele devam ediyor&#8230;<br><br>Belediyemiz taraf\u0131ndan b\u00f6lgemizde yaz aylar\u0131nda s\u0131k\u00e7a g\u00f6r\u00fclen sivrisinek ve ha\u015ferelere kar\u015f\u0131 lavra ila\u00e7lama \u00e7al\u0131\u015fmalar\u0131 aral\u0131ks\u0131z devam ediyor.<a href=\"https:\/\/twitter.com\/hashtag\/hizmetbelediyesi?src=hash&amp;ref_src=twsrc%5Etfw\">#hizmetbelediyesi<\/a> <a href=\"https:\/\/twitter.com\/hashtag\/g%C3%B6nenbelediyesi?src=hash&amp;ref_src=twsrc%5Etfw\">#g\u00f6nenbelediyesi<\/a> <a href=\"https:\/\/twitter.com\/hashtag\/ibrahimpalaz?src=hash&amp;ref_src=twsrc%5Etfw\">#ibrahimpalaz<\/a> <a href=\"https:\/\/twitter.com\/hashtag\/%C3%B6ncememleket?src=hash&amp;ref_src=twsrc%5Etfw\">#\u00f6ncememleket<\/a> <a href=\"https:\/\/t.co\/rWAQ5nPkkn\">pic.twitter.com\/rWAQ5nPkkn<\/a><\/p>&mdash; G\u00f6nen Belediyesi (@GonenBel1888) <a href=\"https:\/\/twitter.com\/GonenBel1888\/status\/1240568078087475200?ref_src=twsrc%5Etfw\">March 19, 2020<\/a><\/blockquote><script async src=\"https:\/\/platform.twitter.com\/widgets.js\" charset=\"utf-8\"><\/script>\n<\/div><\/figure>\n\n\n\n<p><\/p>\n\n\n\n<p>G\u00f6nen belediyesi \u00e7al\u0131\u015fmalar\u0131 daha \u00e7ok ila\u00e7lama \u015feklinde y\u00fcr\u00fct\u00fcyor.<\/p>\n\n\n\n<p>Yap\u0131lan a\u00e7\u0131klamada \u015funlar kaydedildi.<\/p>\n\n\n\n<p>&#8220;\u0130la\u00e7lama ekiplerimiz b\u00f6lgemiz genelinde sineksiz bir yaz ge\u00e7irmeniz i\u00e7in sivrisinek, kara sinek, \u00fcvez, larvalara kar\u015f\u0131 ila\u00e7lama \u00e7al\u0131\u015fmalar\u0131na aral\u0131ks\u0131z devam ediyor.\u00a0<\/p>\n\n\n\n<p>\u0130l\u00e7emizde bulunan cadde ve sokaklarda ba\u015flayan ila\u00e7lama \u00e7al\u0131\u015fmalar\u0131 program dahilinde k\u0131rsal mahallelerimizde de devam ediyor.&#8221;<\/p>\n","protected":false},"excerpt":{"rendered":"<p>Bal\u0131kesir in G\u00f6nen il\u00e7esi pirin\u00e7 tarlalar\u0131 ve tar\u0131mla me\u015fhur. Ancak yap\u0131lan yanl\u0131\u015f uygulamalar \u00e7eltik tarlalar\u0131n\u0131n sivrisineklerin \u00e7o\u011falmas\u0131na zemin sa\u011fl\u0131yor. \u015eimdiye kadar bu konuda y\u00f6neticilerin ve baz\u0131 \u00e7ift\u00e7ilerin vurdumduymaz tav\u0131rlar\u0131 sivrisineklerin G\u00f6nen&#8217;de sorun olmas\u0131na neden oldu. Yerel yay\u0131n yapan Bal\u0131kesir Postam adl\u0131 internet sitesinde de \u015fu ifadeler yerald\u0131. &#8220;B\u00fcy\u00fck\u015fehir Belediyesi 15 milyon TL harcad\u0131\u011f\u0131 sinekle m\u00fccadelede &hellip;<\/p>\n","protected":false},"author":1,"featured_media":0,"comment_status":"open","ping_status":"open","sticky":false,"template":"","format":"standard","meta":[],"categories":[5],"tags":[],"_links":{"self":[{"href":"http:\/\/www.habertelgraf.com\/index.php?rest_route=\/wp\/v2\/posts\/282"}],"collection":[{"href":"http:\/\/www.habertelgraf.com\/index.php?rest_route=\/wp\/v2\/posts"}],"about":[{"href":"http:\/\/www.habertelgraf.com\/index.php?rest_route=\/wp\/v2\/types\/post"}],"author":[{"embeddable":true,"href":"http:\/\/www.habertelgraf.com\/index.php?rest_route=\/wp\/v2\/users\/1"}],"replies":[{"embeddable":true,"href":"http:\/\/www.habertelgraf.com\/index.php?rest_route=%2Fwp%2Fv2%2Fcomments&post=282"}],"version-history":[{"count":2,"href":"http:\/\/www.habertelgraf.com\/index.php?rest_route=\/wp\/v2\/posts\/282\/revisions"}],"predecessor-version":[{"id":297,"href":"http:\/\/www.habertelgraf.com\/index.php?rest_route=\/wp\/v2\/posts\/282\/revisions\/297"}],"wp:attachment":[{"href":"http:\/\/www.habertelgraf.com\/index.php?rest_route=%2Fwp%2Fv2%2Fmedia&parent=282"}],"wp:term":[{"taxonomy":"category","embeddable":true,"href":"http:\/\/www.habertelgraf.com\/index.php?rest_route=%2Fwp%2Fv2%2Fcategories&post=282"},{"taxonomy":"post_tag","embeddable":true,"href":"http:\/\/www.habertelgraf.com\/index.php?rest_route=%2Fwp%2Fv2%2Ftags&post=282"}],"curies":[{"name":"wp","href":"https:\/\/api.w.org\/{rel}","templated":true}]}}