{"id":284,"date":"2020-09-27T00:26:44","date_gmt":"2020-09-26T21:26:44","guid":{"rendered":"http:\/\/www.habertelgraf.com\/?p=284"},"modified":"2020-09-27T00:26:46","modified_gmt":"2020-09-26T21:26:46","slug":"5-gun-ulke-tvde-yine-gundemi-belirledi","status":"publish","type":"post","link":"http:\/\/www.habertelgraf.com\/?p=284","title":{"rendered":"5. G\u00fcn \u00dclke Tv&#8217;de yine g\u00fcndemi belirledi"},"content":{"rendered":"\n<p>Hafta boyunca \u00fclkede ve d\u00fcnyada ya\u015fanan \u00f6nemli geli\u015fmeler Gazeteci Mustafa Y\u0131ld\u0131z\u2019\u0131n sunumu ve alan\u0131nda uzman isimlerin kat\u0131l\u0131m\u0131yla ger\u00e7ekle\u015fen \u20185. G\u00fcn\u2019 program\u0131 ile masaya yat\u0131r\u0131l\u0131yor.<\/p>\n\n\n\n<figure class=\"wp-block-embed-twitter wp-block-embed is-type-rich is-provider-twitter\"><div class=\"wp-block-embed__wrapper\">\n<blockquote class=\"twitter-tweet\" data-width=\"550\" data-dnt=\"true\"><p lang=\"tr\" dir=\"ltr\"><a href=\"https:\/\/twitter.com\/hashtag\/CANLI?src=hash&amp;ref_src=twsrc%5Etfw\">#CANLI<\/a> Prof. Dr. \u0130rfan G\u00fcnd\u00fcz: Kobani olaylar\u0131 bar\u0131\u015f s\u00fcre\u00e7leriyle sabote edildi. <a href=\"https:\/\/t.co\/ZuSS4CSnMz\">pic.twitter.com\/ZuSS4CSnMz<\/a><\/p>&mdash; \u00dcLKE TV (@ulketv) <a href=\"https:\/\/twitter.com\/ulketv\/status\/1309580628451565570?ref_src=twsrc%5Etfw\">September 25, 2020<\/a><\/blockquote><script async src=\"https:\/\/platform.twitter.com\/widgets.js\" charset=\"utf-8\"><\/script>\n<\/div><\/figure>\n\n\n\n<p><\/p>\n\n\n\n<p>\u00dclke Tv&#8217;de yay\u0131nlanan 5. G\u00fcn program\u0131nda ge\u00e7en hafta Kobani operasyonlar\u0131 ve Do\u011fu Akdeniz&#8217;de T\u00fcrkiye&#8217;nin rol\u00fc tart\u0131\u015f\u0131ld\u0131<\/p>\n\n\n\n<p><\/p>\n\n\n\n<figure class=\"wp-block-embed-twitter wp-block-embed is-type-rich is-provider-twitter\"><div class=\"wp-block-embed__wrapper\">\n<blockquote class=\"twitter-tweet\" data-width=\"550\" data-dnt=\"true\"><p lang=\"tr\" dir=\"ltr\"><a href=\"https:\/\/twitter.com\/hashtag\/CANLI?src=hash&amp;ref_src=twsrc%5Etfw\">#CANLI<\/a> Prof. Dr. \u0130rfan G\u00fcnd\u00fcz: T\u00fcrkiye masada ve sahada g\u00fc\u00e7l\u00fc olmak zorunda. <a href=\"https:\/\/t.co\/1pb6yuINIP\">pic.twitter.com\/1pb6yuINIP<\/a><\/p>&mdash; \u00dcLKE TV (@ulketv) <a href=\"https:\/\/twitter.com\/ulketv\/status\/1309592426714206213?ref_src=twsrc%5Etfw\">September 25, 2020<\/a><\/blockquote><script async src=\"https:\/\/platform.twitter.com\/widgets.js\" charset=\"utf-8\"><\/script>\n<\/div><\/figure>\n\n\n\n<p><\/p>\n\n\n\n<p><\/p>\n\n\n\n<figure class=\"wp-block-embed-twitter wp-block-embed is-type-rich is-provider-twitter\"><div class=\"wp-block-embed__wrapper\">\n<blockquote class=\"twitter-tweet\" data-width=\"550\" data-dnt=\"true\"><p lang=\"tr\" dir=\"ltr\"><a href=\"https:\/\/twitter.com\/hashtag\/CANLI?src=hash&amp;ref_src=twsrc%5Etfw\">#CANLI<\/a> Gazeteci Nazif Okumu\u015f: O d\u00f6nemde Davuto\u011flu Kobani olaylar\u0131n\u0131 hafife ald\u0131. <a href=\"https:\/\/t.co\/ek7SS6YNwj\">pic.twitter.com\/ek7SS6YNwj<\/a><\/p>&mdash; \u00dcLKE TV (@ulketv) <a href=\"https:\/\/twitter.com\/ulketv\/status\/1309579317383495681?ref_src=twsrc%5Etfw\">September 25, 2020<\/a><\/blockquote><script async src=\"https:\/\/platform.twitter.com\/widgets.js\" charset=\"utf-8\"><\/script>\n<\/div><\/figure>\n\n\n\n<p><\/p>\n\n\n\n<p>Programda ayr\u0131ca i\u00e7 siyasete ili\u015fkin de tart\u0131\u015fma ya\u015fand\u0131.<\/p>\n\n\n\n<figure class=\"wp-block-embed-twitter wp-block-embed is-type-rich is-provider-twitter\"><div class=\"wp-block-embed__wrapper\">\n<blockquote class=\"twitter-tweet\" data-width=\"550\" data-dnt=\"true\"><p lang=\"tr\" dir=\"ltr\"><a href=\"https:\/\/twitter.com\/hashtag\/CANLI?src=hash&amp;ref_src=twsrc%5Etfw\">#CANLI<\/a> Do\u00e7. Dr. Yusuf \u00d6zk\u0131r: FET\u00d6&#39;y\u00fc Cumhurba\u015fkan\u0131 Erdo\u011fan&#39;dan ba\u015fkas\u0131 bitiremezdi. <a href=\"https:\/\/twitter.com\/yusufozkir?ref_src=twsrc%5Etfw\">@yusufozkir<\/a> <a href=\"https:\/\/t.co\/oo4BCwiTzC\">pic.twitter.com\/oo4BCwiTzC<\/a><\/p>&mdash; \u00dcLKE TV (@ulketv) <a href=\"https:\/\/twitter.com\/ulketv\/status\/1309586372999733255?ref_src=twsrc%5Etfw\">September 25, 2020<\/a><\/blockquote><script async src=\"https:\/\/platform.twitter.com\/widgets.js\" charset=\"utf-8\"><\/script>\n<\/div><\/figure>\n\n\n\n<p><\/p>\n\n\n\n<p>Okuduklar\u0131 ve g\u00f6rd\u00fckleri ile yetinmeyip g\u00fcndemin perde arkas\u0131n\u0131 \u00f6\u011frenmek isteyenler \u20185. G\u00fcn\u2019de bulu\u015fuyor.<\/p>\n\n\n\n<p>Ekran ba\u015f\u0131ndaki izleyicilerin soru ve g\u00f6r\u00fc\u015flerinin de yer ald\u0131\u011f\u0131 programda Mustafa Y\u0131ld\u0131z ve konuklar\u0131 T\u00fcrkiye ve d\u00fcnya g\u00fcndeminde ya\u015fanan son geli\u015fmeleri masaya yat\u0131r\u0131yor.<\/p>\n\n\n\n<figure class=\"wp-block-embed-twitter wp-block-embed is-type-rich is-provider-twitter\"><div class=\"wp-block-embed__wrapper\">\n<blockquote class=\"twitter-tweet\" data-width=\"550\" data-dnt=\"true\"><p lang=\"tr\" dir=\"ltr\"><a href=\"https:\/\/twitter.com\/hashtag\/CANLI?src=hash&amp;ref_src=twsrc%5Etfw\">#CANLI<\/a> Medipol \u00dcniversitesi \u00d6\u011fretim \u00dcyesi Do\u00e7. Dr. Yusuf \u00d6zk\u0131r: T\u00fcrkiye son y\u0131llarda ter\u00f6rle m\u00fccadelede b\u00fcy\u00fck operasyonlar yapt\u0131. <a href=\"https:\/\/t.co\/1RusyqJcIo\">pic.twitter.com\/1RusyqJcIo<\/a><\/p>&mdash; \u00dcLKE TV (@ulketv) <a href=\"https:\/\/twitter.com\/ulketv\/status\/1309578076603457536?ref_src=twsrc%5Etfw\">September 25, 2020<\/a><\/blockquote><script async src=\"https:\/\/platform.twitter.com\/widgets.js\" charset=\"utf-8\"><\/script>\n<\/div><\/figure>\n","protected":false},"excerpt":{"rendered":"<p>Hafta boyunca \u00fclkede ve d\u00fcnyada ya\u015fanan \u00f6nemli geli\u015fmeler Gazeteci Mustafa Y\u0131ld\u0131z\u2019\u0131n sunumu ve alan\u0131nda uzman isimlerin kat\u0131l\u0131m\u0131yla ger\u00e7ekle\u015fen \u20185. G\u00fcn\u2019 program\u0131 ile masaya yat\u0131r\u0131l\u0131yor. \u00dclke Tv&#8217;de yay\u0131nlanan 5. G\u00fcn program\u0131nda ge\u00e7en hafta Kobani operasyonlar\u0131 ve Do\u011fu Akdeniz&#8217;de T\u00fcrkiye&#8217;nin rol\u00fc tart\u0131\u015f\u0131ld\u0131 Programda ayr\u0131ca i\u00e7 siyasete ili\u015fkin de tart\u0131\u015fma ya\u015fand\u0131. Okuduklar\u0131 ve g\u00f6rd\u00fckleri ile yetinmeyip g\u00fcndemin perde &hellip;<\/p>\n","protected":false},"author":1,"featured_media":0,"comment_status":"open","ping_status":"open","sticky":false,"template":"","format":"standard","meta":[],"categories":[1],"tags":[],"_links":{"self":[{"href":"http:\/\/www.habertelgraf.com\/index.php?rest_route=\/wp\/v2\/posts\/284"}],"collection":[{"href":"http:\/\/www.habertelgraf.com\/index.php?rest_route=\/wp\/v2\/posts"}],"about":[{"href":"http:\/\/www.habertelgraf.com\/index.php?rest_route=\/wp\/v2\/types\/post"}],"author":[{"embeddable":true,"href":"http:\/\/www.habertelgraf.com\/index.php?rest_route=\/wp\/v2\/users\/1"}],"replies":[{"embeddable":true,"href":"http:\/\/www.habertelgraf.com\/index.php?rest_route=%2Fwp%2Fv2%2Fcomments&post=284"}],"version-history":[{"count":1,"href":"http:\/\/www.habertelgraf.com\/index.php?rest_route=\/wp\/v2\/posts\/284\/revisions"}],"predecessor-version":[{"id":285,"href":"http:\/\/www.habertelgraf.com\/index.php?rest_route=\/wp\/v2\/posts\/284\/revisions\/285"}],"wp:attachment":[{"href":"http:\/\/www.habertelgraf.com\/index.php?rest_route=%2Fwp%2Fv2%2Fmedia&parent=284"}],"wp:term":[{"taxonomy":"category","embeddable":true,"href":"http:\/\/www.habertelgraf.com\/index.php?rest_route=%2Fwp%2Fv2%2Fcategories&post=284"},{"taxonomy":"post_tag","embeddable":true,"href":"http:\/\/www.habertelgraf.com\/index.php?rest_route=%2Fwp%2Fv2%2Ftags&post=284"}],"curies":[{"name":"wp","href":"https:\/\/api.w.org\/{rel}","templated":true}]}}