{"id":290,"date":"2020-09-27T00:59:47","date_gmt":"2020-09-26T21:59:47","guid":{"rendered":"http:\/\/www.habertelgraf.com\/?p=290"},"modified":"2020-09-27T00:59:48","modified_gmt":"2020-09-26T21:59:48","slug":"altin-cephesinde-isler-karisik","status":"publish","type":"post","link":"http:\/\/www.habertelgraf.com\/?p=290","title":{"rendered":"Alt\u0131n cephesinde i\u015fler kar\u0131\u015f\u0131k"},"content":{"rendered":"\n<p><em>K\u00fcresel piyasalarda yeni tip\u00a0koronavir\u00fcs\u00a0(Kovid-19) salg\u0131n\u0131 kapsam\u0131nda al\u0131nan tedbirlerin yeniden K\u00fcresel piyasalarda yeni tip koronavir\u00fcs (Kovid-19) salg\u0131n\u0131 kapsam\u0131nda al\u0131nan tedbirlerin yeniden g\u00fcndeme gelmesi ve bu paralelde g\u00fc\u00e7lenen dolar\u0131n etkisiyle ge\u00e7en hafta y\u00fczde 3,2 de\u011fer kaybederek 459,6 lirayla son 5 haftan\u0131n en k\u00f6t\u00fc kapan\u0131\u015f\u0131n\u0131 ger\u00e7ekle\u015ftirdi. gelmesi ve bu paralelde g\u00fc\u00e7lenen dolar\u0131n etkisiyle ge\u00e7en hafta y\u00fczde 3,2 de\u011fer kaybederek 459,6 lirayla son 5 haftan\u0131n en k\u00f6t\u00fc kapan\u0131\u015f\u0131n\u0131 ger\u00e7ekle\u015ftirdi.<\/em><\/p>\n","protected":false},"excerpt":{"rendered":"<p>K\u00fcresel piyasalarda yeni tip\u00a0koronavir\u00fcs\u00a0(Kovid-19) salg\u0131n\u0131 kapsam\u0131nda al\u0131nan tedbirlerin yeniden K\u00fcresel piyasalarda yeni tip koronavir\u00fcs (Kovid-19) salg\u0131n\u0131 kapsam\u0131nda al\u0131nan tedbirlerin yeniden g\u00fcndeme gelmesi ve bu paralelde g\u00fc\u00e7lenen dolar\u0131n etkisiyle ge\u00e7en hafta y\u00fczde 3,2 de\u011fer kaybederek 459,6 lirayla son 5 haftan\u0131n en k\u00f6t\u00fc kapan\u0131\u015f\u0131n\u0131 ger\u00e7ekle\u015ftirdi. gelmesi ve bu paralelde g\u00fc\u00e7lenen dolar\u0131n etkisiyle ge\u00e7en hafta y\u00fczde 3,2 de\u011fer &hellip;<\/p>\n","protected":false},"author":1,"featured_media":47,"comment_status":"open","ping_status":"open","sticky":false,"template":"","format":"standard","meta":[],"categories":[3],"tags":[],"_links":{"self":[{"href":"http:\/\/www.habertelgraf.com\/index.php?rest_route=\/wp\/v2\/posts\/290"}],"collection":[{"href":"http:\/\/www.habertelgraf.com\/index.php?rest_route=\/wp\/v2\/posts"}],"about":[{"href":"http:\/\/www.habertelgraf.com\/index.php?rest_route=\/wp\/v2\/types\/post"}],"author":[{"embeddable":true,"href":"http:\/\/www.habertelgraf.com\/index.php?rest_route=\/wp\/v2\/users\/1"}],"replies":[{"embeddable":true,"href":"http:\/\/www.habertelgraf.com\/index.php?rest_route=%2Fwp%2Fv2%2Fcomments&post=290"}],"version-history":[{"count":1,"href":"http:\/\/www.habertelgraf.com\/index.php?rest_route=\/wp\/v2\/posts\/290\/revisions"}],"predecessor-version":[{"id":291,"href":"http:\/\/www.habertelgraf.com\/index.php?rest_route=\/wp\/v2\/posts\/290\/revisions\/291"}],"wp:featuredmedia":[{"embeddable":true,"href":"http:\/\/www.habertelgraf.com\/index.php?rest_route=\/wp\/v2\/media\/47"}],"wp:attachment":[{"href":"http:\/\/www.habertelgraf.com\/index.php?rest_route=%2Fwp%2Fv2%2Fmedia&parent=290"}],"wp:term":[{"taxonomy":"category","embeddable":true,"href":"http:\/\/www.habertelgraf.com\/index.php?rest_route=%2Fwp%2Fv2%2Fcategories&post=290"},{"taxonomy":"post_tag","embeddable":true,"href":"http:\/\/www.habertelgraf.com\/index.php?rest_route=%2Fwp%2Fv2%2Ftags&post=290"}],"curies":[{"name":"wp","href":"https:\/\/api.w.org\/{rel}","templated":true}]}}