{"id":292,"date":"2020-09-27T01:16:58","date_gmt":"2020-09-26T22:16:58","guid":{"rendered":"http:\/\/www.habertelgraf.com\/?p=292"},"modified":"2020-09-27T01:17:00","modified_gmt":"2020-09-26T22:17:00","slug":"nazif-okumusiyi-partide-ceteler-var","status":"publish","type":"post","link":"http:\/\/www.habertelgraf.com\/?p=292","title":{"rendered":"Nazif Okumu\u015f:\u0130yi Parti&#8217;de \u00e7eteler var!"},"content":{"rendered":"\n<p>\u00dclke TV de yay\u0131nlanan 5. G\u00fcn program\u0131nda \u0130yi  Parti&#8217;deki liste krizi de konu\u015fuldu <\/p>\n\n\n\n<p>Tart\u0131\u015fmalara neden olan fazla oy alsa dahi se\u00e7ilemeyecek adaylar konusu ile ilgili gazeteci yazar Nazif Okumu\u015f ilgin\u00e7 bir iddia ortaya att\u0131 <\/p>\n\n\n\n<p>Okumu\u015f, \u0130yi Parti i\u00e7erisinde \u00e7eteler oldu\u011funu iddia etti<\/p>\n\n\n\n<p>Bu \u00e7etelerin di\u011fer adaylar\u0131n \u00f6n\u00fcn\u00fc kesmeye \u00e7al\u0131\u015ft\u0131\u011f\u0131n\u0131 savundu<\/p>\n\n\n\n<p><\/p>\n\n\n\n<figure class=\"wp-block-embed-youtube wp-block-embed is-type-video is-provider-youtube wp-embed-aspect-16-9 wp-has-aspect-ratio\"><div class=\"wp-block-embed__wrapper\">\n<iframe loading=\"lazy\" title=\"Nazif Okumu\u015f: \u0130yi Parti&#039;de \u00e7eteler var\" width=\"960\" height=\"540\" src=\"https:\/\/www.youtube.com\/embed\/2DRnhcPGugI?feature=oembed\" frameborder=\"0\" allow=\"accelerometer; autoplay; clipboard-write; encrypted-media; gyroscope; picture-in-picture\" allowfullscreen><\/iframe>\n<\/div><\/figure>\n","protected":false},"excerpt":{"rendered":"<p>\u00dclke TV de yay\u0131nlanan 5. G\u00fcn program\u0131nda \u0130yi Parti&#8217;deki liste krizi de konu\u015fuldu Tart\u0131\u015fmalara neden olan fazla oy alsa dahi se\u00e7ilemeyecek adaylar konusu ile ilgili gazeteci yazar Nazif Okumu\u015f ilgin\u00e7 bir iddia ortaya att\u0131 Okumu\u015f, \u0130yi Parti i\u00e7erisinde \u00e7eteler oldu\u011funu iddia etti Bu \u00e7etelerin di\u011fer adaylar\u0131n \u00f6n\u00fcn\u00fc kesmeye \u00e7al\u0131\u015ft\u0131\u011f\u0131n\u0131 savundu<\/p>\n","protected":false},"author":1,"featured_media":0,"comment_status":"open","ping_status":"open","sticky":false,"template":"","format":"standard","meta":[],"categories":[1],"tags":[],"_links":{"self":[{"href":"http:\/\/www.habertelgraf.com\/index.php?rest_route=\/wp\/v2\/posts\/292"}],"collection":[{"href":"http:\/\/www.habertelgraf.com\/index.php?rest_route=\/wp\/v2\/posts"}],"about":[{"href":"http:\/\/www.habertelgraf.com\/index.php?rest_route=\/wp\/v2\/types\/post"}],"author":[{"embeddable":true,"href":"http:\/\/www.habertelgraf.com\/index.php?rest_route=\/wp\/v2\/users\/1"}],"replies":[{"embeddable":true,"href":"http:\/\/www.habertelgraf.com\/index.php?rest_route=%2Fwp%2Fv2%2Fcomments&post=292"}],"version-history":[{"count":1,"href":"http:\/\/www.habertelgraf.com\/index.php?rest_route=\/wp\/v2\/posts\/292\/revisions"}],"predecessor-version":[{"id":293,"href":"http:\/\/www.habertelgraf.com\/index.php?rest_route=\/wp\/v2\/posts\/292\/revisions\/293"}],"wp:attachment":[{"href":"http:\/\/www.habertelgraf.com\/index.php?rest_route=%2Fwp%2Fv2%2Fmedia&parent=292"}],"wp:term":[{"taxonomy":"category","embeddable":true,"href":"http:\/\/www.habertelgraf.com\/index.php?rest_route=%2Fwp%2Fv2%2Fcategories&post=292"},{"taxonomy":"post_tag","embeddable":true,"href":"http:\/\/www.habertelgraf.com\/index.php?rest_route=%2Fwp%2Fv2%2Ftags&post=292"}],"curies":[{"name":"wp","href":"https:\/\/api.w.org\/{rel}","templated":true}]}}