{"id":295,"date":"2020-09-27T15:17:51","date_gmt":"2020-09-27T12:17:51","guid":{"rendered":"http:\/\/www.habertelgraf.com\/?p=295"},"modified":"2020-09-27T15:17:53","modified_gmt":"2020-09-27T12:17:53","slug":"ermenistan-a-karsi-azerbaycan-in-yaninda-turkiye-tek-yurek","status":"publish","type":"post","link":"http:\/\/www.habertelgraf.com\/?p=295","title":{"rendered":"Ermenistan a kar\u015f\u0131 Azerbaycan \u0131n yan\u0131nda T\u00fcrkiye tek y\u00fcrek"},"content":{"rendered":"\n<p>Ermenistan ordusu, saat 06.00 s\u0131ralar\u0131nda Azerbaycan ordusunun mevzilerine ve sivil yerle\u015fim birimlerine ate\u015f a\u00e7t\u0131. B\u00f6lgede g\u00f6rev yapan Anadolu Ajans\u0131 ekibi sald\u0131r\u0131dan son anda kurtuldu.<\/p>\n\n\n\n<p>Daha iyi anlardan itibaren devletin Zirvesi ba\u015fta olmak \u00fczere Azerbaycan&#8217;a destek mesaj\u0131 ya\u011fd\u0131<\/p>\n\n\n\n<p>I\u015fte onlardan baz\u0131lar\u0131<\/p>\n\n\n\n<p><\/p>\n\n\n\n<p>Azerbaycan&#8217;a y\u00f6nelik sald\u0131r\u0131lar\u0131na bir yenisini ekleyen Ermenistan, b\u00f6lgede bar\u0131\u015f\u0131n ve huzurun \u00f6n\u00fcndeki en b\u00fcy\u00fck tehdit oldu\u011funu bir kere daha g\u00f6stermi\u015ftir. T\u00fcrk Milleti her zaman oldu\u011fu gibi bug\u00fcn de t\u00fcm imkanlar\u0131yla Azerbaycanl\u0131 karde\u015flerinin yan\u0131ndad\u0131r.<\/p>\n\n\n\n<p><\/p>\n\n\n\n<figure class=\"wp-block-embed-twitter wp-block-embed is-type-rich is-provider-twitter\"><div class=\"wp-block-embed__wrapper\">\n<blockquote class=\"twitter-tweet\" data-width=\"550\" data-dnt=\"true\"><p lang=\"tr\" dir=\"ltr\">Azerbaycan&#39;a y\u00f6nelik sald\u0131r\u0131lar\u0131na bir yenisini ekleyen Ermenistan, b\u00f6lgede bar\u0131\u015f\u0131n ve huzurun \u00f6n\u00fcndeki en b\u00fcy\u00fck tehdit oldu\u011funu bir kere daha g\u00f6stermi\u015ftir. T\u00fcrk Milleti her zaman oldu\u011fu gibi bug\u00fcn de t\u00fcm imkanlar\u0131yla Azerbaycanl\u0131 karde\u015flerinin yan\u0131ndad\u0131r.<\/p>&mdash; Recep Tayyip Erdo\u011fan (@RTErdogan) <a href=\"https:\/\/twitter.com\/RTErdogan\/status\/1310171569684197376?ref_src=twsrc%5Etfw\">September 27, 2020<\/a><\/blockquote><script async src=\"https:\/\/platform.twitter.com\/widgets.js\" charset=\"utf-8\"><\/script>\n<\/div><\/figure>\n\n\n\n<p><\/p>\n\n\n\n<p>\u015eehitlerimizin kan\u0131n\u0131n yerde b\u0131rak\u0131lmayaca\u011f\u0131 inanc\u0131yla Ermenistan\u2019\u0131n kalle\u015f\u00e7e sald\u0131r\u0131s\u0131nda \u015fehit olan Azerbaycan T\u00fcrk\u00fc karde\u015flerimize Allah\u2019tan rahmet, t\u00fcm Azerbaycan halk\u0131na ba\u015fsa\u011fl\u0131\u011f\u0131 dileriz.<\/p>\n\n\n\n<figure class=\"wp-block-embed-twitter wp-block-embed is-type-rich is-provider-twitter\"><div class=\"wp-block-embed__wrapper\">\n<blockquote class=\"twitter-tweet\" data-width=\"550\" data-dnt=\"true\"><p lang=\"tr\" dir=\"ltr\">\u015eehitlerimizin kan\u0131n\u0131n yerde b\u0131rak\u0131lmayaca\u011f\u0131 inanc\u0131yla Ermenistan\u2019\u0131n kalle\u015f\u00e7e sald\u0131r\u0131s\u0131nda \u015fehit olan Azerbaycan T\u00fcrk\u00fc karde\u015flerimize Allah\u2019tan rahmet, t\u00fcm Azerbaycan halk\u0131na ba\u015fsa\u011fl\u0131\u011f\u0131 dileriz. <a href=\"https:\/\/t.co\/Xyvz9zbm5P\">pic.twitter.com\/Xyvz9zbm5P<\/a><\/p>&mdash; T.C. Mill\u00ee Savunma Bakanl\u0131\u011f\u0131 (@tcsavunma) <a href=\"https:\/\/twitter.com\/tcsavunma\/status\/1310155068990271488?ref_src=twsrc%5Etfw\">September 27, 2020<\/a><\/blockquote><script async src=\"https:\/\/platform.twitter.com\/widgets.js\" charset=\"utf-8\"><\/script>\n<\/div><\/figure>\n\n\n\n<figure class=\"wp-block-embed-twitter wp-block-embed is-type-rich is-provider-twitter\"><div class=\"wp-block-embed__wrapper\">\n<blockquote class=\"twitter-tweet\" data-width=\"550\" data-dnt=\"true\"><p lang=\"und\" dir=\"ltr\">Can <a href=\"https:\/\/twitter.com\/hashtag\/Azerbaycan?src=hash&amp;ref_src=twsrc%5Etfw\">#Azerbaycan<\/a> \ud83c\udde6\ud83c\uddff\ud83c\uddf9\ud83c\uddf7 <a href=\"https:\/\/t.co\/LW9gnhnNfb\">pic.twitter.com\/LW9gnhnNfb<\/a><\/p>&mdash; Hasan Do\u011fan \u062d\u0633\u0646 (@hasandogan) <a href=\"https:\/\/twitter.com\/hasandogan\/status\/1310113159106252801?ref_src=twsrc%5Etfw\">September 27, 2020<\/a><\/blockquote><script async src=\"https:\/\/platform.twitter.com\/widgets.js\" charset=\"utf-8\"><\/script>\n<\/div><\/figure>\n\n\n\n<p><\/p>\n\n\n\n<p>Ermenistan\u2019\u0131n Azerbaycan\u2019a y\u00f6nelik sald\u0131r\u0131s\u0131n\u0131 \u015fiddetle k\u0131n\u0131yoruz.<br>Ermenistan sivil yerle\u015fim birimlerine sald\u0131rarak ate\u015fkesi ihlal etmi\u015f ve bar\u0131\u015f ve istikrara kar\u015f\u0131 oldu\u011funu bir kez daha g\u00f6stermi\u015ftir. Uluslararas\u0131 toplum bu tehlikeli provokasyona derhal dur demelidir.<\/p>\n\n\n\n<figure class=\"wp-block-embed-twitter wp-block-embed is-type-rich is-provider-twitter\"><div class=\"wp-block-embed__wrapper\">\n<blockquote class=\"twitter-tweet\" data-width=\"550\" data-dnt=\"true\"><p lang=\"tr\" dir=\"ltr\">Ermenistan\u2019\u0131n Azerbaycan\u2019a y\u00f6nelik sald\u0131r\u0131s\u0131n\u0131 \u015fiddetle k\u0131n\u0131yoruz. <br>Ermenistan sivil yerle\u015fim birimlerine sald\u0131rarak ate\u015fkesi ihlal etmi\u015f ve bar\u0131\u015f ve istikrara kar\u015f\u0131 oldu\u011funu bir kez daha g\u00f6stermi\u015ftir. Uluslararas\u0131 toplum bu tehlikeli provokasyona derhal dur demelidir.<\/p>&mdash; Ibrahim Kalin (@ikalin1) <a href=\"https:\/\/twitter.com\/ikalin1\/status\/1310100360518926336?ref_src=twsrc%5Etfw\">September 27, 2020<\/a><\/blockquote><script async src=\"https:\/\/platform.twitter.com\/widgets.js\" charset=\"utf-8\"><\/script>\n<\/div><\/figure>\n\n\n\n<p><\/p>\n","protected":false},"excerpt":{"rendered":"<p>Ermenistan ordusu, saat 06.00 s\u0131ralar\u0131nda Azerbaycan ordusunun mevzilerine ve sivil yerle\u015fim birimlerine ate\u015f a\u00e7t\u0131. B\u00f6lgede g\u00f6rev yapan Anadolu Ajans\u0131 ekibi sald\u0131r\u0131dan son anda kurtuldu. Daha iyi anlardan itibaren devletin Zirvesi ba\u015fta olmak \u00fczere Azerbaycan&#8217;a destek mesaj\u0131 ya\u011fd\u0131 I\u015fte onlardan baz\u0131lar\u0131 Azerbaycan&#8217;a y\u00f6nelik sald\u0131r\u0131lar\u0131na bir yenisini ekleyen Ermenistan, b\u00f6lgede bar\u0131\u015f\u0131n ve huzurun \u00f6n\u00fcndeki en b\u00fcy\u00fck tehdit &hellip;<\/p>\n","protected":false},"author":1,"featured_media":0,"comment_status":"open","ping_status":"open","sticky":false,"template":"","format":"standard","meta":[],"categories":[1],"tags":[],"_links":{"self":[{"href":"http:\/\/www.habertelgraf.com\/index.php?rest_route=\/wp\/v2\/posts\/295"}],"collection":[{"href":"http:\/\/www.habertelgraf.com\/index.php?rest_route=\/wp\/v2\/posts"}],"about":[{"href":"http:\/\/www.habertelgraf.com\/index.php?rest_route=\/wp\/v2\/types\/post"}],"author":[{"embeddable":true,"href":"http:\/\/www.habertelgraf.com\/index.php?rest_route=\/wp\/v2\/users\/1"}],"replies":[{"embeddable":true,"href":"http:\/\/www.habertelgraf.com\/index.php?rest_route=%2Fwp%2Fv2%2Fcomments&post=295"}],"version-history":[{"count":1,"href":"http:\/\/www.habertelgraf.com\/index.php?rest_route=\/wp\/v2\/posts\/295\/revisions"}],"predecessor-version":[{"id":296,"href":"http:\/\/www.habertelgraf.com\/index.php?rest_route=\/wp\/v2\/posts\/295\/revisions\/296"}],"wp:attachment":[{"href":"http:\/\/www.habertelgraf.com\/index.php?rest_route=%2Fwp%2Fv2%2Fmedia&parent=295"}],"wp:term":[{"taxonomy":"category","embeddable":true,"href":"http:\/\/www.habertelgraf.com\/index.php?rest_route=%2Fwp%2Fv2%2Fcategories&post=295"},{"taxonomy":"post_tag","embeddable":true,"href":"http:\/\/www.habertelgraf.com\/index.php?rest_route=%2Fwp%2Fv2%2Ftags&post=295"}],"curies":[{"name":"wp","href":"https:\/\/api.w.org\/{rel}","templated":true}]}}