{"id":306,"date":"2020-09-28T22:46:00","date_gmt":"2020-09-28T19:46:00","guid":{"rendered":"http:\/\/www.habertelgraf.com\/?p=306"},"modified":"2020-09-30T23:06:32","modified_gmt":"2020-09-30T20:06:32","slug":"terorun-beli-kiriliyor","status":"publish","type":"post","link":"http:\/\/www.habertelgraf.com\/?p=306","title":{"rendered":"Ter\u00f6r\u00fcn beli k\u0131r\u0131l\u0131yor"},"content":{"rendered":"\n<p> S\u00fcleyman Soylu: <em>Van\u2019da \u015fehit olan Jandarma Y\u00fczba\u015f\u0131 Mahmut TOP, Jandarma Uzman \u00c7avu\u015f Yusuf UYAR ve Jandarma Uzman \u00c7avu\u015f Sezer U\u00c7AR\u2019\u0131n kan\u0131 yerde kalmad\u0131<\/em><\/p>\n\n\n\n<p><em>Yurt i\u00e7inde bulunan ter\u00f6ristlerin y\u00fcze 60\u2019\u0131n\u0131n sorumlusu olan, KIRMIZI kategoride arananan \u00f6rg\u00fct\u00fcn s\u00f6zde Botan Saha Sorumlusu Vahiyettin Karay etkisiz hale getiril<\/em>di.<\/p>\n\n\n\n<p><\/p>\n\n\n\n<p>Y\u0131ld\u0131r\u0131m-10 Nordoz Operasyonu kapsam\u0131nda, Van \u00c7atak il\u00e7esi Andi\u00e7en Mahallesi k\u0131rsal\u0131nda, yap\u0131lan istihbari \u00e7al\u0131\u015fmalar neticesinde 11 Eyl\u00fcl 2020 tarihinde Van \u0130l Jandarma Komutanl\u0131\u011f\u0131 J\u00d6H ve Komando Birlikleri taraf\u0131ndan S\u0130HA ve Yak\u0131n Hava destekli ter\u00f6ristlere y\u00f6nelik yap\u0131lan operasyon neticesinde <em>3<\/em> b\u00f6l\u00fcc\u00fc ter\u00f6r \u00f6rg\u00fct\u00fc mensubu etkisiz hale getirilmi\u015fti.<\/p>\n\n\n\n<p>Etkisiz hale getirilen ter\u00f6ristlerin kimlik tespitine y\u00f6nelik yap\u0131lan \u00e7al\u0131\u015fmalar\u0131nda; ter\u00f6ristlerden birinin s\u00f6zde Botan Saha Sorumlusu olarak faaliyet g\u00f6steren <em>Agit Civyan<\/em> kod adl\u0131 <em>Vahiyettin Karay<\/em> oldu\u011fu ve ter\u00f6rden arananlarda \u201cKIRMIZI\u201d kategoride yer ald\u0131\u011f\u0131 tespit edildi<\/p>\n\n\n\n<p><\/p>\n\n\n\n<p>S\u00f6z konusu ter\u00f6ristin yakla\u015f\u0131k 25 y\u0131ld\u0131r ter\u00f6r \u00f6rg\u00fct\u00fc i\u00e7erisinde bulundu\u011fu, yurt i\u00e7indeki ter\u00f6ristlerin y\u00fczde 60\u2019\u0131n\u0131n sorumlusu oldu\u011fu, Van, Hakkari, \u015e\u0131rnak, Siirt, Mardin ve \u015eanl\u0131urfa b\u00f6lgesinde pek \u00e7ok eyleme bizzat kat\u0131lm\u0131\u015f ve bir\u00e7ok kanl\u0131 eylemin talimat\u0131n\u0131 verdi<\/p>\n\n\n\n<p><\/p>\n\n\n\n<p>Ter\u00f6rist, ge\u00e7mi\u015fte Kato Jirka Cephe sorumlulu\u011fu, Irak Sincar (\u015eengal) HPG sorumlulu\u011fu, ve Kuzey Alanlar\u0131 Sorumlu Yard\u0131mc\u0131l\u0131\u011f\u0131 ve 2019 y\u0131l\u0131nda Botan Saha Sorumlulu\u011funa getirildi <\/p>\n\n\n\n<p>Ter\u00f6rist; 2007 y\u0131l\u0131nda (12) askerin \u015fehit oldu\u011fu Hakkari Da\u011fl\u0131ca eyleminin planlay\u0131c\u0131lar\u0131ndan ve uygulay\u0131c\u0131lar\u0131ndan oldu\u011fu,<\/p>\n\n\n\n<ul><li>19.08.2008 tarihinde Y\u00fcksekova Karl\u0131 k\u00f6y\u00fcnde askeri konvoyun ge\u00e7i\u015fi esnas\u0131nda EYP patlat\u0131lmas\u0131 eyleminin tamilat\u0131n\u0131 verdi\u011fi,<\/li><li>22.08.2008 tarihinde Y\u00fcksekova Havre Tepede bulunan askeri birli\u011fe s\u0131zma eylemini ger\u00e7ekle\u015ftiren grup i\u00e7erisinde bulundu\u011fu.<\/li><li>12.07.2008 tarihinde Y\u00fcksekova Verag\u00f6z b\u00f6lgesinde askeri malzeme ta\u015f\u0131yan kamyonlar\u0131n yak\u0131lmas\u0131 eyleminin talimat\u0131n\u0131 vermi\u015ftir.<\/li><\/ul>\n\n\n\n<p>Di\u011fer etkisiz hale getirilen ter\u00f6ristlerin ise s\u00f6zde Botan Saha Karargah\u0131nda Botan Eyaleti Sorumlusu \u00d6zg\u00fcr Gabar kod adl\u0131 F\u0131rat \u015ei\u015fman\u2019\u0131n korumas\u0131 olarak faaliyet g\u00f6steren Canfeda Goyi kod adl\u0131 Tekin Y\u0131ld\u0131r\u0131m oldu\u011fu, Botan Saha Karargah\u0131nda Botan Eyaleti Sorumlusu \u00d6zg\u00fcr Gabar kod adl\u0131 F\u0131rat \u015ei\u015fman\u2019\u0131n korumas\u0131 ve muhaberecisi olarak faaliyet g\u00f6steren Diren Amed kod adl\u0131 oldu\u011fu tespit edildi<\/p>\n\n\n\n<p><\/p>\n\n\n\n<p>11 Eyl\u00fcl 2020 tarihinde icra edilen operasyonda (3) ter\u00f6risti etkisiz hale getirirken \u015fehit olan Jandarma Y\u00fczba\u015f\u0131 Mahmut TOP, J.Uzm.\u00c7v\u015f. Yusuf UYAR ve J.Uzm.\u00c7v\u015f. Sezer U\u00c7AR\u2019\u0131n kanlar\u0131 yerde kalmad\u0131<\/p>\n\n\n\n<p><br>S\u00fcleyman Soylu: <em>Y\u0131ld\u0131r\u0131m -11 Operasyonu kapsam\u0131nda, Siirt\u2018te, 4 PKK\u2019l\u0131 etkisiz hale getirildi<\/em><\/p>\n\n\n\n<p><em>Y\u0131ld\u0131r\u0131m-11 Operasyonu kapsam\u0131nda;<\/em> Siirt Pervari Herekol Da\u011f\u0131 b\u00f6lgesinde, \u0130l Jandarma Komutanl\u0131\u011f\u0131nca y\u00fcr\u00fct\u00fclen iki ayr\u0131 operasyonda, <em>4<\/em> b\u00f6l\u00fcc\u00fc ter\u00f6r \u00f6rg\u00fct\u00fc mensubu silahlar\u0131yla birlikte etkisiz hale getirildi.<\/p>\n\n\n\n<p><\/p>\n\n\n\n<p><\/p>\n","protected":false},"excerpt":{"rendered":"<p>S\u00fcleyman Soylu: Van\u2019da \u015fehit olan Jandarma Y\u00fczba\u015f\u0131 Mahmut TOP, Jandarma Uzman \u00c7avu\u015f Yusuf UYAR ve Jandarma Uzman \u00c7avu\u015f Sezer U\u00c7AR\u2019\u0131n kan\u0131 yerde kalmad\u0131 Yurt i\u00e7inde bulunan ter\u00f6ristlerin y\u00fcze 60\u2019\u0131n\u0131n sorumlusu olan, KIRMIZI kategoride arananan \u00f6rg\u00fct\u00fcn s\u00f6zde Botan Saha Sorumlusu Vahiyettin Karay etkisiz hale getirildi. Y\u0131ld\u0131r\u0131m-10 Nordoz Operasyonu kapsam\u0131nda, Van \u00c7atak il\u00e7esi Andi\u00e7en Mahallesi k\u0131rsal\u0131nda, yap\u0131lan &hellip;<\/p>\n","protected":false},"author":1,"featured_media":53,"comment_status":"open","ping_status":"open","sticky":false,"template":"","format":"standard","meta":[],"categories":[1],"tags":[],"_links":{"self":[{"href":"http:\/\/www.habertelgraf.com\/index.php?rest_route=\/wp\/v2\/posts\/306"}],"collection":[{"href":"http:\/\/www.habertelgraf.com\/index.php?rest_route=\/wp\/v2\/posts"}],"about":[{"href":"http:\/\/www.habertelgraf.com\/index.php?rest_route=\/wp\/v2\/types\/post"}],"author":[{"embeddable":true,"href":"http:\/\/www.habertelgraf.com\/index.php?rest_route=\/wp\/v2\/users\/1"}],"replies":[{"embeddable":true,"href":"http:\/\/www.habertelgraf.com\/index.php?rest_route=%2Fwp%2Fv2%2Fcomments&post=306"}],"version-history":[{"count":1,"href":"http:\/\/www.habertelgraf.com\/index.php?rest_route=\/wp\/v2\/posts\/306\/revisions"}],"predecessor-version":[{"id":307,"href":"http:\/\/www.habertelgraf.com\/index.php?rest_route=\/wp\/v2\/posts\/306\/revisions\/307"}],"wp:featuredmedia":[{"embeddable":true,"href":"http:\/\/www.habertelgraf.com\/index.php?rest_route=\/wp\/v2\/media\/53"}],"wp:attachment":[{"href":"http:\/\/www.habertelgraf.com\/index.php?rest_route=%2Fwp%2Fv2%2Fmedia&parent=306"}],"wp:term":[{"taxonomy":"category","embeddable":true,"href":"http:\/\/www.habertelgraf.com\/index.php?rest_route=%2Fwp%2Fv2%2Fcategories&post=306"},{"taxonomy":"post_tag","embeddable":true,"href":"http:\/\/www.habertelgraf.com\/index.php?rest_route=%2Fwp%2Fv2%2Ftags&post=306"}],"curies":[{"name":"wp","href":"https:\/\/api.w.org\/{rel}","templated":true}]}}