{"id":308,"date":"2020-09-30T22:49:06","date_gmt":"2020-09-30T19:49:06","guid":{"rendered":"http:\/\/www.habertelgraf.com\/?p=308"},"modified":"2020-09-30T22:49:08","modified_gmt":"2020-09-30T19:49:08","slug":"helikopterden-atilma-iddiasinin-perde-arkasi","status":"publish","type":"post","link":"http:\/\/www.habertelgraf.com\/?p=308","title":{"rendered":"Helikopterden at\u0131lma iddias\u0131n\u0131n perde arkas\u0131"},"content":{"rendered":"\n<p>Ter\u00f6r \u00f6rg\u00fct\u00fcne yak\u0131nl\u0131\u011f\u0131yla bilinen Mezopotamya Ajans\u0131 2 K\u00fcrt vatanda\u015f\u0131n helikopterden at\u0131ld\u0131\u011f\u0131na ili\u015fkin bir haber yapt\u0131.<\/p>\n\n\n\n<p>Haber k\u0131sa s\u00fcrede sosyal medyada yay\u0131ld\u0131. <\/p>\n\n\n\n<p>Olay\u0131 farkl\u0131 bir zemine \u00e7ekmeye \u00e7al\u0131\u015fan HDP &#8220;T\u00fcrkiye&#8217;de K\u00fcrtlerin ya\u015fam\u0131 insan ya\u015fam\u0131 say\u0131lmaz! Uluslararas\u0131 toplum, art\u0131k var olmayan Servet Turgut ve i\u015fkence travmas\u0131 ya\u015fayan Osman \u015eiban&#8217;\u0131n sesi olmal\u0131.&#8221;<\/p>\n\n\n\n<p>\u015feklinde farkl\u0131 dillerde twitler atarak konuyu uluslar aras\u0131 arenaya ta\u015f\u0131maya \u00e7al\u0131\u015ft\u0131.<\/p>\n\n\n\n<p><\/p>\n\n\n\n<figure class=\"wp-block-embed-twitter wp-block-embed is-type-rich is-provider-twitter\"><div class=\"wp-block-embed__wrapper\">\n<blockquote class=\"twitter-tweet\" data-width=\"550\" data-dnt=\"true\"><p lang=\"en\" dir=\"ltr\">Kurdish lives do not count as human lives in Turkey! The international community should act and be the voice of Servet Turgut, who no longer exists, and Osman \u015eiban, who still suffers from the trauma of torture. <a href=\"https:\/\/twitter.com\/hashtag\/KurdishLivesMatter?src=hash&amp;ref_src=twsrc%5Etfw\">#KurdishLivesMatter<\/a><a href=\"https:\/\/t.co\/x1fbUlsW03\">https:\/\/t.co\/x1fbUlsW03<\/a><\/p>&mdash; HDP English (@HDPenglish) <a href=\"https:\/\/twitter.com\/HDPenglish\/status\/1311366060864614400?ref_src=twsrc%5Etfw\">September 30, 2020<\/a><\/blockquote><script async src=\"https:\/\/platform.twitter.com\/widgets.js\" charset=\"utf-8\"><\/script>\n<\/div><\/figure>\n\n\n\n<p>Gelecek Partisi Genel Ba\u015fkan\u0131 Ahmet Davuto\u011flu olay\u0131n ara\u015ft\u0131r\u0131lma\u0131n\u0131 istedi.<\/p>\n\n\n\n<p><\/p>\n\n\n\n<figure class=\"wp-block-embed-twitter wp-block-embed is-type-rich is-provider-twitter\"><div class=\"wp-block-embed__wrapper\">\n<blockquote class=\"twitter-tweet\" data-width=\"550\" data-dnt=\"true\"><p lang=\"tr\" dir=\"ltr\">\u015e\u00fcpheler ve soru i\u015faretleri ayd\u0131nlat\u0131lmal\u0131!..<br><br>Hukuk devleti olaylar\u0131 \u00f6rtbas etmez, ayd\u0131nlat\u0131r. E\u011fer ak\u0131llarda \u015f\u00fcphe kal\u0131rsa, g\u00fcven sars\u0131l\u0131r. Hayat\u0131n\u0131 kaybeden Servet Turgut\u2019un helikopterden at\u0131ld\u0131\u011f\u0131 iddias\u0131 do\u011fru mu? Ger\u00e7ekler mutlaka ortaya \u00e7\u0131kmal\u0131, <a href=\"https:\/\/twitter.com\/hashtag\/ServetTurgut?src=hash&amp;ref_src=twsrc%5Etfw\">#ServetTurgut<\/a>&#39;a ne oldu? <a href=\"https:\/\/t.co\/AbYm8CRwVu\">https:\/\/t.co\/AbYm8CRwVu<\/a><\/p>&mdash; Ahmet Davuto\u011flu (@Ahmet_Davutoglu) <a href=\"https:\/\/twitter.com\/Ahmet_Davutoglu\/status\/1311384374949097473?ref_src=twsrc%5Etfw\">September 30, 2020<\/a><\/blockquote><script async src=\"https:\/\/platform.twitter.com\/widgets.js\" charset=\"utf-8\"><\/script>\n<\/div><\/figure>\n\n\n\n<p><\/p>\n\n\n\n<p>Deva Partisi Genel Ba\u015fkan\u0131 Ali Babacan ise olay\u0131n \u00fcst\u00fcn\u00fcn \u00f6rt\u00fclmemesi gerekti\u011fini savundu.<\/p>\n\n\n\n<p><\/p>\n\n\n\n<figure class=\"wp-block-embed-twitter wp-block-embed is-type-rich is-provider-twitter\"><div class=\"wp-block-embed__wrapper\">\n<blockquote class=\"twitter-tweet\" data-width=\"550\" data-dnt=\"true\"><p lang=\"tr\" dir=\"ltr\">K\u00f6y\u00fcnden helikopterle g\u00f6zalt\u0131na al\u0131nan 55 ya\u015f\u0131ndaki Vanl\u0131 \u00e7ift\u00e7i Servet Turgut hayat\u0131n\u0131 kaybetti. <br><br>Devletin g\u00f6revi i\u015fkence iddialar\u0131n\u0131n \u00fcst\u00fcn\u00fc \u00f6rtmek de\u011fil, Turgut\u2018un g\u00f6zalt\u0131ndayken ba\u015f\u0131na gelenleri ayd\u0131nlatmakt\u0131r.<br><br>Turgut\u2019a Allah\u2019tan rahmet, yak\u0131nlar\u0131na ba\u015fsa\u011fl\u0131\u011f\u0131 diliyorum.<\/p>&mdash; Ali Babacan (@alibabacan) <a href=\"https:\/\/twitter.com\/alibabacan\/status\/1311277229230481408?ref_src=twsrc%5Etfw\">September 30, 2020<\/a><\/blockquote><script async src=\"https:\/\/platform.twitter.com\/widgets.js\" charset=\"utf-8\"><\/script>\n<\/div><\/figure>\n\n\n\n<p><\/p>\n\n\n\n<p><\/p>\n\n\n\n<p>Sadece Mezopotamya Ajans\u0131n\u0131n haberinin metnini alarak sosyal medyada binlerce yorum yap\u0131ld\u0131. Devlet su\u00e7land\u0131. Olay\u0131n asl\u0131n\u0131n ise ba\u015fka oldu\u011fu ortaya \u00e7\u0131kt\u0131.<\/p>\n\n\n\n<p>Van Valili\u011fi konuyla ilgili daha ilk g\u00fcn bas\u0131n a\u00e7\u0131klamas\u0131 yapt\u0131. A\u00e7\u0131klamada \u015funlar kaydedidi:<\/p>\n\n\n\n<p>\u00a0&#8220;Van \u0130li \u00c7atak \u0130l\u00e7esi Andi\u00e7en Mahallesi S\u00fcrik Mezras\u0131 k\u0131rsal\u0131nda bulunan BT\u00d6 mensuplar\u0131n\u0131 etkisiz hale getirmek maksad\u0131yla 11 Eyl\u00fcl 2020 tarihinde icra edilen operasyon neticesinde; (2) BT\u00d6 mensubu etkisiz hale getirilmi\u015f (1) personel yaralanm \u0131\u015f (3) personel \u015fehit olmu\u015ftur. Temas\u0131 m\u00fcteakip b\u00f6lgede yap\u0131lan takip ve tarassut esnas\u0131nda \u00e7at\u0131\u015fma alan\u0131ndan ka\u00e7an (1) ter\u00f6rist daha, dere i\u00e7inde tespit edilerek \u00e7\u0131kan \u00e7at\u0131\u015fma neticesinde etkisiz hale getirilmi\u015ftir.\u00a0<br><br>S\u00f6z konusu ter\u00f6ristin etkisiz hale getirildi\u011fi yerde g\u00f6zetleme yapan ve \u015f\u00fcpheli hareketler sergileyen (1) \u015fahs\u0131n S.T bulundu\u011fu tespit edilmi\u015f, \u015fahs\u0131n dur ihtar\u0131na uymayarak ka\u00e7maya \u00e7al\u0131\u015ft\u0131\u011f\u0131 esnada kayal\u0131k alanda d\u00fc\u015ft\u00fc\u011f\u00fc ve yaraland\u0131\u011f\u0131 g\u00f6zlemlenmi\u015f, mukavemet g\u00f6stermesine ra\u011fmen yakalan\u0131p usul\u00fcne uygun olarak muhafaza alt\u0131na al\u0131nm\u0131\u015ft\u0131r.\u00a0\u00a0B\u00f6lgede BT\u00d6 mensuplar\u0131na yard\u0131m\/yatakl\u0131k etti\u011fi de\u011ferlendirilen O.\u015e isimli \u015fah\u0131s ayn\u0131 b\u00f6lgede mukavemet g\u00f6stermesine ra\u011fmen usul\u00fcne uygun olarak muhafaza alt\u0131na al\u0131nm\u0131\u015ft\u0131r.\u00a0\u00a0G\u00f6zalt\u0131 i\u015flemlerinin yap\u0131lmas\u0131 maksad\u0131yla (2) \u015f\u00fcpheli \u015fah\u0131s ve etkisiz hale getirilen (1) BT\u00d6 mensubu operasyon b\u00f6lgesinden helikopterle al\u0131narak, 11 Eyl\u00fcl 2020 g\u00fcn\u00fc saat 19.00 sular\u0131nda Van \u0130l J.K.l\u0131\u011f\u0131na getirilmi\u015ftir. \u015e\u00fcpheli \u015fah\u0131slar haz\u0131rda bekleyen ambulanslar ile \u00f6ncelikle en yak\u0131n \u00f6zel hastaneye, m\u00fcteakiben Van B\u00f6lge Ara\u015ft\u0131rma Hastanesine sevk edilmi\u015ftir.\u00a0\u00a0O.\u015e isimli \u015fah\u0131s tedavi i\u015flemlerinin tamamlanmas\u0131n\u0131 m\u00fcteakip 20 Eyl\u00fcl 2020 g\u00fcn\u00fc taburcu edilmi\u015ftir. S.T isimli \u015fahs\u0131n tedavisine devam edilmektedir.\u00a0<br><br>\u0130zah\u0131 yap\u0131lan iddialarla ilgili olarak Van Cumhuriyet Ba\u015fsavc\u0131l\u0131\u011f\u0131nca 11 Eyl\u00fcl 2020 tarihi itibar\u0131yla adli s\u00fcre\u00e7 ve e\u015f zamanl\u0131 olarak idarece idari soru\u015fturma ba\u015flat\u0131lm\u0131\u015f olup olay b\u00fct\u00fcn boyutlar\u0131yla titizlikle de\u011ferlendirilmektedir.\u00a0Kamuoyuna sayg\u0131yla duyurulur. \u00a0 \u00a0 \u00a0&#8220;<\/p>\n\n\n\n<p><\/p>\n\n\n\n<p>\u0130\u00e7i\u015fleri Bakan Yard\u0131mc\u0131s\u0131 \u0130smail \u00c7atakl\u0131 ise yap\u0131lan yanl\u0131\u015f yorumlara sert tepki g\u00f6sterdix<\/p>\n\n\n\n<p><\/p>\n\n\n\n<figure class=\"wp-block-embed-twitter wp-block-embed is-type-rich is-provider-twitter\"><div class=\"wp-block-embed__wrapper\">\n<blockquote class=\"twitter-tweet\" data-width=\"550\" data-dnt=\"true\"><p lang=\"tr\" dir=\"ltr\">Yaz\u0131klar olsun!<br><br>Israrla helikopter yalan\u0131n\u0131 tekrar edip ter\u00f6r \u00f6rg\u00fct\u00fcn\u00fcn d\u00fcmen suyuna girenler&#8230;<br><br>Hadi onlar K\u0131rm\u0131z\u0131 kategoriden bir bir eksilen ter\u00f6ristlerine a\u011flad\u0131klar\u0131 i\u00e7in \u00e7arp\u0131t\u0131yorlar.<br><br>Peki size ne oluyor?<\/p>&mdash; \u0130smail \u00c7ATAKLI (@ismailcatakli) <a href=\"https:\/\/twitter.com\/ismailcatakli\/status\/1311380970931728386?ref_src=twsrc%5Etfw\">September 30, 2020<\/a><\/blockquote><script async src=\"https:\/\/platform.twitter.com\/widgets.js\" charset=\"utf-8\"><\/script>\n<\/div><\/figure>\n","protected":false},"excerpt":{"rendered":"<p>Ter\u00f6r \u00f6rg\u00fct\u00fcne yak\u0131nl\u0131\u011f\u0131yla bilinen Mezopotamya Ajans\u0131 2 K\u00fcrt vatanda\u015f\u0131n helikopterden at\u0131ld\u0131\u011f\u0131na ili\u015fkin bir haber yapt\u0131. Haber k\u0131sa s\u00fcrede sosyal medyada yay\u0131ld\u0131. Olay\u0131 farkl\u0131 bir zemine \u00e7ekmeye \u00e7al\u0131\u015fan HDP &#8220;T\u00fcrkiye&#8217;de K\u00fcrtlerin ya\u015fam\u0131 insan ya\u015fam\u0131 say\u0131lmaz! Uluslararas\u0131 toplum, art\u0131k var olmayan Servet Turgut ve i\u015fkence travmas\u0131 ya\u015fayan Osman \u015eiban&#8217;\u0131n sesi olmal\u0131.&#8221; \u015feklinde farkl\u0131 dillerde twitler atarak konuyu &hellip;<\/p>\n","protected":false},"author":1,"featured_media":0,"comment_status":"open","ping_status":"open","sticky":false,"template":"","format":"standard","meta":[],"categories":[1],"tags":[],"_links":{"self":[{"href":"http:\/\/www.habertelgraf.com\/index.php?rest_route=\/wp\/v2\/posts\/308"}],"collection":[{"href":"http:\/\/www.habertelgraf.com\/index.php?rest_route=\/wp\/v2\/posts"}],"about":[{"href":"http:\/\/www.habertelgraf.com\/index.php?rest_route=\/wp\/v2\/types\/post"}],"author":[{"embeddable":true,"href":"http:\/\/www.habertelgraf.com\/index.php?rest_route=\/wp\/v2\/users\/1"}],"replies":[{"embeddable":true,"href":"http:\/\/www.habertelgraf.com\/index.php?rest_route=%2Fwp%2Fv2%2Fcomments&post=308"}],"version-history":[{"count":1,"href":"http:\/\/www.habertelgraf.com\/index.php?rest_route=\/wp\/v2\/posts\/308\/revisions"}],"predecessor-version":[{"id":309,"href":"http:\/\/www.habertelgraf.com\/index.php?rest_route=\/wp\/v2\/posts\/308\/revisions\/309"}],"wp:attachment":[{"href":"http:\/\/www.habertelgraf.com\/index.php?rest_route=%2Fwp%2Fv2%2Fmedia&parent=308"}],"wp:term":[{"taxonomy":"category","embeddable":true,"href":"http:\/\/www.habertelgraf.com\/index.php?rest_route=%2Fwp%2Fv2%2Fcategories&post=308"},{"taxonomy":"post_tag","embeddable":true,"href":"http:\/\/www.habertelgraf.com\/index.php?rest_route=%2Fwp%2Fv2%2Ftags&post=308"}],"curies":[{"name":"wp","href":"https:\/\/api.w.org\/{rel}","templated":true}]}}