{"id":310,"date":"2020-09-30T23:02:40","date_gmt":"2020-09-30T20:02:40","guid":{"rendered":"http:\/\/www.habertelgraf.com\/?p=310"},"modified":"2020-09-30T23:05:54","modified_gmt":"2020-09-30T20:05:54","slug":"cok-siddetli-yagis-geliyor","status":"publish","type":"post","link":"http:\/\/www.habertelgraf.com\/?p=310","title":{"rendered":"\u00c7ok \u015fiddetli ya\u011f\u0131\u015f geliyor!"},"content":{"rendered":"\n<h2>METEOLOJ\u0130 GENEL M\u00dcD\u00dcRL\u00dc\u011e\u00dcNDEN KUVVETL\u0130 YA\u011eI\u015e UYARISI: <\/h2>\n\n\n\n<p>Do\u011fu Karadeniz&#8217;de beklenen sa\u011fanak ve g\u00f6k g\u00fcr\u00fclt\u00fcl\u00fc sa\u011fanak ya\u011f\u0131\u015flar\u0131n gece saatlerine kadar Giresun, Trabzon ve Rize \u00e7evrelerinde kuvvetli ve \u00e7ok kuvvetli (21-75 Kg\/m2), Giresun&#8217;un do\u011fusu ve Trabzon&#8217;un bat\u0131s\u0131nda dolu ya\u011f\u0131\u015f\u0131 ile birlikte yerel olarak yer yer \u015fiddetli (76-100 Kg\/m2) olmas\u0131 beklendi\u011finden ani sel, su bask\u0131n\u0131, y\u0131ld\u0131r\u0131m tehlikesi, dolu ya\u011f\u0131\u015f\u0131, ya\u011f\u0131\u015f an\u0131nda kuvvetli r\u00fczgar ve heyelan tehlikesine kar\u015f\u0131 dikkatli ve tedbirli olunmal\u0131d\u0131r.<\/p>\n","protected":false},"excerpt":{"rendered":"<p>METEOLOJ\u0130 GENEL M\u00dcD\u00dcRL\u00dc\u011e\u00dcNDEN KUVVETL\u0130 YA\u011eI\u015e UYARISI: Do\u011fu Karadeniz&#8217;de beklenen sa\u011fanak ve g\u00f6k g\u00fcr\u00fclt\u00fcl\u00fc sa\u011fanak ya\u011f\u0131\u015flar\u0131n gece saatlerine kadar Giresun, Trabzon ve Rize \u00e7evrelerinde kuvvetli ve \u00e7ok kuvvetli (21-75 Kg\/m2), Giresun&#8217;un do\u011fusu ve Trabzon&#8217;un bat\u0131s\u0131nda dolu ya\u011f\u0131\u015f\u0131 ile birlikte yerel olarak yer yer \u015fiddetli (76-100 Kg\/m2) olmas\u0131 beklendi\u011finden ani sel, su bask\u0131n\u0131, y\u0131ld\u0131r\u0131m tehlikesi, dolu ya\u011f\u0131\u015f\u0131, &hellip;<\/p>\n","protected":false},"author":1,"featured_media":45,"comment_status":"open","ping_status":"open","sticky":false,"template":"","format":"standard","meta":[],"categories":[5],"tags":[],"_links":{"self":[{"href":"http:\/\/www.habertelgraf.com\/index.php?rest_route=\/wp\/v2\/posts\/310"}],"collection":[{"href":"http:\/\/www.habertelgraf.com\/index.php?rest_route=\/wp\/v2\/posts"}],"about":[{"href":"http:\/\/www.habertelgraf.com\/index.php?rest_route=\/wp\/v2\/types\/post"}],"author":[{"embeddable":true,"href":"http:\/\/www.habertelgraf.com\/index.php?rest_route=\/wp\/v2\/users\/1"}],"replies":[{"embeddable":true,"href":"http:\/\/www.habertelgraf.com\/index.php?rest_route=%2Fwp%2Fv2%2Fcomments&post=310"}],"version-history":[{"count":1,"href":"http:\/\/www.habertelgraf.com\/index.php?rest_route=\/wp\/v2\/posts\/310\/revisions"}],"predecessor-version":[{"id":311,"href":"http:\/\/www.habertelgraf.com\/index.php?rest_route=\/wp\/v2\/posts\/310\/revisions\/311"}],"wp:featuredmedia":[{"embeddable":true,"href":"http:\/\/www.habertelgraf.com\/index.php?rest_route=\/wp\/v2\/media\/45"}],"wp:attachment":[{"href":"http:\/\/www.habertelgraf.com\/index.php?rest_route=%2Fwp%2Fv2%2Fmedia&parent=310"}],"wp:term":[{"taxonomy":"category","embeddable":true,"href":"http:\/\/www.habertelgraf.com\/index.php?rest_route=%2Fwp%2Fv2%2Fcategories&post=310"},{"taxonomy":"post_tag","embeddable":true,"href":"http:\/\/www.habertelgraf.com\/index.php?rest_route=%2Fwp%2Fv2%2Ftags&post=310"}],"curies":[{"name":"wp","href":"https:\/\/api.w.org\/{rel}","templated":true}]}}