{"id":312,"date":"2020-09-30T23:04:39","date_gmt":"2020-09-30T20:04:39","guid":{"rendered":"http:\/\/www.habertelgraf.com\/?p=312"},"modified":"2020-09-30T23:04:40","modified_gmt":"2020-09-30T20:04:40","slug":"1-10-2020-hava-durumu","status":"publish","type":"post","link":"http:\/\/www.habertelgraf.com\/?p=312","title":{"rendered":"1.10.2020 HAVA DURUMU"},"content":{"rendered":"\n<h3>MARMARA<\/h3>\n\n\n\n<p>Par\u00e7al\u0131, do\u011fusunun yer yer \u00e7ok bulutlu ge\u00e7ece\u011fi tahmin ediliyor.<\/p>\n\n\n\n<h4>BURSA&nbsp;12\u00b0C,&nbsp;25\u00b0C<\/h4>\n\n\n\n<p>Par\u00e7al\u0131 bulutlu<\/p>\n\n\n\n<h4>\u0130STANBUL&nbsp;16\u00b0C,&nbsp;23\u00b0C<\/h4>\n\n\n\n<p>Par\u00e7al\u0131 bulutlu<\/p>\n\n\n\n<h4>KIRKLAREL\u0130&nbsp;10\u00b0C,&nbsp;25\u00b0C<\/h4>\n\n\n\n<p>Par\u00e7al\u0131 bulutlu<\/p>\n\n\n\n<h4>KOCAEL\u0130&nbsp;18\u00b0C,&nbsp;25\u00b0C<\/h4>\n\n\n\n<p>Par\u00e7al\u0131 ve yer yer \u00e7ok bulutlu<\/p>\n\n\n\n<h3>EGE<\/h3>\n\n\n\n<p>Par\u00e7al\u0131 ve az bulutlu ge\u00e7ece\u011fi tahmin ediliyor.<\/p>\n\n\n\n<h4>AFYONKARAH\u0130SAR&nbsp;10\u00b0C,&nbsp;22\u00b0C<\/h4>\n\n\n\n<p>Par\u00e7al\u0131 bulutlu<\/p>\n\n\n\n<h4>\u0130ZM\u0130R&nbsp;17\u00b0C,&nbsp;27\u00b0C<\/h4>\n\n\n\n<p>Az bulutlu<\/p>\n\n\n\n<h4>MAN\u0130SA&nbsp;14\u00b0C,&nbsp;27\u00b0C<\/h4>\n\n\n\n<p>Par\u00e7al\u0131 ve az bulutlu<\/p>\n\n\n\n<h4>MU\u011eLA&nbsp;12\u00b0C,&nbsp;26\u00b0C<\/h4>\n\n\n\n<p>Az bulutlu<\/p>\n\n\n\n<h3>AKDEN\u0130Z<\/h3>\n\n\n\n<p>Par\u00e7al\u0131, i\u00e7 ve do\u011fu kesimlerinin yer yer \u00e7ok bulutlu, Do\u011fu Akdeniz&#8217;in yerel olmak \u00fczere sa\u011fanak ve g\u00f6k g\u00fcr\u00fclt\u00fcl\u00fc sa\u011fanak ya\u011f\u0131\u015fl\u0131 ge\u00e7ece\u011fi tahmin ediliyor. Ya\u011f\u0131\u015flar\u0131n yar\u0131n (Per\u015fembe) Do\u011fu Akdeniz&#8217;in Toroslar kesiminde yer yer kuvvetli (21-50 kg\/m2) olmas\u0131 bekleniyor.<\/p>\n\n\n\n<h4>ADANA&nbsp;23\u00b0C,&nbsp;32\u00b0C<\/h4>\n\n\n\n<p>Par\u00e7al\u0131 ve \u00e7ok bulutlu, ak\u015fam ve gece saatlerinde kuzey kesimleri, sabah saatlerinden itibaren il geneli yerel olmak \u00fczere sa\u011fanak ve g\u00f6k g\u00fcr\u00fclt\u00fcl\u00fc sa\u011fanak ya\u011f\u0131\u015fl\u0131 ge\u00e7ecek. Ya\u011f\u0131\u015flar\u0131n, yar\u0131n kuzey kesimlerinde yer yer kuvvetli olmas\u0131 bekleniyor.<\/p>\n\n\n\n<h4>ANTALYA&nbsp;22\u00b0C,&nbsp;29\u00b0C<\/h4>\n\n\n\n<p>Az bulutlu<\/p>\n\n\n\n<h4>HATAY&nbsp;23\u00b0C,&nbsp;27\u00b0C<\/h4>\n\n\n\n<p>Par\u00e7al\u0131 ve \u00e7ok bulutlu, yar\u0131n (Per\u015fembe) sa\u011fanak ve g\u00f6k g\u00fcr\u00fclt\u00fcl\u00fc sa\u011fanak ya\u011f\u0131\u015fl\u0131<\/p>\n\n\n\n<h4>ISPARTA&nbsp;11\u00b0C,&nbsp;26\u00b0C<\/h4>\n\n\n\n<p>Par\u00e7al\u0131 ve az bulutlu<\/p>\n\n\n\n<h3>\u0130\u00c7 ANADOLU<\/h3>\n\n\n\n<p>Par\u00e7al\u0131, do\u011fusunun yer yer \u00e7ok bulutlu, Kayseri, Sivas, Yozgat, Nev\u015fehir ve Ni\u011fde \u00e7evrelerinin sa\u011fanak ve g\u00f6k g\u00fcr\u00fclt\u00fcl\u00fc sa\u011fanak ya\u011f\u0131\u015fl\u0131 ge\u00e7ece\u011fi tahmin ediliyor.<\/p>\n\n\n\n<h4>ANKARA&nbsp;12\u00b0C,&nbsp;24\u00b0C<\/h4>\n\n\n\n<p>Par\u00e7al\u0131 bulutlu<\/p>\n\n\n\n<h4>\u00c7ANKIRI&nbsp;10\u00b0C,&nbsp;25\u00b0C<\/h4>\n\n\n\n<p>Par\u00e7al\u0131, yer yer \u00e7ok bulutlu<\/p>\n\n\n\n<h4>ESK\u0130\u015eEH\u0130R&nbsp;10\u00b0C,&nbsp;23\u00b0C<\/h4>\n\n\n\n<p>Par\u00e7al\u0131 bulutlu<\/p>\n\n\n\n<h4>KONYA&nbsp;12\u00b0C,&nbsp;27\u00b0C<\/h4>\n\n\n\n<p>Par\u00e7al\u0131 ve az bulutlu<\/p>\n\n\n\n<h3>BATI KARADEN\u0130Z<\/h3>\n\n\n\n<p>Par\u00e7al\u0131, yer yer \u00e7ok bulutlu, Sinop ve Kastamonu \u00e7evrelerinin sa\u011fanak ve g\u00f6k g\u00fcr\u00fclt\u00fcl\u00fc sa\u011fanak ya\u011f\u0131\u015fl\u0131 ge\u00e7ece\u011fi tahmin ediliyor.<\/p>\n\n\n\n<h4>BOLU&nbsp;9\u00b0C,&nbsp;22\u00b0C<\/h4>\n\n\n\n<p>Par\u00e7al\u0131, yer yer \u00e7ok bulutlu<\/p>\n\n\n\n<h4>D\u00dcZCE&nbsp;12\u00b0C,&nbsp;25\u00b0C<\/h4>\n\n\n\n<p>Par\u00e7al\u0131, yer yer \u00e7ok bulutlu<\/p>\n\n\n\n<h4>KASTAMONU&nbsp;9\u00b0C,&nbsp;21\u00b0C<\/h4>\n\n\n\n<p>Par\u00e7al\u0131, yer yer \u00e7ok bulutlu, aral\u0131kl\u0131 sa\u011fanak ve g\u00f6k g\u00fcr\u00fclt\u00fcl\u00fc sa\u011fanak ya\u011f\u0131\u015fl\u0131<\/p>\n\n\n\n<h4>ZONGULDAK&nbsp;16\u00b0C,&nbsp;22\u00b0C<\/h4>\n\n\n\n<p>Par\u00e7al\u0131, yer yer \u00e7ok bulutlu<\/p>\n\n\n\n<h3>ORTA ve DO\u011eU KARADEN\u0130Z<\/h3>\n\n\n\n<p>Par\u00e7al\u0131 ve \u00e7ok bulutlu, aral\u0131kl\u0131 sa\u011fanak ve g\u00f6k g\u00fcr\u00fclt\u00fcl\u00fc sa\u011fanak ya\u011f\u0131\u015fl\u0131 ge\u00e7ece\u011fi tahmin ediliyor. Do\u011fu Karadeniz&#8217;de beklenen sa\u011fanak ve g\u00f6k g\u00fcr\u00fclt\u00fcl\u00fc sa\u011fanak ya\u011f\u0131\u015flar\u0131n gece saatlerine kadar Giresun, Trabzon ve Rize \u00e7evrelerinde kuvvetli ve \u00e7ok kuvvetli (21-75 Kg\/m2), Giresun&#8217;un do\u011fusu ve Trabzon&#8217;un bat\u0131s\u0131nda dolu ya\u011f\u0131\u015f\u0131 ile birlikte yerel olarak yer yer \u015fiddetli (76-100 Kg\/m2) olmas\u0131 bekleniyor.<\/p>\n\n\n\n<h4>AMASYA&nbsp;15\u00b0C,&nbsp;27\u00b0C<\/h4>\n\n\n\n<p>Par\u00e7al\u0131 ve \u00e7ok bulutlu, yar\u0131n \u00f6\u011fle saatlerinden sonra sa\u011fanak ve g\u00f6k g\u00fcr\u00fclt\u00fcl\u00fc sa\u011fanak ya\u011f\u0131\u015fl\u0131<\/p>\n\n\n\n<h4>R\u0130ZE&nbsp;20\u00b0C,&nbsp;25\u00b0C<\/h4>\n\n\n\n<p>Par\u00e7al\u0131 ve \u00e7ok bulutlu, aral\u0131kl\u0131 sa\u011fanak ve g\u00f6k g\u00fcr\u00fclt\u00fcl\u00fc sa\u011fanak ya\u011f\u0131\u015fl\u0131 ge\u00e7ece\u011fi tahmin ediliyor. Ya\u011f\u0131\u015flar\u0131n gece saatlerine kadar kuvvetli ve \u00e7ok kuvvetli (21-75 kg\/m2) olmas\u0131 bekleniyor.<\/p>\n\n\n\n<h4>SAMSUN&nbsp;18\u00b0C,&nbsp;21\u00b0C<\/h4>\n\n\n\n<p>Par\u00e7al\u0131 ve \u00e7ok bulutlu, aral\u0131kl\u0131 sa\u011fanak ve g\u00f6k g\u00fcr\u00fclt\u00fcl\u00fc sa\u011fanak ya\u011f\u0131\u015fl\u0131<\/p>\n\n\n\n<h4>TRABZON&nbsp;20\u00b0C,&nbsp;23\u00b0C<\/h4>\n\n\n\n<p>Par\u00e7al\u0131 ve \u00e7ok bulutlu, aral\u0131kl\u0131 sa\u011fanak ve g\u00f6k g\u00fcr\u00fclt\u00fcl\u00fc sa\u011fanak ya\u011f\u0131\u015fl\u0131 ge\u00e7ece\u011fi tahmin ediliyor. Ya\u011f\u0131\u015flar\u0131n gece saatlerine kadar kuvvetli ve \u00e7ok kuvvetli (21-75 kg\/m2), bat\u0131 kesimlerinde dolu ya\u011f\u0131\u015f\u0131 ile birlikte yer yer \u015fiddetli olmas\u0131 bekleniyor.<\/p>\n\n\n\n<h3>DO\u011eU ANADOLU<\/h3>\n\n\n\n<p>Par\u00e7al\u0131, kuzey kesimlerinin yer yer \u00e7ok bulutlu, ak\u015fam saatlerinde Kars ve Ardahan \u00e7evrelerinin yerel olmak \u00fczere sa\u011fanak ve g\u00f6k g\u00fcr\u00fclt\u00fcl\u00fc sa\u011fanak ya\u011f\u0131\u015fl\u0131 ge\u00e7ece\u011fi tahmin ediliyor.<\/p>\n\n\n\n<h4>ERZURUM&nbsp;7\u00b0C,&nbsp;23\u00b0C<\/h4>\n\n\n\n<p>Par\u00e7al\u0131, yer yer \u00e7ok bulutlu<\/p>\n\n\n\n<h4>KARS&nbsp;4\u00b0C,&nbsp;22\u00b0C<\/h4>\n\n\n\n<p>Par\u00e7al\u0131, yer yer \u00e7ok bulutlu, ak\u015fam saatlerinde sa\u011fanak ve g\u00f6k g\u00fcr\u00fclt\u00fcl\u00fc sa\u011fanak ya\u011f\u0131\u015fl\u0131<\/p>\n\n\n\n<h4>MALATYA&nbsp;13\u00b0C,&nbsp;27\u00b0C<\/h4>\n\n\n\n<p>Par\u00e7al\u0131 bulutlu<\/p>\n\n\n\n<h4>VAN&nbsp;7\u00b0C,&nbsp;24\u00b0C<\/h4>\n\n\n\n<p>Par\u00e7al\u0131, yer yer \u00e7ok bulutlu<\/p>\n\n\n\n<h3>G\u00dcNEYDO\u011eU ANADOLU<\/h3>\n\n\n\n<p>Bat\u0131 kesimlerinin par\u00e7al\u0131 ve yer yer \u00e7ok bulutlu, di\u011fer yerlerin az bulutlu ve a\u00e7\u0131k ge\u00e7ece\u011fi tahmin ediliyor.<\/p>\n\n\n\n<h4>D\u0130YARBAKIR&nbsp;13\u00b0C,&nbsp;30\u00b0C<\/h4>\n\n\n\n<p>Az bulutlu<\/p>\n\n\n\n<h4>GAZ\u0130ANTEP&nbsp;17\u00b0C,&nbsp;28\u00b0C<\/h4>\n\n\n\n<p>Par\u00e7al\u0131, yer yer \u00e7ok bulutlu<\/p>\n\n\n\n<h4>S\u0130\u0130RT&nbsp;19\u00b0C,&nbsp;30\u00b0C<\/h4>\n\n\n\n<p>Az bulutlu<\/p>\n\n\n\n<h4>\u015eANLIURFA&nbsp;20\u00b0C,&nbsp;32\u00b0C<\/h4>\n\n\n\n<p>Az bulutlu ve a\u00e7\u0131k<\/p>\n\n\n\n<h2>DEN\u0130ZLERDE HAVA<\/h2>\n\n\n\n<p>Bat\u0131 Akdeniz&#8217;de f\u0131rt\u0131na bekleniyor.<\/p>\n\n\n\n<h3>KARADEN\u0130Z<\/h3>\n\n\n\n<p>Hava Durumu: Par\u00e7al\u0131 ve \u00e7ok bulutlu, sa\u011fanak ve g\u00f6k g\u00fcr\u00fclt\u00fcl\u00fc sa\u011fanak ya\u011f\u0131\u015fl\u0131, R\u00fczgar: Bat\u0131 Karadeniz\u2019de bat\u0131 ve g\u00fcneybat\u0131, \u00f6\u011fleden sonra g\u00fcneydo\u011fudan 3 ila 5 (20-40 km\/sa); Do\u011fu Karadeniz\u2019de bat\u0131 ve kuzeybat\u0131dan, \u00f6\u011fleden sonra kuzeydo\u011fudan 3 ila 5 (20-40 km\/sa), sabah saatlerinde 6 (50 km\/sa) kuvvetinde; Dalga: 1,0 ila 2,0 m, sabah do\u011fusu 2,5 m; G\u00f6r\u00fc\u015f: \u0130yi, ya\u011f\u0131\u015f an\u0131nda orta.<\/p>\n\n\n\n<h3>MARMARA<\/h3>\n\n\n\n<p>Hava Durumu: Par\u00e7al\u0131 bulutlu, R\u00fczgar: G\u00fcney ve g\u00fcneybat\u0131dan, \u00f6\u011fleden sonra g\u00fcneydo\u011fudan 2 ila 4 (10-30 km\/sa) kuvvetinde, Dalga: 0,5 ila 1,5 m, G\u00f6r\u00fc\u015f: \u0130yi.<\/p>\n\n\n\n<h3>EGE<\/h3>\n\n\n\n<p>Hava Durumu: Par\u00e7al\u0131 ve az bulutlu; R\u00fczgar: Kuzey Ege\u2019de bat\u0131 ve kuzeybat\u0131dan, \u00f6\u011fleden itibaren g\u00fcneybat\u0131dan 2 ila 4 (10-30 km\/sa); G\u00fcney Ege\u2019de kuzey ve kuzeybat\u0131dan, \u00f6\u011fleden itibaren g\u00fcneybat\u0131dan 3 ila 5 (20-40 km\/sa), g\u00fcneyi 4 ila 6 (30-50 km\/sa) kuvvetinde; Dalga: 1,0 ila 2,0m, G\u00fcney Ege\u2019nin g\u00fcneyi 2,5 m, G\u00f6r\u00fc\u015f: \u0130yi.<\/p>\n\n\n\n<h3>AKDEN\u0130Z<\/h3>\n\n\n\n<p>Hava Durumu: Par\u00e7al\u0131 az bulutlu; R\u00fczgar Bat\u0131 Akdeniz&#8217;de bat\u0131 ve g\u00fcneybat\u0131dan 4 ila 6 (30-50 km\/sa), bat\u0131s\u0131 6 ila 8 (60-75 km\/sa); Do\u011fu Akdeniz&#8217;de bat\u0131 ve g\u00fcneybat\u0131dan 4 ila 6 (30-50 km\/sa), k\u0131y\u0131 kesimleri kuzeydo\u011fudan 3 ila 5 (20-40 km\/sa) kuvvetinde; Dalga: 1,5 ila 2,5 m, k\u0131y\u0131 kesimleri 1,0 ila 2,0 m, G\u00f6r\u00fc\u015f: \u0130yi.<\/p>\n\n\n\n<h3>VAN G\u00d6L\u00dc<\/h3>\n\n\n\n<p>Hava Durumu: Az bulutlu, \u00f6\u011fle saatlerinde yer yer par\u00e7al\u0131 bulutlu; R\u00fczgar: Do\u011fu ve kuzeydo\u011fu, \u00f6\u011fle saatlerinde bat\u0131 ve g\u00fcneybat\u0131dan 2 ila 4 (10-30 km\/sa) \u00f6\u011fleden sonra 4 ila 6 (30-50 km\/sa) kuvvetinde; Dalga: 0,25 ila 0,75 m; \u00f6\u011fleden sonra 1,5 m; G\u00f6r\u00fc\u015f: \u0130yi.<\/p>\n","protected":false},"excerpt":{"rendered":"<p>MARMARA Par\u00e7al\u0131, do\u011fusunun yer yer \u00e7ok bulutlu ge\u00e7ece\u011fi tahmin ediliyor. BURSA&nbsp;12\u00b0C,&nbsp;25\u00b0C Par\u00e7al\u0131 bulutlu \u0130STANBUL&nbsp;16\u00b0C,&nbsp;23\u00b0C Par\u00e7al\u0131 bulutlu KIRKLAREL\u0130&nbsp;10\u00b0C,&nbsp;25\u00b0C Par\u00e7al\u0131 bulutlu KOCAEL\u0130&nbsp;18\u00b0C,&nbsp;25\u00b0C Par\u00e7al\u0131 ve yer yer \u00e7ok bulutlu EGE Par\u00e7al\u0131 ve az bulutlu ge\u00e7ece\u011fi tahmin ediliyor. AFYONKARAH\u0130SAR&nbsp;10\u00b0C,&nbsp;22\u00b0C Par\u00e7al\u0131 bulutlu \u0130ZM\u0130R&nbsp;17\u00b0C,&nbsp;27\u00b0C Az bulutlu MAN\u0130SA&nbsp;14\u00b0C,&nbsp;27\u00b0C Par\u00e7al\u0131 ve az bulutlu MU\u011eLA&nbsp;12\u00b0C,&nbsp;26\u00b0C Az bulutlu AKDEN\u0130Z Par\u00e7al\u0131, i\u00e7 ve do\u011fu kesimlerinin yer &hellip;<\/p>\n","protected":false},"author":1,"featured_media":0,"comment_status":"open","ping_status":"open","sticky":false,"template":"","format":"standard","meta":[],"categories":[5],"tags":[],"_links":{"self":[{"href":"http:\/\/www.habertelgraf.com\/index.php?rest_route=\/wp\/v2\/posts\/312"}],"collection":[{"href":"http:\/\/www.habertelgraf.com\/index.php?rest_route=\/wp\/v2\/posts"}],"about":[{"href":"http:\/\/www.habertelgraf.com\/index.php?rest_route=\/wp\/v2\/types\/post"}],"author":[{"embeddable":true,"href":"http:\/\/www.habertelgraf.com\/index.php?rest_route=\/wp\/v2\/users\/1"}],"replies":[{"embeddable":true,"href":"http:\/\/www.habertelgraf.com\/index.php?rest_route=%2Fwp%2Fv2%2Fcomments&post=312"}],"version-history":[{"count":1,"href":"http:\/\/www.habertelgraf.com\/index.php?rest_route=\/wp\/v2\/posts\/312\/revisions"}],"predecessor-version":[{"id":313,"href":"http:\/\/www.habertelgraf.com\/index.php?rest_route=\/wp\/v2\/posts\/312\/revisions\/313"}],"wp:attachment":[{"href":"http:\/\/www.habertelgraf.com\/index.php?rest_route=%2Fwp%2Fv2%2Fmedia&parent=312"}],"wp:term":[{"taxonomy":"category","embeddable":true,"href":"http:\/\/www.habertelgraf.com\/index.php?rest_route=%2Fwp%2Fv2%2Fcategories&post=312"},{"taxonomy":"post_tag","embeddable":true,"href":"http:\/\/www.habertelgraf.com\/index.php?rest_route=%2Fwp%2Fv2%2Ftags&post=312"}],"curies":[{"name":"wp","href":"https:\/\/api.w.org\/{rel}","templated":true}]}}