{"id":316,"date":"2020-10-02T14:04:38","date_gmt":"2020-10-02T11:04:38","guid":{"rendered":"http:\/\/www.habertelgraf.com\/?p=316"},"modified":"2020-10-02T14:04:38","modified_gmt":"2020-10-02T11:04:38","slug":"amedspor-iddialarinin-perde-arkasi","status":"publish","type":"post","link":"http:\/\/www.habertelgraf.com\/?p=316","title":{"rendered":"Amedspor iddialar\u0131n\u0131n perde arkas\u0131"},"content":{"rendered":"\n<p>\u0130\u00e7i\u015fleri Bakanl\u0131\u011f\u0131 yap\u0131lan haberlerle ilgili a\u00e7\u0131klama yay\u0131nlad\u0131. internet sitesinden yap\u0131lan a\u00e7\u0131klamada \u015funlar kaydedildi<\/p>\n\n\n\n<p><\/p>\n\n\n\n<p><strong>Ter\u00f6re m\u00fczahir baz\u0131 bas\u0131n organlar\u0131nda Amedspor\u2019un denetimine ili\u015fkin olarak ger\u00e7ek d\u0131\u015f\u0131 haberler yap\u0131lmas\u0131 \u00fczerine a\u00e7\u0131klama yap\u0131lmas\u0131 zarureti do\u011fmu\u015ftur.\u00a0Amedspor\u2019un M\u00fclkiye M\u00fcfetti\u015fleri ve Dernekler Denet\u00e7ileri taraf\u0131ndan denetlenmesi sonucunda a\u015fa\u011f\u0131daki hususlar tespit edilmi\u015ftir:<\/strong><\/p>\n\n\n\n<ul><li>Amedspor Kul\u00fcb\u00fcne Belediye Kanununa ayk\u0131r\u0131 olarak, ter\u00f6r \u00f6rg\u00fct\u00fc s\u00f6zde y\u00f6neticileri taraf\u0131ndan verilen talimatlar do\u011frultusunda Diyarbak\u0131r B\u00fcy\u00fck\u015fehir Belediyesi (1.500.000 TL), Bismil (30.000 TL) Ba\u011flar (70.000 TL). Silvan (50.000 TL) ve Yeni\u015fehir (Ayni) Belediye Ba\u015fkanl\u0131klar\u0131 taraf\u0131ndan Kul\u00fcbe yap\u0131lan yard\u0131mlara ili\u015fkin Savc\u0131l\u0131\u011fa su\u00e7 duyurusunda bulunuldu\u011fu,<\/li><li>Kul\u00fcb\u00fcn, baz\u0131 firma ve 3. ki\u015filere olan toplam 9.513.174 TL tutar\u0131ndaki bor\u00e7lar\u0131n\u0131n defter kay\u0131tlar\u0131ndan \u00e7\u0131kar\u0131ld\u0131\u011f\u0131,<\/li><li>Kul\u00fcb\u00fcn al\u0131nd\u0131 belgesi ile tahsil edilen 125.000 TL tutar\u0131ndaki ba\u011f\u0131\u015f ve gelirinin Kul\u00fcp kasas\u0131na giri\u015finin yap\u0131lmad\u0131\u011f\u0131,<\/li><li>Ma\u00e7lar\u0131n yay\u0131n hakk\u0131 kar\u015f\u0131l\u0131\u011f\u0131nda TFF\u2019den Kul\u00fcbe g\u00f6nderilen 354.264 TL ve 152.700 TL\u2019nin Kul\u00fcp defterlerine kaydedilmedi\u011fi,<\/li><li>Kul\u00fcp ile Amedspor A.\u015e. aras\u0131ndaki s\u00f6zle\u015fme gere\u011fi kul\u00fcbe \u00fccretsiz verilmesi gereken toplam 402.472 TL tutar\u0131ndaki sporcu malzemelerinin \u00fccretli olarak sat\u0131n al\u0131nd\u0131\u011f\u0131,<\/li><li>Kul\u00fcp ile Amed Spor Sanayi ve Ticaret A.\u015e. aras\u0131ndaki bor\u00e7 al\u0131\u015fveri\u015fine ili\u015fkin olarak, Kul\u00fcb\u00fcn \u015firket lehine verdi\u011fi temlik nedeniyle T\u00fcrkiye Futbol Federasyonu\u2019nun ad\u0131 ge\u00e7en \u015firkete \u00f6dedi\u011fi 783.955 TL tutar\u0131ndaki \u00f6demenin mali defterlere kay\u0131t edilmedi\u011fi,<\/li><\/ul>\n\n\n\n<p>&nbsp;&nbsp;&nbsp;&nbsp;&nbsp;&nbsp;&nbsp;&nbsp; Hususlar\u0131na ili\u015fkin olarak savc\u0131l\u0131\u011fa su\u00e7 duyurusunda bulunulmu\u015ftur.<\/p>\n\n\n\n<ul><li>Ayr\u0131ca, konusu kabahat olan i\u015flemleri nedeniyle, Kul\u00fcp y\u00f6neticileri ve ilgili ki\u015filere 7.268 TL idari para cezas\u0131 verilmi\u015ftir.<\/li><li>Sporculara ve teknik heyete yap\u0131lan ma\u00e7 ba\u015f\u0131 \u00f6demelerinin ve prim \u00f6demelerinin \u00e7al\u0131\u015fanlar\u0131n \u00fccret hesab\u0131nda dikkate al\u0131nmad\u0131\u011f\u0131, sporcu ve teknik adam s\u00f6zle\u015fmelerinde yer alan i\u015fe ba\u015flama ve i\u015ften ayr\u0131l\u0131\u015f tarihleri ile Sosyal G\u00fcvenlik Kurumuna yap\u0131lan i\u015fe giri\u015f ve i\u015ften ayr\u0131l\u0131\u015f bildirimlerinin uyumlu olmad\u0131\u011f\u0131 tespit edildi\u011finden, Sosyal G\u00fcvenlik \u0130l M\u00fcd\u00fcrl\u00fc\u011f\u00fcne tevdi raporu d\u00fczenlenmi\u015ftir.<\/li><li>Baz\u0131 d\u00f6nemlerde i\u015f\u00e7i \u00fccretlerinin elden ve \u00e7ek kar\u015f\u0131l\u0131\u011f\u0131nda \u00f6dendi\u011fi tespit edildi\u011finden, \u0130\u015eKUR M\u00fcd\u00fcrl\u00fc\u011f\u00fcne tevdi raporu d\u00fczenlenmi\u015ftir.<\/li><li>Gider pusulalar\u0131nda istihkak sahiplerinden herhangi bir vergi tevkifat\u0131 yap\u0131lmad\u0131\u011f\u0131, 7.000 TL ve \u00fczeri baz\u0131 \u00f6demelerin arac\u0131 finansal kurumlar kanal\u0131yla yap\u0131lmad\u0131\u011f\u0131, Kul\u00fcp ile sporcular, teknik adamlar ve sa\u011fl\u0131k ekibi aras\u0131nda d\u00fczenlenen s\u00f6zle\u015fmelerde damga vergisinin \u00f6denmedi\u011fi, Futbolculara yap\u0131lan ma\u00e7 ba\u015f\u0131 ve prim \u00f6demelerinden %5 stopaj kesintisi yap\u0131lmad\u0131\u011f\u0131 ve benzeri hususlarda d\u00fczenlenen tevdi raporu Vergi Dairesi Ba\u015fkanl\u0131\u011f\u0131na bildirilmi\u015ftir.<\/li><li>Ad\u0131 ge\u00e7en belediyeler taraf\u0131ndan Belediye Kanununa ayk\u0131r\u0131 olarak Kul\u00fcbe yap\u0131lan yard\u0131mlar konusunda Say\u0131\u015ftay Ba\u015fkanl\u0131\u011f\u0131na tevdi raporu d\u00fczenlemi\u015ftir.<\/li><\/ul>\n\n\n\n<p>Yap\u0131lan denetim sonucunda, Kul\u00fcb\u00fcn kanunlara ve ilgili mevzuata ayk\u0131r\u0131 hareket etti\u011finin tespit edilmesi nedeniyle, yukar\u0131da belirtilen ve benzeri bir \u00e7ok hususta adli ve idari i\u015flem yap\u0131lmas\u0131 i\u00e7in d\u00fczenlenen raporlar ilgili mercilere g\u00f6nderilmi\u015ftir.<\/p>\n","protected":false},"excerpt":{"rendered":"<p>\u0130\u00e7i\u015fleri Bakanl\u0131\u011f\u0131 yap\u0131lan haberlerle ilgili a\u00e7\u0131klama yay\u0131nlad\u0131. internet sitesinden yap\u0131lan a\u00e7\u0131klamada \u015funlar kaydedildi Ter\u00f6re m\u00fczahir baz\u0131 bas\u0131n organlar\u0131nda Amedspor\u2019un denetimine ili\u015fkin olarak ger\u00e7ek d\u0131\u015f\u0131 haberler yap\u0131lmas\u0131 \u00fczerine a\u00e7\u0131klama yap\u0131lmas\u0131 zarureti do\u011fmu\u015ftur.\u00a0Amedspor\u2019un M\u00fclkiye M\u00fcfetti\u015fleri ve Dernekler Denet\u00e7ileri taraf\u0131ndan denetlenmesi sonucunda a\u015fa\u011f\u0131daki hususlar tespit edilmi\u015ftir: Amedspor Kul\u00fcb\u00fcne Belediye Kanununa ayk\u0131r\u0131 olarak, ter\u00f6r \u00f6rg\u00fct\u00fc s\u00f6zde y\u00f6neticileri taraf\u0131ndan verilen &hellip;<\/p>\n","protected":false},"author":1,"featured_media":0,"comment_status":"open","ping_status":"open","sticky":false,"template":"","format":"standard","meta":[],"categories":[4],"tags":[],"_links":{"self":[{"href":"http:\/\/www.habertelgraf.com\/index.php?rest_route=\/wp\/v2\/posts\/316"}],"collection":[{"href":"http:\/\/www.habertelgraf.com\/index.php?rest_route=\/wp\/v2\/posts"}],"about":[{"href":"http:\/\/www.habertelgraf.com\/index.php?rest_route=\/wp\/v2\/types\/post"}],"author":[{"embeddable":true,"href":"http:\/\/www.habertelgraf.com\/index.php?rest_route=\/wp\/v2\/users\/1"}],"replies":[{"embeddable":true,"href":"http:\/\/www.habertelgraf.com\/index.php?rest_route=%2Fwp%2Fv2%2Fcomments&post=316"}],"version-history":[{"count":1,"href":"http:\/\/www.habertelgraf.com\/index.php?rest_route=\/wp\/v2\/posts\/316\/revisions"}],"predecessor-version":[{"id":317,"href":"http:\/\/www.habertelgraf.com\/index.php?rest_route=\/wp\/v2\/posts\/316\/revisions\/317"}],"wp:attachment":[{"href":"http:\/\/www.habertelgraf.com\/index.php?rest_route=%2Fwp%2Fv2%2Fmedia&parent=316"}],"wp:term":[{"taxonomy":"category","embeddable":true,"href":"http:\/\/www.habertelgraf.com\/index.php?rest_route=%2Fwp%2Fv2%2Fcategories&post=316"},{"taxonomy":"post_tag","embeddable":true,"href":"http:\/\/www.habertelgraf.com\/index.php?rest_route=%2Fwp%2Fv2%2Ftags&post=316"}],"curies":[{"name":"wp","href":"https:\/\/api.w.org\/{rel}","templated":true}]}}