{"id":318,"date":"2020-10-03T14:12:14","date_gmt":"2020-10-03T11:12:14","guid":{"rendered":"http:\/\/www.habertelgraf.com\/?p=318"},"modified":"2020-10-03T14:12:16","modified_gmt":"2020-10-03T11:12:16","slug":"devlet-uzerine-duseni-yapiyor-peki-ya-imamoglu","status":"publish","type":"post","link":"http:\/\/www.habertelgraf.com\/?p=318","title":{"rendered":"Devlet \u00fczerine d\u00fc\u015feni yap\u0131yor, peki ya \u0130mamo\u011flu?"},"content":{"rendered":"\n<p>\u0130stanbul hizmet bekliyor <\/p>\n\n\n\n<p>\u0130stanbul&#8217;a hizmet eden kar\u015f\u0131l\u0131\u011f\u0131n\u0131 mutlaka al\u0131r <\/p>\n\n\n\n<p>Metro konusu \u0130stanbul&#8217;da  h\u00fck\u00fcmet ile B\u00fcy\u00fck\u015fehir Belediyesi aras\u0131nda bir bilek g\u00fcre\u015fine d\u00f6n\u00fc\u015ft\u00fc  <\/p>\n\n\n\n<p>bu i\u015ften kimin  karl\u0131 \u00e7\u0131kaca\u011f\u0131 ise belli&#8230; <\/p>\n\n\n\n<p>\u0130stanbullular!&#8230; <\/p>\n\n\n\n<p>BAKAN KARA\u0130SMA\u0130LO\u011eLU, GAYRETTEPE-\u0130STANBUL HAVAL\u0130MANI METRO \u00c7ALI\u015eMALARINDA \u0130NCELEMEDE BULUNDU<\/p>\n\n\n\n<figure class=\"wp-block-embed-instagram wp-block-embed is-type-rich is-provider-instagram\"><div class=\"wp-block-embed__wrapper\">\n<blockquote class=\"instagram-media\" data-instgrm-captioned data-instgrm-permalink=\"https:\/\/www.instagram.com\/p\/CF4Q3ivA9Zc\/?utm_source=ig_embed&amp;utm_campaign=loading\" data-instgrm-version=\"12\" style=\" background:#FFF; border:0; border-radius:3px; box-shadow:0 0 1px 0 rgba(0,0,0,0.5),0 1px 10px 0 rgba(0,0,0,0.15); margin: 1px; max-width:658px; min-width:326px; padding:0; width:99.375%; width:-webkit-calc(100% - 2px); width:calc(100% - 2px);\"><div style=\"padding:16px;\"> <a href=\"https:\/\/www.instagram.com\/p\/CF4Q3ivA9Zc\/?utm_source=ig_embed&amp;utm_campaign=loading\" style=\" background:#FFFFFF; line-height:0; padding:0 0; text-align:center; text-decoration:none; width:100%;\" target=\"_blank\"> <div style=\" display: flex; flex-direction: row; align-items: center;\"> <div style=\"background-color: #F4F4F4; border-radius: 50%; flex-grow: 0; height: 40px; margin-right: 14px; width: 40px;\"><\/div> <div style=\"display: flex; flex-direction: column; flex-grow: 1; justify-content: center;\"> <div style=\" background-color: #F4F4F4; border-radius: 4px; flex-grow: 0; height: 14px; margin-bottom: 6px; width: 100px;\"><\/div> <div style=\" background-color: #F4F4F4; border-radius: 4px; flex-grow: 0; height: 14px; width: 60px;\"><\/div><\/div><\/div><div style=\"padding: 19% 0;\"><\/div> <div style=\"display:block; height:50px; margin:0 auto 12px; width:50px;\"><svg width=\"50px\" height=\"50px\" viewBox=\"0 0 60 60\" version=\"1.1\" xmlns=\"https:\/\/www.w3.org\/2000\/svg\" xmlns:xlink=\"https:\/\/www.w3.org\/1999\/xlink\"><g stroke=\"none\" stroke-width=\"1\" fill=\"none\" fill-rule=\"evenodd\"><g transform=\"translate(-511.000000, -20.000000)\" fill=\"#000000\"><g><path d=\"M556.869,30.41 C554.814,30.41 553.148,32.076 553.148,34.131 C553.148,36.186 554.814,37.852 556.869,37.852 C558.924,37.852 560.59,36.186 560.59,34.131 C560.59,32.076 558.924,30.41 556.869,30.41 M541,60.657 C535.114,60.657 530.342,55.887 530.342,50 C530.342,44.114 535.114,39.342 541,39.342 C546.887,39.342 551.658,44.114 551.658,50 C551.658,55.887 546.887,60.657 541,60.657 M541,33.886 C532.1,33.886 524.886,41.1 524.886,50 C524.886,58.899 532.1,66.113 541,66.113 C549.9,66.113 557.115,58.899 557.115,50 C557.115,41.1 549.9,33.886 541,33.886 M565.378,62.101 C565.244,65.022 564.756,66.606 564.346,67.663 C563.803,69.06 563.154,70.057 562.106,71.106 C561.058,72.155 560.06,72.803 558.662,73.347 C557.607,73.757 556.021,74.244 553.102,74.378 C549.944,74.521 548.997,74.552 541,74.552 C533.003,74.552 532.056,74.521 528.898,74.378 C525.979,74.244 524.393,73.757 523.338,73.347 C521.94,72.803 520.942,72.155 519.894,71.106 C518.846,70.057 518.197,69.06 517.654,67.663 C517.244,66.606 516.755,65.022 516.623,62.101 C516.479,58.943 516.448,57.996 516.448,50 C516.448,42.003 516.479,41.056 516.623,37.899 C516.755,34.978 517.244,33.391 517.654,32.338 C518.197,30.938 518.846,29.942 519.894,28.894 C520.942,27.846 521.94,27.196 523.338,26.654 C524.393,26.244 525.979,25.756 528.898,25.623 C532.057,25.479 533.004,25.448 541,25.448 C548.997,25.448 549.943,25.479 553.102,25.623 C556.021,25.756 557.607,26.244 558.662,26.654 C560.06,27.196 561.058,27.846 562.106,28.894 C563.154,29.942 563.803,30.938 564.346,32.338 C564.756,33.391 565.244,34.978 565.378,37.899 C565.522,41.056 565.552,42.003 565.552,50 C565.552,57.996 565.522,58.943 565.378,62.101 M570.82,37.631 C570.674,34.438 570.167,32.258 569.425,30.349 C568.659,28.377 567.633,26.702 565.965,25.035 C564.297,23.368 562.623,22.342 560.652,21.575 C558.743,20.834 556.562,20.326 553.369,20.18 C550.169,20.033 549.148,20 541,20 C532.853,20 531.831,20.033 528.631,20.18 C525.438,20.326 523.257,20.834 521.349,21.575 C519.376,22.342 517.703,23.368 516.035,25.035 C514.368,26.702 513.342,28.377 512.574,30.349 C511.834,32.258 511.326,34.438 511.181,37.631 C511.035,40.831 511,41.851 511,50 C511,58.147 511.035,59.17 511.181,62.369 C511.326,65.562 511.834,67.743 512.574,69.651 C513.342,71.625 514.368,73.296 516.035,74.965 C517.703,76.634 519.376,77.658 521.349,78.425 C523.257,79.167 525.438,79.673 528.631,79.82 C531.831,79.965 532.853,80.001 541,80.001 C549.148,80.001 550.169,79.965 553.369,79.82 C556.562,79.673 558.743,79.167 560.652,78.425 C562.623,77.658 564.297,76.634 565.965,74.965 C567.633,73.296 568.659,71.625 569.425,69.651 C570.167,67.743 570.674,65.562 570.82,62.369 C570.966,59.17 571,58.147 571,50 C571,41.851 570.966,40.831 570.82,37.631\"><\/path><\/g><\/g><\/g><\/svg><\/div><div style=\"padding-top: 8px;\"> <div style=\" color:#3897f0; font-family:Arial,sans-serif; font-size:14px; font-style:normal; font-weight:550; line-height:18px;\"> View this post on Instagram<\/div><\/div><div style=\"padding: 12.5% 0;\"><\/div> <div style=\"display: flex; flex-direction: row; margin-bottom: 14px; align-items: center;\"><div> <div style=\"background-color: #F4F4F4; border-radius: 50%; height: 12.5px; width: 12.5px; transform: translateX(0px) translateY(7px);\"><\/div> <div style=\"background-color: #F4F4F4; height: 12.5px; transform: rotate(-45deg) translateX(3px) translateY(1px); width: 12.5px; flex-grow: 0; margin-right: 14px; margin-left: 2px;\"><\/div> <div style=\"background-color: #F4F4F4; border-radius: 50%; height: 12.5px; width: 12.5px; transform: translateX(9px) translateY(-18px);\"><\/div><\/div><div style=\"margin-left: 8px;\"> <div style=\" background-color: #F4F4F4; border-radius: 50%; flex-grow: 0; height: 20px; width: 20px;\"><\/div> <div style=\" width: 0; height: 0; border-top: 2px solid transparent; border-left: 6px solid #f4f4f4; border-bottom: 2px solid transparent; transform: translateX(16px) translateY(-4px) rotate(30deg)\"><\/div><\/div><div style=\"margin-left: auto;\"> <div style=\" width: 0px; border-top: 8px solid #F4F4F4; border-right: 8px solid transparent; transform: translateY(16px);\"><\/div> <div style=\" background-color: #F4F4F4; flex-grow: 0; height: 12px; width: 16px; transform: translateY(-4px);\"><\/div> <div style=\" width: 0; height: 0; border-top: 8px solid #F4F4F4; border-left: 8px solid transparent; transform: translateY(-4px) translateX(8px);\"><\/div><\/div><\/div><\/a> <p style=\" margin:8px 0 0 0; padding:0 4px;\"> <a href=\"https:\/\/www.instagram.com\/p\/CF4Q3ivA9Zc\/?utm_source=ig_embed&amp;utm_campaign=loading\" style=\" color:#000; font-family:Arial,sans-serif; font-size:14px; font-style:normal; font-weight:normal; line-height:17px; text-decoration:none; word-wrap:break-word;\" target=\"_blank\">Adil Karaismailo\u011flu<\/a><\/p> <p style=\" color:#c9c8cd; font-family:Arial,sans-serif; font-size:14px; line-height:17px; margin-bottom:0; margin-top:8px; overflow:hidden; padding:8px 0 7px; text-align:center; text-overflow:ellipsis; white-space:nowrap;\">A post shared by @<a href=\"https:\/\/www.instagram.com\/habertelgrafinsta\/?utm_source=ig_embed&amp;utm_campaign=loading\" style=\" color:#c9c8cd; font-family:Arial,sans-serif; font-size:14px; font-style:normal; font-weight:normal; line-height:17px;\" target=\"_blank\"> habertelgrafinsta<\/a> on <time style=\" font-family:Arial,sans-serif; font-size:14px; line-height:17px;\" datetime=\"2020-10-03T11:07:18+00:00\">Oct 3, 2020 at 4:07am PDT<\/time><\/p><\/div><\/blockquote><script async src=\"\/\/www.instagram.com\/embed.js\"><\/script>\n<\/div><\/figure>\n\n\n\n<p>-\u201cPROJEN\u0130N KA\u011eITHANE-\u0130STANBUL HAVAL\u0130MANI KES\u0130M\u0130N\u0130 N\u0130SAN 2021\u2019DE, GAYRETTEPE-\u0130STANBUL HAVAL\u0130MANI KES\u0130M\u0130N\u0130 DE 2021 YILI SON \u00c7EYRE\u011e\u0130NDE TAMAMLAYARAK H\u0130ZMETE A\u00c7MAYI PLANLIYORUZ.\u201d<\/p>\n\n\n\n<ul><li>\u201c\u0130STANBUL\u2019UN FAAL RAYLI S\u0130STEM A\u011eI \u015eU ANDA 233 K\u0130LOMETRE. YAPIMI DEVAM EDEN PROJELER\u0130M\u0130Z B\u0130TT\u0130\u011e\u0130NDE BU RAKAM 324 K\u0130LOMETREYE Y\u00dcKSELECEK.\u201d<\/li><\/ul>\n\n\n\n<p>-\u201cGAYRETTEPE-\u0130STANBUL HAVAL\u0130MANI METRO \u0130N\u015eAATINDA, % 75 \u0130LERLEME SA\u011eLADIK\u201d<\/p>\n\n\n\n<p>Yap\u0131m\u0131 devam eden Yap\u0131m\u0131 devam eden Gayrettepe-\u0130stanbul Havaliman\u0131 Metro Hatt\u0131 \u0130n\u015faat\u0131nda incelemelerde bulunan Ula\u015ft\u0131rma ve Altyap\u0131 Bakan\u0131 Adil Karaismailo\u011flu, \u201cKa\u011f\u0131thane-Gayrettepe Havaliman\u0131 Metro Hatt\u0131&#8217;nda, Ka\u011f\u0131thane-\u0130stanbul Havaliman\u0131 aras\u0131n\u0131 2021 Nisan sonu itibar\u0131yla, Gayrettepe taraf\u0131n\u0131 da 2021 y\u0131l\u0131 son \u00e7eyre\u011finde tamamlayarak hizmete a\u00e7may\u0131 planl\u0131yoruz. \u0130stanbul\u2019a daha \u00f6nce 80 kilometre uzunlu\u011funda rayl\u0131 sistem kazand\u0131rm\u0131\u015ft\u0131k. \u0130stanbul\u2019un faal rayl\u0131 sistem a\u011f\u0131 \u015fu anda 233 kilometre. Yap\u0131m\u0131 devam eden projelerimiz bitti\u011finde bu rakam 324 kilometreye y\u00fckselecek.\u201d dedi.<\/p>\n\n\n\n<p>Gayrettepe-Ka\u011f\u0131thane-\u0130stanbul Havaliman\u0131 metro hatt\u0131 G\u00f6kt\u00fcrk \u015fantiyesinde incelemelerde bulunan, \u00e7al\u0131\u015fmalar\u0131 ve gelinen son noktay\u0131 yerinde g\u00f6rerek yetkililerden bilgi alan Bakan Karaismailo\u011flu, ard\u0131ndan bas\u0131n mensuplar\u0131na a\u00e7\u0131klamalarda bulundu.<\/p>\n\n\n\n<p>T\u00fcrkiye olarak ekonomik anlamda, sosyal anlamda, bilimsel anlamda b\u00fcy\u00fcmek, geli\u015fmek ve her konuda d\u00fcnya lideri bir \u00fclke olmak i\u00e7in ciddi \u00e7aba i\u00e7erisinde olduklar\u0131n\u0131 s\u00f6yleyen Karaismailo\u011flu, g\u00fc\u00e7l\u00fc bir milli ekonominin altyap\u0131s\u0131 olarak g\u00f6rd\u00fckleri ula\u015ft\u0131rma ve haberle\u015fme alanlar\u0131n\u0131 milli mesele olarak ele ald\u0131klar\u0131n\u0131n da alt\u0131n\u0131 \u00e7izdi. Bakan Karaismailo\u011flu, \u201c18 y\u0131lda kat etti\u011fimiz yolu, ula\u015ft\u0131rma ve haberle\u015fme alan\u0131nda devrim niteli\u011fi ta\u015f\u0131yan dev projelerle ta\u00e7land\u0131r\u0131yoruz. Elbette, daha yapaca\u011f\u0131m\u0131z \u00e7ok i\u015f var. \u00dclkemizin karada, denizde, havada, demir yollar\u0131nda, dahas\u0131, uydular\u0131m\u0131zla uzayda varl\u0131\u011f\u0131n\u0131 kuvvetlendirmek en \u00f6nemli hedefimiz\u201d ifadelerini kulland\u0131.<\/p>\n\n\n\n<p>Yolcu, y\u00fck ve data ula\u015ft\u0131rmada \u00fcst\u00fcn nitelikli bir altyap\u0131ya sahip olmak, dijitalle\u015fen, ak\u0131ll\u0131 ula\u015f\u0131m sistemleriyle g\u00fcvenli\u011fi, verimi ve konforu art\u0131rmak \u00fczere \u00e7al\u0131\u015ft\u0131klar\u0131n\u0131 da vurgulayan Bakan Karaismailo\u011flu, \u201cB\u00f6ylelikle, T\u00fcrkiye&#8217;nin her bir noktas\u0131 aras\u0131nda ula\u015f\u0131m\u0131 ve haberle\u015fmeyi m\u00fckemmel hale getiriyoruz. Dahas\u0131 \u00fclkemizi d\u00fcnya ile ba\u011flarken, ekonomik ve sosyal ba\u011flar\u0131n\u0131 da g\u00fc\u00e7lendiriyoruz\u201d dedi.<\/p>\n\n\n\n<ul><li>\u201cYap\u0131m\u0131 devam eden projeler bitti\u011finde \u0130stanbul&#8217;da 324 kilometreye ula\u015facak bir metro a\u011f\u0131 olacak\u201d<\/li><\/ul>\n\n\n\n<p>\u0130stanbul\u2019daki rayl\u0131 sistem altyap\u0131 \u00e7al\u0131\u015fmalar\u0131 hakk\u0131nda da bilgi veren Bakan Karaismailo\u011flu, d\u00fcnyan\u0131n en b\u00fcy\u00fck ve g\u00fczide metropollerinden olan \u0130stanbul\u2019da, \u0130stanbullular\u0131n ya\u015fam kalitesinin y\u00fckseltilmesi gayesiyle, \u015fehri bir ba\u015ftan di\u011fer ba\u015fa modern metro a\u011flar\u0131yla donatt\u0131klar\u0131n\u0131 kaydetti.<\/p>\n\n\n\n<p>Karaismailo\u011flu, \u0130stanbul&#8217;da \u015fu anda 37,5 kilometre uzunlu\u011fundaki Gayrettepe-Ka\u011f\u0131thane-\u0130stanbul Havaliman\u0131 Metrosu da dahil 91 kilometre uzunlu\u011funda metro hatt\u0131 yap\u0131m\u0131n\u0131n devam etti\u011fine vurgu yapt\u0131. \u0130stanbul&#8217;a daha \u00f6nce 80 kilometre uzunlu\u011funda rayl\u0131 sistem kazand\u0131rd\u0131klar\u0131n\u0131 da dile getiren Bakan Karaismailo\u011flu, \u201c\u0130stanbul&#8217;un faal rayl\u0131 sistem a\u011f\u0131 \u015fu anda 233 kilometre. \u015eu an incelemelerde bulundu\u011fumuz Gayrettepe-Ka\u011f\u0131thane-\u0130stanbul Havaliman\u0131 hatt\u0131 37,5 kilometre. Bu hatt\u0131n devam\u0131 olan Havaliman\u0131-Halkal\u0131 aras\u0131 da 32 kilometre\u201d ifadelerini kulland\u0131.<\/p>\n\n\n\n<p>-Projenin Ka\u011f\u0131thane-\u0130stanbul Havaliman\u0131 Kesimi Nisan 2021\u2019de Tamamlanacak<\/p>\n\n\n\n<p>\u0130stanbul Havaliman\u0131&#8217;n\u0131 \u015fehir merkezine ba\u011flayacak ve \u015fehir merkezinden Havaliman\u0131na ula\u015f\u0131m\u0131 30 dakikaya indirecek olan Gayrettepe-Ka\u011f\u0131thane-\u0130stanbul Havaliman\u0131 Metrosunda \u00e7al\u0131\u015fmalar\u0131n yo\u011fun bir \u015feklide devam etti\u011fini de dile getiren Bakan Karaismailo\u011flu \u015fu ifadeleri kulland\u0131:<\/p>\n\n\n\n<p>Ka\u011f\u0131thane-\u0130stanbul Havaliman\u0131 aras\u0131n\u0131 2021 Nisan sonu itibar\u0131yla, Gayrettepe taraf\u0131n\u0131 da 2021 y\u0131l\u0131 son \u00e7eyre\u011finde tamamlayarak hizmete a\u00e7may\u0131 planl\u0131yoruz. Yine bu hatt\u0131n devam\u0131 olan Havaliman\u0131-Halkal\u0131 aras\u0131n\u0131 da 2022 y\u0131l\u0131 i\u00e7inde faaliyete alaca\u011f\u0131z. Gayrettepe-Ka\u011f\u0131thane-\u0130stanbul Havaliman\u0131 hatt\u0131nda 4 bin 500 ki\u015filik dev bir kadro ile \u00e7al\u0131\u015fmalar\u0131m\u0131z\u0131 s\u00fcrd\u00fcr\u00fcyoruz. Metro hatt\u0131m\u0131z tamamland\u0131\u011f\u0131nda her g\u00fcn 600 bin \u0130stanbulluya, Gayrettepe-\u0130stanbul Havaliman\u0131 aras\u0131n\u0131 30 dakika gibi k\u0131sa bir s\u00fcrede kat etme imkan\u0131 sunaca\u011f\u0131z. Metro hatt\u0131m\u0131z, Be\u015fikta\u015f, \u015ei\u015fli, Ka\u011f\u0131thane, Ey\u00fcp ve Arnavutk\u00f6y il\u00e7elerimizin s\u0131n\u0131rlar\u0131ndan ge\u00e7erken, \u015fehir i\u00e7i kara yolu trafik y\u00fck\u00fcn\u00fc de \u00f6nemli oranda azaltm\u0131\u015f olacak. Hatt\u0131m\u0131z, Y\u00fcksek H\u0131zl\u0131 Tren Hatt\u0131 ba\u015fta olmak \u00fczere di\u011fer metro hatlar\u0131yla da entegre bir \u015fekilde hizmet verecek, hatlar aras\u0131nda yolcu transferi de m\u00fcmk\u00fcn olacak. Art\u0131k sona do\u011fru yakla\u015ft\u0131\u011f\u0131m\u0131z Gayrettepe Havaliman\u0131 Metro Hatt\u0131 yap\u0131m \u00e7al\u0131\u015fmalar\u0131m\u0131zda Kovid-19&#8217;a kar\u015f\u0131 \u00e7al\u0131\u015fanlar\u0131m\u0131z i\u00e7in t\u00fcm sa\u011fl\u0131k tedbirlerinin al\u0131nd\u0131\u011f\u0131n\u0131n da alt\u0131n\u0131 \u00e7izmek istiyorum.&#8221;<\/p>\n\n\n\n<p>Yap\u0131m\u0131 devam eden projeler bitti\u011finde \u0130stanbul&#8217;da 324 kilometreye ula\u015facak bir metro a\u011f\u0131n\u0131n olaca\u011f\u0131n\u0131 dile getiren Bakan Karaismailo\u011flu, \u0130stanbul Havaliman\u0131&#8217;n\u0131 \u015fehir merkezine ba\u011flayacak ve \u015fehir merkezinden havaliman\u0131na ula\u015f\u0131m\u0131 30 dakikaya indirecek olan Gayrettepe-Ka\u011f\u0131thane-\u0130stanbul Havaliman\u0131 Metro&#8217;sunda \u00e7al\u0131\u015fmalar\u0131n t\u00fcm h\u0131z\u0131yla devam etti\u011fini s\u00f6yledi.<\/p>\n\n\n\n<ul><li>\u201cMetro hatt\u0131 kapsam\u0131nda yer alan 9 adet istasyonun yap\u0131s\u0131n\u0131n in\u015faat\u0131nda y\u00fczde 75 ilerleme sa\u011fland\u0131\u011f\u0131n\u0131\u201d<\/li><\/ul>\n\n\n\n<p>Bakan Karaismailo\u011flu, Gayrettepe-Ka\u011f\u0131thane-\u0130stanbul Havaliman\u0131 Metro hatt\u0131 kapsam\u0131nda yer alan 9 adet istasyonun yap\u0131s\u0131n\u0131n in\u015faat\u0131nda y\u00fczde 75 ilerleme sa\u011fland\u0131\u011f\u0131n\u0131 da ifade ederken, \u201cRay alt\u0131 beton ve panel prekast imalatlar\u0131, ray serimi ve elektromekanik imalatlar\u0131 \u00e7al\u0131\u015fmalar\u0131m\u0131z s\u00fcr\u00fcyor. Yap\u0131m\u0131 devam eden ray serimi ve di\u011fer \u00fcst yap\u0131 i\u015flerinde b\u00fcy\u00fck ilerleme kaydederek toplamda projenin fiziki ilerlemesi y\u00fczde 75 seviyesinde. Gayrettepe-Havaliman\u0131 Metrosu bir\u00e7ok a\u00e7\u0131dan en&#8217;lerin ve rekor&#8217;lar\u0131n projesi olacak. Projenin bir an \u00f6nce tamamlanmas\u0131 amac\u0131yla, \u00fclkemizde ilk defa 10 adet kaz\u0131 makinesi bu metro projesinde kullan\u0131lm\u0131\u015ft\u0131r\u201d diye konu\u015ftu.<\/p>\n\n\n\n<p>-Gayrettepe-Havaliman\u0131 Metro Projesi \u2018En\u2019 ve \u2018\u0130lk\u2019leri Bar\u0131nd\u0131r\u0131yor<\/p>\n\n\n\n<p>Gayrettepe-Havaliman\u0131 Metrosu bir\u00e7ok a\u00e7\u0131dan \u201cen\u201dlerin ve \u201crekor\u201dlar\u0131n projesi oldu\u011funa i\u015faret eden Bakan Karaismailo\u011flu, projenin T\u00fcrkiye\u2019nin en h\u0131zl\u0131 kaz\u0131lan metrosu olarak tarihe ge\u00e7ti\u011fini vurgulad\u0131. Karaismailo\u011flu, \u015f\u00f6yle devam etti: \u201cYine T\u00fcrkiye&#8217;nin en h\u0131zl\u0131 metro ara\u00e7lar\u0131 da bu hatt\u0131m\u0131zda kullan\u0131lacakt\u0131r. Aral\u0131k ay\u0131na kadar 4 ara\u00e7 10 set olarak testlere ba\u015flayacak. \u00dclkemizdeki mevcut metrolar\u0131n h\u0131z limiti azami 80 kilometredir ancak Gayrettepe-\u0130stanbul Havaliman\u0131 Metro hatt\u0131m\u0131z ise saatte 120 km h\u0131z yapacak \u015fekilde projelendirilmi\u015ftir.&#8221;<\/p>\n\n\n\n<ul><li>\u201cBu ay i\u00e7inde tren performans testlerine de ba\u015flayaca\u011f\u0131z\u201d<\/li><\/ul>\n\n\n\n<p>T\u00fcrkiye&#8217;nin en h\u0131zl\u0131 ve s\u00fcr\u00fcc\u00fcs\u00fcz metro ara\u00e7lar\u0131 olan ilk tren setinin imalatlar\u0131n\u0131 tamamlayarak 3 Eyl\u00fcl&#8217;de raylara indirdiklerini kaydeden Bakan Karaismailo\u011flu, bug\u00fcn itibar\u0131yla 2. tren setinin imalat\u0131n\u0131n da tamamlanarak raylara indirildi\u011fini a\u00e7\u0131klad\u0131. T\u00fcnelde birle\u015fimleri yap\u0131larak set haline getirilen ara\u00e7lar\u0131n ilk canland\u0131rmas\u0131n\u0131 da bug\u00fcn yapt\u0131klar\u0131n\u0131 vurgulayan Karaismailo\u011flu, \u201cBu ay i\u00e7inde tren performans testlerine de ba\u015flayaca\u011f\u0131z. Kas\u0131m ve aral\u0131k ay\u0131nda gelecek 4&#8217;er set ile birlikte y\u0131l sonuna kadar toplam 10 set metro arac\u0131 raylara indirilmi\u015f olacak ve onlar\u0131n da performans testlerine ba\u015flam\u0131\u015f olaca\u011f\u0131z&#8221; \u015feklinde konu\u015ftu.<\/p>\n\n\n\n<ul><li>\u201cProje kapsam\u0131nda \u00fcretilecek olan 136 arac\u0131n imalat\u0131 y\u00fczde 60 oranda yerlilik \u015fart\u0131 ta\u015f\u0131yor.\u201d<\/li><\/ul>\n\n\n\n<p>Karaismailo\u011flu, metro hatt\u0131n\u0131n yap\u0131m\u0131nda oldu\u011fu gibi tren setlerinin yap\u0131m\u0131nda da yerli ve milli imkanlar\u0131 kullanmaya \u00f6ncelik verdiklerini ifade ederek, \u201cProje kapsam\u0131nda \u00fcretilecek olan 136 arac\u0131n imalat\u0131 y\u00fczde 60 oranda yerlilik \u015fart\u0131 ta\u015f\u0131yor. Bu anlamda ara\u00e7lar\u0131m\u0131z\u0131 b\u00fcy\u00fck \u00f6l\u00e7\u00fcde yerli ve milli imkanlarla T\u00fcrkiye&#8217;de \u00fcreterek milletimizin hizmetine sunaca\u011f\u0131z. S\u00f6z konusu hat yine T\u00fcrkiye&#8217;de bir ilk olarak yerli ve milli metro sinyalizasyon sistemleri kullan\u0131larak i\u015fletmeye a\u00e7\u0131lacak, ilk defa yerli sinyal kullanaca\u011f\u0131z, ASELSAN&#8217;la i\u015f birli\u011fi yap\u0131yoruz\u201d dedi.<\/p>\n\n\n\n<p>Metro hatt\u0131na inerek, raya indirilen treni de inceleyen Bakan Karaismailo\u011flu, yapt\u0131\u011f\u0131 anonsla bas\u0131n mensuplar\u0131n\u0131 trene davet etti ve orada gazetecilerle yapt\u0131\u011f\u0131 k\u0131sa sohbetin ard\u0131ndan vagonlarda da incelemelerde bulundu.<\/p>\n","protected":false},"excerpt":{"rendered":"<p>\u0130stanbul hizmet bekliyor \u0130stanbul&#8217;a hizmet eden kar\u015f\u0131l\u0131\u011f\u0131n\u0131 mutlaka al\u0131r Metro konusu \u0130stanbul&#8217;da h\u00fck\u00fcmet ile B\u00fcy\u00fck\u015fehir Belediyesi aras\u0131nda bir bilek g\u00fcre\u015fine d\u00f6n\u00fc\u015ft\u00fc bu i\u015ften kimin karl\u0131 \u00e7\u0131kaca\u011f\u0131 ise belli&#8230; \u0130stanbullular!&#8230; BAKAN KARA\u0130SMA\u0130LO\u011eLU, GAYRETTEPE-\u0130STANBUL HAVAL\u0130MANI METRO \u00c7ALI\u015eMALARINDA \u0130NCELEMEDE BULUNDU -\u201cPROJEN\u0130N KA\u011eITHANE-\u0130STANBUL HAVAL\u0130MANI KES\u0130M\u0130N\u0130 N\u0130SAN 2021\u2019DE, GAYRETTEPE-\u0130STANBUL HAVAL\u0130MANI KES\u0130M\u0130N\u0130 DE 2021 YILI SON \u00c7EYRE\u011e\u0130NDE TAMAMLAYARAK H\u0130ZMETE A\u00c7MAYI PLANLIYORUZ.\u201d &hellip;<\/p>\n","protected":false},"author":1,"featured_media":0,"comment_status":"open","ping_status":"open","sticky":false,"template":"","format":"standard","meta":[],"categories":[5],"tags":[],"_links":{"self":[{"href":"http:\/\/www.habertelgraf.com\/index.php?rest_route=\/wp\/v2\/posts\/318"}],"collection":[{"href":"http:\/\/www.habertelgraf.com\/index.php?rest_route=\/wp\/v2\/posts"}],"about":[{"href":"http:\/\/www.habertelgraf.com\/index.php?rest_route=\/wp\/v2\/types\/post"}],"author":[{"embeddable":true,"href":"http:\/\/www.habertelgraf.com\/index.php?rest_route=\/wp\/v2\/users\/1"}],"replies":[{"embeddable":true,"href":"http:\/\/www.habertelgraf.com\/index.php?rest_route=%2Fwp%2Fv2%2Fcomments&post=318"}],"version-history":[{"count":1,"href":"http:\/\/www.habertelgraf.com\/index.php?rest_route=\/wp\/v2\/posts\/318\/revisions"}],"predecessor-version":[{"id":319,"href":"http:\/\/www.habertelgraf.com\/index.php?rest_route=\/wp\/v2\/posts\/318\/revisions\/319"}],"wp:attachment":[{"href":"http:\/\/www.habertelgraf.com\/index.php?rest_route=%2Fwp%2Fv2%2Fmedia&parent=318"}],"wp:term":[{"taxonomy":"category","embeddable":true,"href":"http:\/\/www.habertelgraf.com\/index.php?rest_route=%2Fwp%2Fv2%2Fcategories&post=318"},{"taxonomy":"post_tag","embeddable":true,"href":"http:\/\/www.habertelgraf.com\/index.php?rest_route=%2Fwp%2Fv2%2Ftags&post=318"}],"curies":[{"name":"wp","href":"https:\/\/api.w.org\/{rel}","templated":true}]}}