{"id":32,"date":"2020-09-07T20:02:10","date_gmt":"2020-09-07T20:02:10","guid":{"rendered":"http:\/\/www.habertelgraf.com\/?p=32"},"modified":"2020-09-08T17:28:53","modified_gmt":"2020-09-08T14:28:53","slug":"imamoglunun-gundemi","status":"publish","type":"post","link":"http:\/\/www.habertelgraf.com\/?p=32","title":{"rendered":"\u0130mamo\u011flu&#8217;nun g\u00fcndemi"},"content":{"rendered":"\n<figure class=\"wp-block-image size-large\"><img decoding=\"async\" src=\"https:\/\/scontent.fist6-1.fna.fbcdn.net\/v\/t1.0-9\/10384699_855906987803011_6536660718965194921_n.jpg?_nc_cat=110&amp;_nc_sid=9267fe&amp;_nc_ohc=LD_geJp93hIAX8nPBIz&amp;_nc_ht=scontent.fist6-1.fna&amp;oh=6bcfbfed83f53f86e216fe6723577cfc&amp;oe=5F7DBD8B\" alt=\"\"\/><\/figure>\n\n\n\n<p><strong>\u0130mamo\u011flu\u2019ndan sahillerdeki \u2018mangal<br>yasa\u011f\u0131\u2019 yorumu: \u201cHi\u00e7 pi\u015fman de\u011filim\u201d<\/strong><\/p>\n\n\n\n<p>\u0130BB Ba\u015fkan\u0131 Ekrem \u0130mamo\u011flu, Avc\u0131lar meydan\u0131 ve sahilinde ba\u015flanacak projelerle ilgili inceleme gezisi ger\u00e7ekle\u015ftirdi. Meydanda bir vatanda\u015f\u0131n kentsel d\u00f6n\u00fc\u015f\u00fcmle ilgili sorusunu yan\u0131tlayan \u0130mamo\u011flu, sahilde de M\u00fcnevver \u00d6zt\u00fcrk isimli yurtta\u015f\u0131n do\u011fum g\u00fcn\u00fcn\u00fc kutlad\u0131. Avc\u0131lar Belediye Ba\u015fkan\u0131 Turan Han\u00e7erli ile de sahillerin mangala kapat\u0131lmas\u0131yla ilgili bir sohbet ger\u00e7ekle\u015ftiren \u0130mamo\u011flu, \u201cMangala ait alanlar\u0131m\u0131z da var. Onlar\u0131 da duyurduk zaten. \u0130nsanlar, mangal zevkini oralarda yapabilirler. Ama bu t\u00fcr alanlar\u0131 kesinlikle mangal d\u0131\u015f\u0131 alanlar olarak belirledik. Bu konuda hi\u00e7 pi\u015fman de\u011filim\u201d dedi.<\/p>\n","protected":false},"excerpt":{"rendered":"<p>\u0130mamo\u011flu\u2019ndan sahillerdeki \u2018mangalyasa\u011f\u0131\u2019 yorumu: \u201cHi\u00e7 pi\u015fman de\u011filim\u201d \u0130BB Ba\u015fkan\u0131 Ekrem \u0130mamo\u011flu, Avc\u0131lar meydan\u0131 ve sahilinde ba\u015flanacak projelerle ilgili inceleme gezisi ger\u00e7ekle\u015ftirdi. Meydanda bir vatanda\u015f\u0131n kentsel d\u00f6n\u00fc\u015f\u00fcmle ilgili sorusunu yan\u0131tlayan \u0130mamo\u011flu, sahilde de M\u00fcnevver \u00d6zt\u00fcrk isimli yurtta\u015f\u0131n do\u011fum g\u00fcn\u00fcn\u00fc kutlad\u0131. Avc\u0131lar Belediye Ba\u015fkan\u0131 Turan Han\u00e7erli ile de sahillerin mangala kapat\u0131lmas\u0131yla ilgili bir sohbet ger\u00e7ekle\u015ftiren \u0130mamo\u011flu, \u201cMangala &hellip;<\/p>\n","protected":false},"author":1,"featured_media":63,"comment_status":"open","ping_status":"open","sticky":false,"template":"","format":"standard","meta":[],"categories":[5],"tags":[],"_links":{"self":[{"href":"http:\/\/www.habertelgraf.com\/index.php?rest_route=\/wp\/v2\/posts\/32"}],"collection":[{"href":"http:\/\/www.habertelgraf.com\/index.php?rest_route=\/wp\/v2\/posts"}],"about":[{"href":"http:\/\/www.habertelgraf.com\/index.php?rest_route=\/wp\/v2\/types\/post"}],"author":[{"embeddable":true,"href":"http:\/\/www.habertelgraf.com\/index.php?rest_route=\/wp\/v2\/users\/1"}],"replies":[{"embeddable":true,"href":"http:\/\/www.habertelgraf.com\/index.php?rest_route=%2Fwp%2Fv2%2Fcomments&post=32"}],"version-history":[{"count":2,"href":"http:\/\/www.habertelgraf.com\/index.php?rest_route=\/wp\/v2\/posts\/32\/revisions"}],"predecessor-version":[{"id":34,"href":"http:\/\/www.habertelgraf.com\/index.php?rest_route=\/wp\/v2\/posts\/32\/revisions\/34"}],"wp:featuredmedia":[{"embeddable":true,"href":"http:\/\/www.habertelgraf.com\/index.php?rest_route=\/wp\/v2\/media\/63"}],"wp:attachment":[{"href":"http:\/\/www.habertelgraf.com\/index.php?rest_route=%2Fwp%2Fv2%2Fmedia&parent=32"}],"wp:term":[{"taxonomy":"category","embeddable":true,"href":"http:\/\/www.habertelgraf.com\/index.php?rest_route=%2Fwp%2Fv2%2Fcategories&post=32"},{"taxonomy":"post_tag","embeddable":true,"href":"http:\/\/www.habertelgraf.com\/index.php?rest_route=%2Fwp%2Fv2%2Ftags&post=32"}],"curies":[{"name":"wp","href":"https:\/\/api.w.org\/{rel}","templated":true}]}}