{"id":325,"date":"2020-10-03T21:53:47","date_gmt":"2020-10-03T18:53:47","guid":{"rendered":"http:\/\/www.habertelgraf.com\/?p=325"},"modified":"2020-10-03T21:54:58","modified_gmt":"2020-10-03T18:54:58","slug":"ulke-tv-de-5-gun-programinda-yine-tansiyon-yukseldi","status":"publish","type":"post","link":"http:\/\/www.habertelgraf.com\/?p=325","title":{"rendered":"\u00dclke TV de 5. G\u00fcn program\u0131nda yine tansiyon y\u00fckseldi"},"content":{"rendered":"\n<p>\u00dclke TV&#8217;de yay\u0131nlanan gazeteci Mustafa Y\u0131ld\u0131z&#8217;\u0131n sundu\u011fu 5 g\u00fcn program\u0131nda Kobani g\u00f6zalt\u0131lar\u0131 tart\u0131\u015fmas\u0131nda tansiyon y\u00fckseldi.<br>Kobani operasyonlar\u0131n\u0131n \u00e7\u00f6z\u00fcm s\u00fcrecine feda edildi\u011fini savunan Ersan \u015een \u00e7\u00f6z\u00fcm s\u00fcreci s\u0131ras\u0131nda ter\u00f6r \u00f6rg\u00fct\u00fcn\u00fcn \u015f\u0131mar\u0131kl\u0131\u011f\u0131n \u0131 dile getirerek &#8220;Sen kimsin \u00fc\u00e7\u00fcnc\u00fc \u00fclke istiyorsun&#8221; diye \u00e7\u0131k\u0131\u015ft\u0131<br><\/p>\n\n\n\n<figure class=\"wp-block-embed-youtube wp-block-embed is-type-video is-provider-youtube wp-embed-aspect-16-9 wp-has-aspect-ratio\"><div class=\"wp-block-embed__wrapper\">\n<iframe loading=\"lazy\" title=\"M\u00fccahit birinci Ersan \u015een tart\u0131\u015fmas\u0131 \u00dclke TV 5. g\u00fcn Mustafa Y\u0131ld\u0131z(2)\" width=\"960\" height=\"540\" src=\"https:\/\/www.youtube.com\/embed\/DKPIQubK9sg?feature=oembed\" frameborder=\"0\" allow=\"accelerometer; autoplay; clipboard-write; encrypted-media; gyroscope; picture-in-picture\" allowfullscreen><\/iframe>\n<\/div><\/figure>\n\n\n\n<p><\/p>\n\n\n\n<p><\/p>\n\n\n\n<h1>Kobani tart\u0131\u015fmas\u0131 st\u00fcdyoda tansiyonu y\u00fckseltti<\/h1>\n\n\n\n<h5>\u00dclke TV&#8217;de gazeteci Mustafa Y\u0131ld\u0131z&#8217;\u0131n Sundu\u011fu &#8220;5. g\u00fcn&#8221; program\u0131nda Kobani g\u00f6zalt\u0131lar\u0131 tart\u0131\u015fmas\u0131nda tansiyon y\u00fckseldi.&nbsp; Kobani soru\u015fturmas\u0131n\u0131n siyasi nedenlerle geciktirildi\u011fini savunan Ceza Hukuk\u00e7usu Prof.Ersan \u015een&#8217;le Avukat M\u00fccahit Birinci aras\u0131ndaki diyalog st\u00fcdyoda tansiyonu y\u00fckseltti.Avukat M\u00fccahit Birinci&nbsp;&#8220;Soru\u015fturma numaras\u0131 veriyorum&#8221; diyerek soru\u015fturman\u0131n 2014 y\u0131l\u0131nda ba\u015flad\u0131\u011f\u0131n\u0131 s\u00f6yledi, gerek\u00e7eleri tek tek s\u0131ralad\u0131.&nbsp;<\/h5>\n\n\n\n<figure class=\"wp-block-embed-youtube wp-block-embed is-type-video is-provider-youtube wp-embed-aspect-16-9 wp-has-aspect-ratio\"><div class=\"wp-block-embed__wrapper\">\n<iframe loading=\"lazy\" title=\"M\u00fccahit birinci Ersan \u015een tart\u0131\u015fmas\u0131 \u00dclke TV 5. g\u00fcn Mustafa Y\u0131ld\u0131z(1)\" width=\"960\" height=\"540\" src=\"https:\/\/www.youtube.com\/embed\/Zz6Si0pHuYk?feature=oembed\" frameborder=\"0\" allow=\"accelerometer; autoplay; clipboard-write; encrypted-media; gyroscope; picture-in-picture\" allowfullscreen><\/iframe>\n<\/div><\/figure>\n","protected":false},"excerpt":{"rendered":"<p>\u00dclke TV&#8217;de yay\u0131nlanan gazeteci Mustafa Y\u0131ld\u0131z&#8217;\u0131n sundu\u011fu 5 g\u00fcn program\u0131nda Kobani g\u00f6zalt\u0131lar\u0131 tart\u0131\u015fmas\u0131nda tansiyon y\u00fckseldi.Kobani operasyonlar\u0131n\u0131n \u00e7\u00f6z\u00fcm s\u00fcrecine feda edildi\u011fini savunan Ersan \u015een \u00e7\u00f6z\u00fcm s\u00fcreci s\u0131ras\u0131nda ter\u00f6r \u00f6rg\u00fct\u00fcn\u00fcn \u015f\u0131mar\u0131kl\u0131\u011f\u0131n \u0131 dile getirerek &#8220;Sen kimsin \u00fc\u00e7\u00fcnc\u00fc \u00fclke istiyorsun&#8221; diye \u00e7\u0131k\u0131\u015ft\u0131 Kobani tart\u0131\u015fmas\u0131 st\u00fcdyoda tansiyonu y\u00fckseltti \u00dclke TV&#8217;de gazeteci Mustafa Y\u0131ld\u0131z&#8217;\u0131n Sundu\u011fu &#8220;5. g\u00fcn&#8221; program\u0131nda Kobani g\u00f6zalt\u0131lar\u0131 &hellip;<\/p>\n","protected":false},"author":1,"featured_media":0,"comment_status":"open","ping_status":"open","sticky":false,"template":"","format":"standard","meta":[],"categories":[1],"tags":[],"_links":{"self":[{"href":"http:\/\/www.habertelgraf.com\/index.php?rest_route=\/wp\/v2\/posts\/325"}],"collection":[{"href":"http:\/\/www.habertelgraf.com\/index.php?rest_route=\/wp\/v2\/posts"}],"about":[{"href":"http:\/\/www.habertelgraf.com\/index.php?rest_route=\/wp\/v2\/types\/post"}],"author":[{"embeddable":true,"href":"http:\/\/www.habertelgraf.com\/index.php?rest_route=\/wp\/v2\/users\/1"}],"replies":[{"embeddable":true,"href":"http:\/\/www.habertelgraf.com\/index.php?rest_route=%2Fwp%2Fv2%2Fcomments&post=325"}],"version-history":[{"count":2,"href":"http:\/\/www.habertelgraf.com\/index.php?rest_route=\/wp\/v2\/posts\/325\/revisions"}],"predecessor-version":[{"id":327,"href":"http:\/\/www.habertelgraf.com\/index.php?rest_route=\/wp\/v2\/posts\/325\/revisions\/327"}],"wp:attachment":[{"href":"http:\/\/www.habertelgraf.com\/index.php?rest_route=%2Fwp%2Fv2%2Fmedia&parent=325"}],"wp:term":[{"taxonomy":"category","embeddable":true,"href":"http:\/\/www.habertelgraf.com\/index.php?rest_route=%2Fwp%2Fv2%2Fcategories&post=325"},{"taxonomy":"post_tag","embeddable":true,"href":"http:\/\/www.habertelgraf.com\/index.php?rest_route=%2Fwp%2Fv2%2Ftags&post=325"}],"curies":[{"name":"wp","href":"https:\/\/api.w.org\/{rel}","templated":true}]}}