{"id":331,"date":"2020-10-04T20:30:55","date_gmt":"2020-10-04T17:30:55","guid":{"rendered":"http:\/\/www.habertelgraf.com\/?p=331"},"modified":"2020-10-04T20:30:56","modified_gmt":"2020-10-04T17:30:56","slug":"gizemli-toz-bulutu-marmara-bolgesine-geliyor","status":"publish","type":"post","link":"http:\/\/www.habertelgraf.com\/?p=331","title":{"rendered":"Gizemli toz bulutu Marmara b\u00f6lgesine geliyor"},"content":{"rendered":"\n<p>Meteoroloji Genel M\u00fcd\u00fcrl\u00fc\u011f\u00fc taraf\u0131ndan yap\u0131lan a\u00e7\u0131klama \u015fu \u015fekilde<\/p>\n\n\n\n<p><\/p>\n\n\n\n<p>&#8220;Son de\u011ferlendirmelere g\u00f6re \u00fclkemizin kuzeydo\u011fusunun par\u00e7al\u0131, yer yer \u00e7ok bulutlu, Trabzon, Rize, Artvin, Erzurum, Ardahan, Kars, I\u011fd\u0131r, A\u011fr\u0131 ve Van \u00e7evreleri ile Mu\u015f&#8217;un do\u011fu kesimlerinin yerel sa\u011fanak ve g\u00f6k g\u00fcr\u00fclt\u00fcl\u00fc sa\u011fanak ya\u011f\u0131\u015fl\u0131 ge\u00e7ece\u011fi, di\u011fer yerlerin az bulutlu ve a\u00e7\u0131k ge\u00e7ece\u011fi tahmin ediliyor. Ya\u011f\u0131\u015flar\u0131n Rize il geneli ile Trabzon&#8217;un do\u011fu, Artvin&#8217;in k\u0131y\u0131 kesimlerinde yerel kuvvetli olmas\u0131 bekleniyor. Marmara&#8217;n\u0131n bat\u0131s\u0131 ile K\u0131y\u0131 Ege&#8217;de Kuzey Afrika kaynakl\u0131 toz ta\u015f\u0131n\u0131m\u0131 g\u00f6r\u00fclmesi beklenmektedir.<\/p>\n\n\n\n<p><strong>HAVA SICAKLI\u011eI:<\/strong>\u00a0Hava s\u0131cakl\u0131klar\u0131n\u0131n yurt genelinde artmaya devam edece\u011fi, bat\u0131 kesimlerinde mevsim normallerinin 4-6 derece \u00fczerinde seyredece\u011fi tahmin ediliyor.&#8221;<\/p>\n\n\n\n<p><strong>R\u00dcZGAR:<\/strong>&nbsp;\u00dclkemizin bat\u0131 kesimlerinde g\u00fcneyli, do\u011fu kesimlerinde kuzeyli y\u00f6nlerden hafif ve orta kuvvette, Do\u011fu Anadolu&#8217;nun bat\u0131s\u0131 ile G\u00fcneydo\u011fu Anadolu&#8217;nun kuzeyinde yer yer kuvvetli (30-60 km\/sa) esmesi beklenmektedir.<\/p>\n\n\n\n<h2>UYARILAR<\/h2>\n\n\n\n<p class=\"has-normal-font-size\">TOZ TA\u015eINIMI UYARISI: Marmara&#8217;n\u0131n bat\u0131s\u0131 ile K\u0131y\u0131 Ege&#8217;de Kuzey Afrika kaynakl\u0131 toz ta\u015f\u0131n\u0131m\u0131 g\u00f6r\u00fclmesi beklendi\u011finden ya\u015fanabilecek olumsuzluklara kar\u015f\u0131 ilgililerin ve vatanda\u015flar\u0131n dikkatli ve tedbirli olmas\u0131 gerekmektedir.<\/p>\n","protected":false},"excerpt":{"rendered":"<p>Meteoroloji Genel M\u00fcd\u00fcrl\u00fc\u011f\u00fc taraf\u0131ndan yap\u0131lan a\u00e7\u0131klama \u015fu \u015fekilde &#8220;Son de\u011ferlendirmelere g\u00f6re \u00fclkemizin kuzeydo\u011fusunun par\u00e7al\u0131, yer yer \u00e7ok bulutlu, Trabzon, Rize, Artvin, Erzurum, Ardahan, Kars, I\u011fd\u0131r, A\u011fr\u0131 ve Van \u00e7evreleri ile Mu\u015f&#8217;un do\u011fu kesimlerinin yerel sa\u011fanak ve g\u00f6k g\u00fcr\u00fclt\u00fcl\u00fc sa\u011fanak ya\u011f\u0131\u015fl\u0131 ge\u00e7ece\u011fi, di\u011fer yerlerin az bulutlu ve a\u00e7\u0131k ge\u00e7ece\u011fi tahmin ediliyor. Ya\u011f\u0131\u015flar\u0131n Rize il geneli ile &hellip;<\/p>\n","protected":false},"author":1,"featured_media":37,"comment_status":"open","ping_status":"open","sticky":false,"template":"","format":"standard","meta":[],"categories":[5],"tags":[],"_links":{"self":[{"href":"http:\/\/www.habertelgraf.com\/index.php?rest_route=\/wp\/v2\/posts\/331"}],"collection":[{"href":"http:\/\/www.habertelgraf.com\/index.php?rest_route=\/wp\/v2\/posts"}],"about":[{"href":"http:\/\/www.habertelgraf.com\/index.php?rest_route=\/wp\/v2\/types\/post"}],"author":[{"embeddable":true,"href":"http:\/\/www.habertelgraf.com\/index.php?rest_route=\/wp\/v2\/users\/1"}],"replies":[{"embeddable":true,"href":"http:\/\/www.habertelgraf.com\/index.php?rest_route=%2Fwp%2Fv2%2Fcomments&post=331"}],"version-history":[{"count":1,"href":"http:\/\/www.habertelgraf.com\/index.php?rest_route=\/wp\/v2\/posts\/331\/revisions"}],"predecessor-version":[{"id":332,"href":"http:\/\/www.habertelgraf.com\/index.php?rest_route=\/wp\/v2\/posts\/331\/revisions\/332"}],"wp:featuredmedia":[{"embeddable":true,"href":"http:\/\/www.habertelgraf.com\/index.php?rest_route=\/wp\/v2\/media\/37"}],"wp:attachment":[{"href":"http:\/\/www.habertelgraf.com\/index.php?rest_route=%2Fwp%2Fv2%2Fmedia&parent=331"}],"wp:term":[{"taxonomy":"category","embeddable":true,"href":"http:\/\/www.habertelgraf.com\/index.php?rest_route=%2Fwp%2Fv2%2Fcategories&post=331"},{"taxonomy":"post_tag","embeddable":true,"href":"http:\/\/www.habertelgraf.com\/index.php?rest_route=%2Fwp%2Fv2%2Ftags&post=331"}],"curies":[{"name":"wp","href":"https:\/\/api.w.org\/{rel}","templated":true}]}}