{"id":333,"date":"2020-10-04T20:37:52","date_gmt":"2020-10-04T17:37:52","guid":{"rendered":"http:\/\/www.habertelgraf.com\/?p=333"},"modified":"2020-10-04T20:37:53","modified_gmt":"2020-10-04T17:37:53","slug":"tum-bolgelerimizde-hava","status":"publish","type":"post","link":"http:\/\/www.habertelgraf.com\/?p=333","title":{"rendered":"T\u00dcM B\u00d6LGELER\u0130M\u0130ZDE HAVA"},"content":{"rendered":"\n<h2>Meteoroloji Genel M\u00fcd\u00fcrl\u00fc\u011f\u00fc a\u00e7\u0131klad\u0131<\/h2>\n\n\n\n<h3>MARMARA<\/h3>\n\n\n\n<p>Az bulutlu, bat\u0131s\u0131n\u0131n yer yer par\u00e7al\u0131 bulutlu ge\u00e7ece\u011fi tahmin ediliyor. B\u00f6lgenin bat\u0131s\u0131nda toz ta\u015f\u0131n\u0131m\u0131 g\u00f6r\u00fclmesi bekleniyor.<\/p>\n\n\n\n<h4>BURSA&nbsp;19\u00b0C,&nbsp;34\u00b0C<\/h4>\n\n\n\n<p>Az bulutlu<\/p>\n\n\n\n<h4>\u0130STANBUL&nbsp;17\u00b0C,&nbsp;29\u00b0C<\/h4>\n\n\n\n<p>Az bulutlu<\/p>\n\n\n\n<h4>KIRKLAREL\u0130&nbsp;16\u00b0C,&nbsp;32\u00b0C<\/h4>\n\n\n\n<p>Par\u00e7al\u0131 ve az bulutlu<\/p>\n\n\n\n<h4>KOCAEL\u0130&nbsp;20\u00b0C,&nbsp;33\u00b0C<\/h4>\n\n\n\n<p>Az bulutlu<\/p>\n\n\n\n<h3>EGE<\/h3>\n\n\n\n<p>Az bulutlu ve a\u00e7\u0131k ge\u00e7ece\u011fi tahmin ediliyor. K\u0131y\u0131 kesimlerinde toz ta\u015f\u0131n\u0131m\u0131 g\u00f6r\u00fclmesi bekleniyor.<\/p>\n\n\n\n<h4>AFYONKARAH\u0130SAR&nbsp;12\u00b0C,&nbsp;29\u00b0C<\/h4>\n\n\n\n<p>Az bulutlu ve a\u00e7\u0131k<\/p>\n\n\n\n<h4>\u0130ZM\u0130R&nbsp;23\u00b0C,&nbsp;34\u00b0C<\/h4>\n\n\n\n<p>Az bulutlu ve a\u00e7\u0131k<\/p>\n\n\n\n<h4>MAN\u0130SA&nbsp;18\u00b0C,&nbsp;34\u00b0C<\/h4>\n\n\n\n<p>Az bulutlu ve a\u00e7\u0131k<\/p>\n\n\n\n<h4>MU\u011eLA&nbsp;16\u00b0C,&nbsp;32\u00b0C<\/h4>\n\n\n\n<p>Az bulutlu ve a\u00e7\u0131k<\/p>\n\n\n\n<h3>AKDEN\u0130Z<\/h3>\n\n\n\n<p>Az bulutlu ve a\u00e7\u0131k, do\u011fusunun i\u00e7 kesimlerinin yer yer par\u00e7al\u0131 bulutlu ge\u00e7ece\u011fi tahmin ediliyor.<\/p>\n\n\n\n<h4>ADANA&nbsp;18\u00b0C,&nbsp;34\u00b0C<\/h4>\n\n\n\n<p>Az bulutlu ve a\u00e7\u0131k, \u00f6\u011fle saatlerinden sonra yer yer par\u00e7al\u0131 bulutlu<\/p>\n\n\n\n<h4>ANTALYA&nbsp;24\u00b0C,&nbsp;34\u00b0C<\/h4>\n\n\n\n<p>Az bulutlu ve a\u00e7\u0131k<\/p>\n\n\n\n<h4>HATAY&nbsp;18\u00b0C,&nbsp;32\u00b0C<\/h4>\n\n\n\n<p>Az bulutlu ve a\u00e7\u0131k<\/p>\n\n\n\n<h4>ISPARTA&nbsp;12\u00b0C,&nbsp;30\u00b0C<\/h4>\n\n\n\n<p>Az bulutlu ve a\u00e7\u0131k<\/p>\n\n\n\n<h3>\u0130\u00c7 ANADOLU<\/h3>\n\n\n\n<p>Az bulutlu ve a\u00e7\u0131k ge\u00e7ece\u011fi tahmin ediliyor.<\/p>\n\n\n\n<h4>ANKARA&nbsp;12\u00b0C,&nbsp;28\u00b0C<\/h4>\n\n\n\n<p>Az bulutlu ve a\u00e7\u0131k<\/p>\n\n\n\n<h4>ESK\u0130\u015eEH\u0130R&nbsp;12\u00b0C,&nbsp;31\u00b0C<\/h4>\n\n\n\n<p>Az bulutlu ve a\u00e7\u0131k<\/p>\n\n\n\n<h4>KONYA&nbsp;13\u00b0C,&nbsp;29\u00b0C<\/h4>\n\n\n\n<p>Az bulutlu ve a\u00e7\u0131k<\/p>\n\n\n\n<h4>S\u0130VAS&nbsp;7\u00b0C,&nbsp;24\u00b0C<\/h4>\n\n\n\n<p>Az bulutlu ve a\u00e7\u0131k<\/p>\n\n\n\n<h3>BATI KARADEN\u0130Z<\/h3>\n\n\n\n<p>Par\u00e7al\u0131 ve az bulutlu ge\u00e7ece\u011fi tahmin ediliyor.<\/p>\n\n\n\n<h4>BOLU&nbsp;10\u00b0C,&nbsp;30\u00b0C<\/h4>\n\n\n\n<p>Az bulutlu<\/p>\n\n\n\n<h4>D\u00dcZCE&nbsp;14\u00b0C,&nbsp;34\u00b0C<\/h4>\n\n\n\n<p>Az bulutlu<\/p>\n\n\n\n<h4>KASTAMONU&nbsp;12\u00b0C,&nbsp;28\u00b0C<\/h4>\n\n\n\n<p>Par\u00e7al\u0131 ve az bulutlu<\/p>\n\n\n\n<h4>ZONGULDAK&nbsp;16\u00b0C,&nbsp;27\u00b0C<\/h4>\n\n\n\n<p>Par\u00e7al\u0131 ve az bulutlu<\/p>\n\n\n\n<h3>ORTA ve DO\u011eU KARADEN\u0130Z<\/h3>\n\n\n\n<p>Par\u00e7al\u0131, yer yer \u00e7ok bulutlu, b\u00f6lgenin do\u011fusunun yar\u0131n (Pazartesi) sa\u011fanak ve g\u00f6k g\u00fcr\u00fclt\u00fcl\u00fc sa\u011fanak ya\u011f\u0131\u015fl\u0131 ge\u00e7ece\u011fi tahmin ediliyor. Ya\u011f\u0131\u015flar\u0131n Rize il geneli ile Trabzon&#8217;un do\u011fu, Artvin&#8217;in k\u0131y\u0131 kesimlerinde yerel kuvvetli olmas\u0131 beklenmektedir.<\/p>\n\n\n\n<h4>AMASYA&nbsp;13\u00b0C,&nbsp;29\u00b0C<\/h4>\n\n\n\n<p>Par\u00e7al\u0131 bulutlu<\/p>\n\n\n\n<h4>R\u0130ZE&nbsp;18\u00b0C,&nbsp;25\u00b0C<\/h4>\n\n\n\n<p>Par\u00e7al\u0131, yer yer \u00e7ok bulutlu, aral\u0131kl\u0131 sa\u011fanak ve g\u00f6k g\u00fcr\u00fclt\u00fcl\u00fc sa\u011fanak ya\u011f\u0131\u015fl\u0131. Yar\u0131n (Pazartesi) \u00f6\u011fle saatlerinde ya\u011f\u0131\u015flar\u0131n yerel kuvvetli olmas\u0131 bekleniyor.<\/p>\n\n\n\n<h4>SAMSUN&nbsp;16\u00b0C,&nbsp;25\u00b0C<\/h4>\n\n\n\n<p>Par\u00e7al\u0131 bulutlu<\/p>\n\n\n\n<h4>TRABZON&nbsp;20\u00b0C,&nbsp;24\u00b0C<\/h4>\n\n\n\n<p>Par\u00e7al\u0131, yer yer \u00e7ok bulutlu, aral\u0131kl\u0131 sa\u011fanak ve g\u00f6k g\u00fcr\u00fclt\u00fcl\u00fc sa\u011fanak ya\u011f\u0131\u015fl\u0131. Do\u011fu \u00e7evrelerinde yar\u0131n (Pazartesi) \u00f6\u011fle saatlerinde ya\u011f\u0131\u015flar\u0131n yerel kuvvetli olmas\u0131 bekleniyor.<\/p>\n\n\n\n<h3>DO\u011eU ANADOLU<\/h3>\n\n\n\n<p>Par\u00e7al\u0131 ve az bulutlu, b\u00f6lgenin do\u011fusunun yer yer \u00e7ok bulutlu, Erzurum, Ardahan, Kars, I\u011fd\u0131r, A\u011fr\u0131 ve Van \u00e7evreleri ile Mu\u015f&#8217;un do\u011fu kesimlerinin yerel sa\u011fanak ve g\u00f6k g\u00fcr\u00fclt\u00fcl\u00fc sa\u011fanak ya\u011f\u0131\u015fl\u0131 ge\u00e7ece\u011fi tahmin ediliyor.<\/p>\n\n\n\n<h4>ERZURUM&nbsp;5\u00b0C,&nbsp;18\u00b0C<\/h4>\n\n\n\n<p>Par\u00e7al\u0131, yer yer \u00e7ok bulutlu, \u00f6\u011fle saatlerinde yerel sa\u011fanak ve g\u00f6k g\u00fcr\u00fclt\u00fcl\u00fc sa\u011fanak ya\u011f\u0131\u015fl\u0131<\/p>\n\n\n\n<h4>KARS&nbsp;5\u00b0C,&nbsp;17\u00b0C<\/h4>\n\n\n\n<p>Par\u00e7al\u0131, yer yer \u00e7ok bulutlu, \u00f6\u011fle saatlerinde yerel sa\u011fanak ve g\u00f6k g\u00fcr\u00fclt\u00fcl\u00fc sa\u011fanak ya\u011f\u0131\u015fl\u0131<\/p>\n\n\n\n<h4>MALATYA&nbsp;11\u00b0C,&nbsp;26\u00b0C<\/h4>\n\n\n\n<p>Par\u00e7al\u0131 ve az bulutlu<\/p>\n\n\n\n<h4>VAN&nbsp;7\u00b0C,&nbsp;17\u00b0C<\/h4>\n\n\n\n<p>Par\u00e7al\u0131, yer yer \u00e7ok bulutlu, \u00f6\u011fle saatlerinde yerel sa\u011fanak ve g\u00f6k g\u00fcr\u00fclt\u00fcl\u00fc sa\u011fanak ya\u011f\u0131\u015fl\u0131<\/p>\n\n\n\n<h3>G\u00dcNEYDO\u011eU ANADOLU<\/h3>\n\n\n\n<p>Az bulutlu ve a\u00e7\u0131k ge\u00e7ece\u011fi tahmin ediliyor.<\/p>\n\n\n\n<h4>D\u0130YARBAKIR&nbsp;15\u00b0C,&nbsp;28\u00b0C<\/h4>\n\n\n\n<p>Az bulutlu ve a\u00e7\u0131k<\/p>\n\n\n\n<h4>GAZ\u0130ANTEP&nbsp;17\u00b0C,&nbsp;31\u00b0C<\/h4>\n\n\n\n<p>Az bulutlu ve a\u00e7\u0131k<\/p>\n\n\n\n<h4>S\u0130\u0130RT&nbsp;16\u00b0C,&nbsp;30\u00b0C<\/h4>\n\n\n\n<p>Az bulutlu ve a\u00e7\u0131k<\/p>\n\n\n\n<h4>\u015eANLIURFA&nbsp;19\u00b0C,&nbsp;33\u00b0C<\/h4>\n\n\n\n<p>Az bulutlu ve a\u00e7\u0131k<\/p>\n\n\n\n<h2>DEN\u0130ZLERDE HAVA<\/h2>\n\n\n\n<p>F\u0131rt\u0131na beklenmiyor.<\/p>\n\n\n\n<h3>KARADEN\u0130Z<\/h3>\n\n\n\n<p>Hava Durumu: Par\u00e7al\u0131 ve az bulutlu, Do\u011fu Karadeniz\u2019in do\u011fusu sa\u011fanak ve g\u00f6k g\u00fcr\u00fclt\u00fcl\u00fc sa\u011fanak ya\u011f\u0131\u015fl\u0131, R\u00fczgar: Bat\u0131 Karadeniz\u2019de do\u011fu ve g\u00fcneydo\u011fudan 3 ila 5 (20-40 km\/sa); Do\u011fu Karadeniz\u2019de kuzey ve kuzeybat\u0131dan 2 ila 4 (10-30 km\/sa), do\u011fusunda 5 (40 km\/sa) kuvvetinde; Dalga: 0,5 ila 1,5 m; G\u00f6r\u00fc\u015f: \u0130yi, ya\u011f\u0131\u015f an\u0131nda orta.<\/p>\n\n\n\n<h3>MARMARA<\/h3>\n\n\n\n<p>Hava Durumu: Az bulutlu a\u00e7\u0131k, R\u00fczgar: Do\u011fu ve g\u00fcneydo\u011fudan 2 ila 4 (10-30 km\/sa) kuvvetinde, Dalga: 0,5 ila 1,5m, G\u00f6r\u00fc\u015f: \u0130yi.<\/p>\n\n\n\n<h3>EGE<\/h3>\n\n\n\n<p>Hava Durumu: Az bulutlu ve a\u00e7\u0131k; R\u00fczgar: Kuzey Ege&#8217;de g\u00fcneydo\u011fudan 3 ila 5 (20-40 km\/sa), G\u00fcney Ege\u2019de bat\u0131dan 2 ila 4 (10-30km\/sa) kuvvetinde; Dalga: 0,5 ila 1,5m, G\u00f6r\u00fc\u015f: \u0130yi.<\/p>\n\n\n\n<h3>AKDEN\u0130Z<\/h3>\n\n\n\n<p>Hava Durumu: Az bulutlu a\u00e7\u0131k; R\u00fczgar: Bat\u0131 g\u00fcneybat\u0131, gece saatlerinde kuzeydo\u011fudan 3 ila 5 (20-40 km\/sa) kuvvetinde; Dalga: 1,0 ila 2,0m, G\u00f6r\u00fc\u015f: \u0130yi.<\/p>\n\n\n\n<h3>VAN G\u00d6L\u00dc<\/h3>\n\n\n\n<p>Hava Durumu: Par\u00e7al\u0131 az bulutlu; R\u00fczgar: Kuzeydo\u011fudan, \u00f6\u011fle saatlerinden sonra g\u00fcneybat\u0131dan 3 ila 5 (20-40 km\/sa) kuvvetinde; Dalga: 0,25 ila 0,75 m; G\u00f6r\u00fc\u015f: \u0130yi.<\/p>\n","protected":false},"excerpt":{"rendered":"<p>Meteoroloji Genel M\u00fcd\u00fcrl\u00fc\u011f\u00fc a\u00e7\u0131klad\u0131 MARMARA Az bulutlu, bat\u0131s\u0131n\u0131n yer yer par\u00e7al\u0131 bulutlu ge\u00e7ece\u011fi tahmin ediliyor. B\u00f6lgenin bat\u0131s\u0131nda toz ta\u015f\u0131n\u0131m\u0131 g\u00f6r\u00fclmesi bekleniyor. BURSA&nbsp;19\u00b0C,&nbsp;34\u00b0C Az bulutlu \u0130STANBUL&nbsp;17\u00b0C,&nbsp;29\u00b0C Az bulutlu KIRKLAREL\u0130&nbsp;16\u00b0C,&nbsp;32\u00b0C Par\u00e7al\u0131 ve az bulutlu KOCAEL\u0130&nbsp;20\u00b0C,&nbsp;33\u00b0C Az bulutlu EGE Az bulutlu ve a\u00e7\u0131k ge\u00e7ece\u011fi tahmin ediliyor. K\u0131y\u0131 kesimlerinde toz ta\u015f\u0131n\u0131m\u0131 g\u00f6r\u00fclmesi bekleniyor. AFYONKARAH\u0130SAR&nbsp;12\u00b0C,&nbsp;29\u00b0C Az bulutlu ve a\u00e7\u0131k \u0130ZM\u0130R&nbsp;23\u00b0C,&nbsp;34\u00b0C &hellip;<\/p>\n","protected":false},"author":1,"featured_media":0,"comment_status":"open","ping_status":"open","sticky":false,"template":"","format":"standard","meta":[],"categories":[5],"tags":[],"_links":{"self":[{"href":"http:\/\/www.habertelgraf.com\/index.php?rest_route=\/wp\/v2\/posts\/333"}],"collection":[{"href":"http:\/\/www.habertelgraf.com\/index.php?rest_route=\/wp\/v2\/posts"}],"about":[{"href":"http:\/\/www.habertelgraf.com\/index.php?rest_route=\/wp\/v2\/types\/post"}],"author":[{"embeddable":true,"href":"http:\/\/www.habertelgraf.com\/index.php?rest_route=\/wp\/v2\/users\/1"}],"replies":[{"embeddable":true,"href":"http:\/\/www.habertelgraf.com\/index.php?rest_route=%2Fwp%2Fv2%2Fcomments&post=333"}],"version-history":[{"count":1,"href":"http:\/\/www.habertelgraf.com\/index.php?rest_route=\/wp\/v2\/posts\/333\/revisions"}],"predecessor-version":[{"id":334,"href":"http:\/\/www.habertelgraf.com\/index.php?rest_route=\/wp\/v2\/posts\/333\/revisions\/334"}],"wp:attachment":[{"href":"http:\/\/www.habertelgraf.com\/index.php?rest_route=%2Fwp%2Fv2%2Fmedia&parent=333"}],"wp:term":[{"taxonomy":"category","embeddable":true,"href":"http:\/\/www.habertelgraf.com\/index.php?rest_route=%2Fwp%2Fv2%2Fcategories&post=333"},{"taxonomy":"post_tag","embeddable":true,"href":"http:\/\/www.habertelgraf.com\/index.php?rest_route=%2Fwp%2Fv2%2Ftags&post=333"}],"curies":[{"name":"wp","href":"https:\/\/api.w.org\/{rel}","templated":true}]}}