{"id":338,"date":"2020-10-05T00:06:52","date_gmt":"2020-10-04T21:06:52","guid":{"rendered":"http:\/\/www.habertelgraf.com\/?p=338"},"modified":"2020-10-05T00:06:52","modified_gmt":"2020-10-04T21:06:52","slug":"erdogan-sarrac-gorusmesinden-notlar","status":"publish","type":"post","link":"http:\/\/www.habertelgraf.com\/?p=338","title":{"rendered":"Erdo\u011fan &#8211; Sarrac g\u00f6r\u00fc\u015fmesinden notlar"},"content":{"rendered":"\n<p><em>Cumhurba\u015fkan\u0131 Recep Tayyip Erdo\u011fan, Libya Ulusal Mutabakat H\u00fck\u00fcmeti Ba\u015fkanl\u0131k Konseyi Ba\u015fkan\u0131 Fayiz Es-Serrac ve beraberindeki heyeti kabul etti.<\/em><\/p>\n\n\n\n<p>\u0130leti\u015fim Ba\u015fkanl\u0131\u011f\u0131ndan yap\u0131lan a\u00e7\u0131klamaya g\u00f6re, Vahdettin K\u00f6\u015fk\u00fcnde ger\u00e7ekle\u015fen kabulde, ikili ili\u015fkiler ve b\u00f6lgesel geli\u015fmeler ele al\u0131nd\u0131.<\/p>\n\n\n\n<p><em>Cumhurba\u015fkan\u0131 Erdo\u011fan,<\/em> kabulde, T\u00fcrkiye\u2019nin tam bir dayan\u0131\u015fma i\u00e7inde Libya\u2019n\u0131n yan\u0131nda olmaya devam edece\u011fini belirterek, Libya\u2019n\u0131n tek me\u015fru temsilcisi olan Ulusal Mutabakat H\u00fck\u00fcmeti ile ili\u015fkileri g\u00fc\u00e7lendirme gayreti i\u00e7inde olduklar\u0131n\u0131 ifade etti.<\/p>\n\n\n\n<p>T\u00fcrkiye ve Libya aras\u0131nda imzalanan Deniz Yetki Alanlar\u0131n\u0131n S\u0131n\u0131rland\u0131r\u0131lmas\u0131na \u0130li\u015fkin Mutabakat Muht\u0131ras\u0131n\u0131n Birle\u015fmi\u015f Milletler taraf\u0131ndan da tescil edilmesinin sevindirici bir geli\u015fme oldu\u011funu belirten <em>Cumhurba\u015fkan\u0131 Erdo\u011fan,<\/em> Libya\u2019n\u0131n istikrar\u0131 ve Libyal\u0131lar\u0131n refah\u0131 i\u00e7in her t\u00fcrl\u00fc deste\u011fi s\u00fcrd\u00fcrmeye haz\u0131r olduklar\u0131n\u0131 dile getirdi.<\/p>\n\n\n\n<p>Kabulde, D\u0131\u015fi\u015fleri Bakan\u0131 Mevl\u00fct \u00c7avu\u015fo\u011flu, Hazine ve Maliye Bakan\u0131 Berat Albayrak, \u0130\u00e7i\u015fleri Bakan\u0131 S\u00fcleyman Soylu, Milli Savunma Bakan\u0131 Hulusi Akar, Milli \u0130stihbarat Te\u015fkilat\u0131 Ba\u015fkan\u0131 Hakan Fidan, \u0130leti\u015fim Ba\u015fkan\u0131 Fahrettin Altun, Cumhurba\u015fkanl\u0131\u011f\u0131 S\u00f6zc\u00fcs\u00fc \u0130brahim Kal\u0131n, AK Parti S\u00f6zc\u00fcs\u00fc \u00d6mer \u00c7elik ve Cumhurba\u015fkan\u0131 Ba\u015fdan\u0131\u015fman\u0131 Sefer Turan haz\u0131r bulundu.<\/p>\n\n\n\n<p>Libya heyetinde ise D\u0131\u015fi\u015fleri Bakan\u0131 Muhammed Tahir Siyala, Planlama Bakan\u0131 Tahir El Cuheymi, \u0130\u00e7i\u015fleri Bakan\u0131 Fethi Ba\u015fa\u011fa, Savunma Bakan\u0131 Salah Nemru\u015f, Maliye Bakan\u0131 Faraj Abumtari ve Milli G\u00fcvenlik Dan\u0131\u015fman\u0131 Taceddin Muhammed Rezzaki yer ald\u0131.<\/p>\n","protected":false},"excerpt":{"rendered":"<p>Cumhurba\u015fkan\u0131 Recep Tayyip Erdo\u011fan, Libya Ulusal Mutabakat H\u00fck\u00fcmeti Ba\u015fkanl\u0131k Konseyi Ba\u015fkan\u0131 Fayiz Es-Serrac ve beraberindeki heyeti kabul etti. \u0130leti\u015fim Ba\u015fkanl\u0131\u011f\u0131ndan yap\u0131lan a\u00e7\u0131klamaya g\u00f6re, Vahdettin K\u00f6\u015fk\u00fcnde ger\u00e7ekle\u015fen kabulde, ikili ili\u015fkiler ve b\u00f6lgesel geli\u015fmeler ele al\u0131nd\u0131. Cumhurba\u015fkan\u0131 Erdo\u011fan, kabulde, T\u00fcrkiye\u2019nin tam bir dayan\u0131\u015fma i\u00e7inde Libya\u2019n\u0131n yan\u0131nda olmaya devam edece\u011fini belirterek, Libya\u2019n\u0131n tek me\u015fru temsilcisi olan Ulusal Mutabakat &hellip;<\/p>\n","protected":false},"author":1,"featured_media":61,"comment_status":"open","ping_status":"open","sticky":false,"template":"","format":"standard","meta":[],"categories":[1],"tags":[],"_links":{"self":[{"href":"http:\/\/www.habertelgraf.com\/index.php?rest_route=\/wp\/v2\/posts\/338"}],"collection":[{"href":"http:\/\/www.habertelgraf.com\/index.php?rest_route=\/wp\/v2\/posts"}],"about":[{"href":"http:\/\/www.habertelgraf.com\/index.php?rest_route=\/wp\/v2\/types\/post"}],"author":[{"embeddable":true,"href":"http:\/\/www.habertelgraf.com\/index.php?rest_route=\/wp\/v2\/users\/1"}],"replies":[{"embeddable":true,"href":"http:\/\/www.habertelgraf.com\/index.php?rest_route=%2Fwp%2Fv2%2Fcomments&post=338"}],"version-history":[{"count":1,"href":"http:\/\/www.habertelgraf.com\/index.php?rest_route=\/wp\/v2\/posts\/338\/revisions"}],"predecessor-version":[{"id":339,"href":"http:\/\/www.habertelgraf.com\/index.php?rest_route=\/wp\/v2\/posts\/338\/revisions\/339"}],"wp:featuredmedia":[{"embeddable":true,"href":"http:\/\/www.habertelgraf.com\/index.php?rest_route=\/wp\/v2\/media\/61"}],"wp:attachment":[{"href":"http:\/\/www.habertelgraf.com\/index.php?rest_route=%2Fwp%2Fv2%2Fmedia&parent=338"}],"wp:term":[{"taxonomy":"category","embeddable":true,"href":"http:\/\/www.habertelgraf.com\/index.php?rest_route=%2Fwp%2Fv2%2Fcategories&post=338"},{"taxonomy":"post_tag","embeddable":true,"href":"http:\/\/www.habertelgraf.com\/index.php?rest_route=%2Fwp%2Fv2%2Ftags&post=338"}],"curies":[{"name":"wp","href":"https:\/\/api.w.org\/{rel}","templated":true}]}}