{"id":343,"date":"2020-10-07T09:17:28","date_gmt":"2020-10-07T06:17:28","guid":{"rendered":"http:\/\/www.habertelgraf.com\/?p=343"},"modified":"2020-10-07T09:17:29","modified_gmt":"2020-10-07T06:17:29","slug":"sonbahar-kis-operasyonlariyla-teroristlere-goz-actirilmayacak","status":"publish","type":"post","link":"http:\/\/www.habertelgraf.com\/?p=343","title":{"rendered":"Sonbahar-k\u0131\u015f operasyonlar\u0131yla ter\u00f6ristlere g\u00f6z a\u00e7t\u0131r\u0131lmayacak"},"content":{"rendered":"\n<p><\/p>\n\n\n\n<p>B\u00f6l\u00fcc\u00fc ter\u00f6r \u00f6rg\u00fct\u00fcne y\u00f6nelik sonbahar- k\u0131\u015f operasyonlar\u0131 1 Ekim\u2019de ba\u015flad\u0131<\/p>\n\n\n\n<p>Jandarma Komando, Jandarma \u00d6zel Harekat (J\u00d6H), Polis \u00d6zel Harekat (P\u00d6H) ve G\u00fcvenlik Korucular\u0131n\u0131n yer ald\u0131\u011f\u0131 operasyonlar 15 Nisan&#8217;a kadar s\u00fcrecek<\/p>\n\n\n\n<p>Sonbahar-k\u0131\u015f operasyonlar\u0131n\u0131n stratejisi, istihbarata dayal\u0131 nokta operasyonlarla \u00f6rg\u00fct\u00fcn t\u00fcm lojistik ikmal kanallar\u0131n\u0131 kesmek, k\u0131\u015f \u00fcslenmesini engellemek ve \u00f6rg\u00fct mensuplar\u0131n\u0131n teslim olmas\u0131n\u0131 sa\u011flamak olarak belirlendi<\/p>\n\n\n\n<p>\u0130\u00e7i\u015fleri Bakanl\u0131\u011f\u0131, istihbarata dayal\u0131 nokta operasyonlarla b\u00f6l\u00fcc\u00fc ter\u00f6r \u00f6rg\u00fct\u00fcn\u00fcn t\u00fcm lojistik ikmal kanallar\u0131n\u0131 kesmek, k\u0131\u015f \u00fcslenmesini engellemek ve \u00f6rg\u00fct mensuplar\u0131n\u0131n teslim olmas\u0131n\u0131 sa\u011flamak amac\u0131yla sonbahar-k\u0131\u015f operasyonlar\u0131n\u0131 ba\u015flatt\u0131.<\/p>\n\n\n\n<p>Jandarma Komando, Jandarma \u00d6zel Harekat (J\u00d6H), Polis \u00d6zel Harekat (P\u00d6H) ve g\u00fcvenlik korucular\u0131n\u0131n yer ald\u0131\u011f\u0131 operasyonlar 15 Nisan&#8217;a kadar s\u00fcrecek. Bu s\u00fcre boyunca b\u00fcy\u00fck, orta, k\u00fc\u00e7\u00fck \u00e7apl\u0131 olmak \u00fczere 7 bin 424 planl\u0131 operasyon ger\u00e7ekle\u015ftirecek.<\/p>\n\n\n\n<h2>346 ter\u00f6rist etkisiz hale getirildi<\/h2>\n\n\n\n<p>\u0130\u00e7i\u015fleri Bakanl\u0131\u011f\u0131, 15 Nisan-30 Eyl\u00fcl tarihleri aras\u0131nda ger\u00e7ekle\u015ftirdi\u011fi ilkbahar-yaz operasyonlar\u0131yla da b\u00f6l\u00fcc\u00fc ter\u00f6r \u00f6rg\u00fct\u00fcne nefes ald\u0131rmad\u0131.<\/p>\n\n\n\n<p>\u0130lkbahar-yaz d\u00f6neminde 5 bin 981 operasyon planlanmas\u0131na ra\u011fmen bu say\u0131n\u0131n \u00fczerine \u00e7\u0131k\u0131ld\u0131. 8 bin 523 operasyon d\u00fczenlenerek planlanan\u0131n da \u00fczerinde y\u00fczde 143 ger\u00e7ekle\u015ftirme oran\u0131 sa\u011fland\u0131.<\/p>\n\n\n\n<p>Bu operasyonlarda, 145&#8217;i ikna, teslim ve yakalama olmak olmak \u00fczere 346 ter\u00f6r \u00f6rg\u00fct\u00fc mensubu etkisiz hale getirildi.<\/p>\n\n\n\n<p>Operasyonlarda 442 s\u0131\u011f\u0131nak ve ma\u011farada imha edilirken, 246 May\u0131n\/el yap\u0131m\u0131 patlay\u0131c\u0131 (EYP), 282 silah, 233 el bombas\u0131 ile \u00e7ok say\u0131da m\u00fchimmat ve ya\u015fam malzemesi de ele ge\u00e7irildi.<\/p>\n","protected":false},"excerpt":{"rendered":"<p>B\u00f6l\u00fcc\u00fc ter\u00f6r \u00f6rg\u00fct\u00fcne y\u00f6nelik sonbahar- k\u0131\u015f operasyonlar\u0131 1 Ekim\u2019de ba\u015flad\u0131 Jandarma Komando, Jandarma \u00d6zel Harekat (J\u00d6H), Polis \u00d6zel Harekat (P\u00d6H) ve G\u00fcvenlik Korucular\u0131n\u0131n yer ald\u0131\u011f\u0131 operasyonlar 15 Nisan&#8217;a kadar s\u00fcrecek Sonbahar-k\u0131\u015f operasyonlar\u0131n\u0131n stratejisi, istihbarata dayal\u0131 nokta operasyonlarla \u00f6rg\u00fct\u00fcn t\u00fcm lojistik ikmal kanallar\u0131n\u0131 kesmek, k\u0131\u015f \u00fcslenmesini engellemek ve \u00f6rg\u00fct mensuplar\u0131n\u0131n teslim olmas\u0131n\u0131 sa\u011flamak olarak belirlendi \u0130\u00e7i\u015fleri &hellip;<\/p>\n","protected":false},"author":1,"featured_media":53,"comment_status":"open","ping_status":"open","sticky":false,"template":"","format":"standard","meta":[],"categories":[1],"tags":[],"_links":{"self":[{"href":"http:\/\/www.habertelgraf.com\/index.php?rest_route=\/wp\/v2\/posts\/343"}],"collection":[{"href":"http:\/\/www.habertelgraf.com\/index.php?rest_route=\/wp\/v2\/posts"}],"about":[{"href":"http:\/\/www.habertelgraf.com\/index.php?rest_route=\/wp\/v2\/types\/post"}],"author":[{"embeddable":true,"href":"http:\/\/www.habertelgraf.com\/index.php?rest_route=\/wp\/v2\/users\/1"}],"replies":[{"embeddable":true,"href":"http:\/\/www.habertelgraf.com\/index.php?rest_route=%2Fwp%2Fv2%2Fcomments&post=343"}],"version-history":[{"count":1,"href":"http:\/\/www.habertelgraf.com\/index.php?rest_route=\/wp\/v2\/posts\/343\/revisions"}],"predecessor-version":[{"id":344,"href":"http:\/\/www.habertelgraf.com\/index.php?rest_route=\/wp\/v2\/posts\/343\/revisions\/344"}],"wp:featuredmedia":[{"embeddable":true,"href":"http:\/\/www.habertelgraf.com\/index.php?rest_route=\/wp\/v2\/media\/53"}],"wp:attachment":[{"href":"http:\/\/www.habertelgraf.com\/index.php?rest_route=%2Fwp%2Fv2%2Fmedia&parent=343"}],"wp:term":[{"taxonomy":"category","embeddable":true,"href":"http:\/\/www.habertelgraf.com\/index.php?rest_route=%2Fwp%2Fv2%2Fcategories&post=343"},{"taxonomy":"post_tag","embeddable":true,"href":"http:\/\/www.habertelgraf.com\/index.php?rest_route=%2Fwp%2Fv2%2Ftags&post=343"}],"curies":[{"name":"wp","href":"https:\/\/api.w.org\/{rel}","templated":true}]}}