{"id":350,"date":"2020-10-11T00:46:22","date_gmt":"2020-10-10T21:46:22","guid":{"rendered":"http:\/\/www.habertelgraf.com\/?p=350"},"modified":"2020-10-11T00:46:22","modified_gmt":"2020-10-10T21:46:22","slug":"foreks-piyasasinda-oynayanlari-ilgilendiren-bir-haber","status":"publish","type":"post","link":"http:\/\/www.habertelgraf.com\/?p=350","title":{"rendered":"Foreks piyasas\u0131nda oynayanlar\u0131 ilgilendiren bir haber"},"content":{"rendered":"\n<h2>\u0130hracat Birim De\u011fer Endeksi Artt\u0131<\/h2>\n\n\n\n<p>\u0130hracat birim de\u011fer endeksi A\u011fustos ay\u0131nda bir \u00f6nceki y\u0131l\u0131n ayn\u0131 ay\u0131na g\u00f6re %0,9 artt\u0131.<\/p>\n\n\n\n<p><\/p>\n\n\n\n<p>\u0130hracat birim de\u011fer endeksi A\u011fustos ay\u0131nda bir \u00f6nceki y\u0131l\u0131n ayn\u0131 ay\u0131na g\u00f6re %0,9 artt\u0131. Endeks bir \u00f6nceki y\u0131l\u0131n ayn\u0131 ay\u0131na g\u00f6re, g\u0131da, i\u00e7ecek ve t\u00fct\u00fcnde %2,6 ve imalat sanayinde (g\u0131da, i\u00e7ecek, t\u00fct\u00fcn hari\u00e7) %1,5 artarken, ham maddelerde (yak\u0131t hari\u00e7) %1,2 ve yak\u0131tlarda %29,8 azald\u0131.<\/p>\n\n\n\n<p>\u0130hracat miktar endeksi %6,8 azald\u0131<\/p>\n\n\n\n<p>\u0130hracat miktar endeksi A\u011fustos ay\u0131nda bir \u00f6nceki y\u0131l\u0131n ayn\u0131 ay\u0131na g\u00f6re %6,8 azald\u0131. Endeks bir \u00f6nceki y\u0131l\u0131n ayn\u0131 ay\u0131na g\u00f6re, g\u0131da, i\u00e7ecek ve t\u00fct\u00fcnde %7,0 ve ham maddelerde (yak\u0131t hari\u00e7) %5,3 artarken, yak\u0131tlarda %50,5 ve imalat sanayinde (g\u0131da, i\u00e7ecek, t\u00fct\u00fcn hari\u00e7) %4,5 azald\u0131.<\/p>\n\n\n\n<p>\u0130thalat birim de\u011fer endeksi %3,5 azald\u0131<\/p>\n\n\n\n<p>\u0130thalat birim de\u011fer endeksi A\u011fustos ay\u0131nda bir \u00f6nceki y\u0131l\u0131n ayn\u0131 ay\u0131na g\u00f6re %3,5 azald\u0131. Endeks bir \u00f6nceki y\u0131l\u0131n ayn\u0131 ay\u0131na g\u00f6re, g\u0131da, i\u00e7ecek ve t\u00fct\u00fcnde %0,9 artarken, ham maddelerde (yak\u0131t hari\u00e7) %10,4, yak\u0131tlarda %30,2 ve imalat sanayinde (g\u0131da, i\u00e7ecek, t\u00fct\u00fcn hari\u00e7) %1,6 azald\u0131.<\/p>\n\n\n\n<p>\u0130thalat miktar endeksi %24,7 artt\u0131<\/p>\n\n\n\n<p>\u0130thalat miktar endeksi A\u011fustos ay\u0131nda bir \u00f6nceki y\u0131l\u0131n ayn\u0131 ay\u0131na g\u00f6re %24,7 artt\u0131. Endeks bir \u00f6nceki y\u0131l\u0131n ayn\u0131 ay\u0131na g\u00f6re, g\u0131da, i\u00e7ecek ve t\u00fct\u00fcnde %7,9 ve yak\u0131tlarda %12,2 azal\u0131rken, ham maddelerde (yak\u0131t hari\u00e7) %16,1 ve imalat sanayinde (g\u0131da, i\u00e7ecek, t\u00fct\u00fcn hari\u00e7) %14,5 artt\u0131.<\/p>\n\n\n\n<p>Mevsim ve takvim etkilerinden ar\u0131nd\u0131r\u0131lm\u0131\u015f ihracat miktar endeksi %8,8 azald\u0131<\/p>\n\n\n\n<p>Mevsim ve takvim etkilerinden ar\u0131nd\u0131r\u0131lm\u0131\u015f seriye g\u00f6re; 2020 Temmuz ay\u0131nda 165,6 olan ihracat miktar endeksi %8,8 azalarak, 2020 A\u011fustos ay\u0131nda 150,9 oldu. Takvim etkilerinden ar\u0131nd\u0131r\u0131lm\u0131\u015f seriye g\u00f6re ise; 2019 A\u011fustos ay\u0131nda 158,8 olan ihracat miktar endeksi %8,4 azalarak, 2020 A\u011fustos ay\u0131nda 145,4 oldu. Mevsim ve takvim etkilerinden ar\u0131nd\u0131r\u0131lm\u0131\u015f ithalat miktar endeksi %6,6 artt\u0131 Mevsim ve takvim etkilerinden ar\u0131nd\u0131r\u0131lm\u0131\u015f seriye g\u00f6re; 2020 Temmuz ay\u0131nda 134,0 olan ithalat miktar endeksi %6,6 artarak, 2020 A\u011fustos ay\u0131nda 142,9 oldu. Takvim etkilerinden ar\u0131nd\u0131r\u0131lm\u0131\u015f seriye g\u00f6re ise; 2019 A\u011fustos ay\u0131nda 119,7 olan ithalat miktar endeksi %18,2 artarak, 2020 A\u011fustos ay\u0131nda 141,5 oldu. D\u0131\u015f ticaret haddi 2020 y\u0131l\u0131 A\u011fustos ay\u0131nda 108,3 olarak ger\u00e7ekle\u015fti \u0130hracat birim de\u011fer endeksinin ithalat birim de\u011fer endeksine b\u00f6l\u00fcnmesiyle hesaplanan ve 2019 y\u0131l\u0131 A\u011fustos ay\u0131nda 103,5 olarak elde edilmi\u015f olan d\u0131\u015f ticaret haddi, 4,8 puan artarak, 2020 y\u0131l\u0131 A\u011fustos ay\u0131nda 108,3 oldu.<\/p>\n","protected":false},"excerpt":{"rendered":"<p>\u0130hracat Birim De\u011fer Endeksi Artt\u0131 \u0130hracat birim de\u011fer endeksi A\u011fustos ay\u0131nda bir \u00f6nceki y\u0131l\u0131n ayn\u0131 ay\u0131na g\u00f6re %0,9 artt\u0131. \u0130hracat birim de\u011fer endeksi A\u011fustos ay\u0131nda bir \u00f6nceki y\u0131l\u0131n ayn\u0131 ay\u0131na g\u00f6re %0,9 artt\u0131. Endeks bir \u00f6nceki y\u0131l\u0131n ayn\u0131 ay\u0131na g\u00f6re, g\u0131da, i\u00e7ecek ve t\u00fct\u00fcnde %2,6 ve imalat sanayinde (g\u0131da, i\u00e7ecek, t\u00fct\u00fcn hari\u00e7) %1,5 artarken, ham &hellip;<\/p>\n","protected":false},"author":1,"featured_media":0,"comment_status":"open","ping_status":"open","sticky":false,"template":"","format":"standard","meta":[],"categories":[3],"tags":[],"_links":{"self":[{"href":"http:\/\/www.habertelgraf.com\/index.php?rest_route=\/wp\/v2\/posts\/350"}],"collection":[{"href":"http:\/\/www.habertelgraf.com\/index.php?rest_route=\/wp\/v2\/posts"}],"about":[{"href":"http:\/\/www.habertelgraf.com\/index.php?rest_route=\/wp\/v2\/types\/post"}],"author":[{"embeddable":true,"href":"http:\/\/www.habertelgraf.com\/index.php?rest_route=\/wp\/v2\/users\/1"}],"replies":[{"embeddable":true,"href":"http:\/\/www.habertelgraf.com\/index.php?rest_route=%2Fwp%2Fv2%2Fcomments&post=350"}],"version-history":[{"count":1,"href":"http:\/\/www.habertelgraf.com\/index.php?rest_route=\/wp\/v2\/posts\/350\/revisions"}],"predecessor-version":[{"id":351,"href":"http:\/\/www.habertelgraf.com\/index.php?rest_route=\/wp\/v2\/posts\/350\/revisions\/351"}],"wp:attachment":[{"href":"http:\/\/www.habertelgraf.com\/index.php?rest_route=%2Fwp%2Fv2%2Fmedia&parent=350"}],"wp:term":[{"taxonomy":"category","embeddable":true,"href":"http:\/\/www.habertelgraf.com\/index.php?rest_route=%2Fwp%2Fv2%2Fcategories&post=350"},{"taxonomy":"post_tag","embeddable":true,"href":"http:\/\/www.habertelgraf.com\/index.php?rest_route=%2Fwp%2Fv2%2Ftags&post=350"}],"curies":[{"name":"wp","href":"https:\/\/api.w.org\/{rel}","templated":true}]}}